{"id":3980,"date":"2025-02-26T09:53:35","date_gmt":"2025-02-26T09:53:35","guid":{"rendered":"https:\/\/beta.todanelo.com\/?p=3980"},"modified":"2025-07-15T08:26:42","modified_gmt":"2025-07-15T08:26:42","slug":"toda-nelo-refuerza-inmobiliario-david-gomez-cubillo","status":"publish","type":"post","link":"https:\/\/www.todanelo.com\/fr\/noticias\/toda-nelo-refuerza-inmobiliario-david-gomez-cubillo\/","title":{"rendered":"Toda &amp; Nel-lo se refuerza en en inmobiliario con la incorporaci\u00f3n de David G\u00f3mez Cubillo"},"content":{"rendered":"<p>Toda &amp; Nel-lo, despacho multidisciplinar con oficinas en Barcelona y Madrid, ha incorporado a <a href=\"https:\/\/www.todanelo.com\/equipo-profesional\/david-gomez-cubillo\">David G\u00f3mez Cubillo<\/a> como nuevo <em>counsel <\/em>de la pr\u00e1ctica de <a href=\"https:\/\/www.todanelo.com\/areas-de-practica\/inmobiliario\">Derecho Inmobiliario<\/a>. G\u00f3mez Cubillo cuenta con m\u00e1s de 15 a\u00f1os de experiencia y est\u00e1 especializado en el \u00e1mbito transaccional y del asesoramiento recurrente.<\/p>\n<p>Posee un amplio bagaje en materia de adquisiciones y enajenaciones de todo tipo de inmuebles (suelos, inmuebles en construcci\u00f3n, inmuebles construidos, inmuebles en rentabilidad, etc.), tanto bajo estructuras de <em>asset deal<\/em> como de <em>share deal<\/em>, <em>sale and lease-backs<\/em>, arrendamientos, derechos de superficie, promoci\u00f3n y construcci\u00f3n inmobiliaria, contratos de obra, contratos de arquitectura e ingenier\u00eda, de <em>project management<\/em>, de <em>asset management<\/em>, etc. Asimismo, ha participado en operaciones <em>cross-border<\/em> y en la realizaci\u00f3n y coordinaci\u00f3n de procesos de <em>due diligence<\/em>. Con anterioridad a su incorporaci\u00f3n a Toda &amp; Nel-lo, desarroll\u00f3 su trayectoria en despachos de primer nivel de \u00e1mbito nacional e internacional.<\/p>\n<p>Con la incorporaci\u00f3n de G\u00f3mez Cubillo, Toda &amp; Nel-lo ampl\u00eda los servicios que ya ven\u00eda prestando en el \u00e1mbito inmobiliario, dot\u00e1ndose de un departamento que trabajar\u00e1 estrechamente con otras \u00e1reas de la firma, como las de Derecho P\u00fablico y Urbanismo, Mercantil y M&amp;A, Fiscal o Litigaci\u00f3n, entre otras.<\/p>\n<p>Jos\u00e9 Mar\u00eda Buxeda, socio de Toda &amp; Nel-lo y miembro de su Consejo de Administraci\u00f3n, comenta: \u201c<em>la incorporaci\u00f3n de David G\u00f3mez Cubillo nos permite reforzar nuestro asesoramiento en inmobiliario en dos plazas cr\u00edticas como son Madrid y Barcelona, y nos pone en una excelente situaci\u00f3n para trasladar a este \u00e1mbito nuestras se\u00f1as de identidad: calidad t\u00e9cnica, excelencia y proximidad con nuestros clientes<\/em>\u201d.<\/p>\n<p>Por su parte, David G\u00f3mez Cubillo se\u00f1ala: \u201c<em>es un orgullo liderar la pr\u00e1ctica de inmobiliario de una firma del prestigio de Toda &amp; Nel-lo. Afronto esta etapa con el objetivo de contribuir al crecimiento del despacho<\/em>\u201d.<\/p>\n<p><u>Enlaces relacionados<\/u><\/p>\n<p><a href=\"https:\/\/www.elconfidencial.com\/juridico\/2025-02-26\/toda-nel-lo-david-gomez-cubillo-inmobiliario_4072837\/\">El Confidencial<\/a><\/p>\n<p><a href=\"https:\/\/cincodias.elpais.com\/legal\/2025-02-26\/toda-nel-lo-ficha-a-david-gomez-cubillo-como-counsel-para-reforzar-su-area-de-inmobiliario.html\">Cinco D\u00edas<\/a><\/p>\n<p><a href=\"https:\/\/www.expansion.com\/juridico\/fichajes\/2025\/02\/26\/67bed269468aeb050c8b45b0.html\">Expansi\u00f3n<\/a><\/p>\n<p><a href=\"https:\/\/brainsre.news\/toda-nel-lo-david-gomez-counsel-inmobiliario\/\">Brains Real Estate News<\/a><\/p>\n","protected":false},"excerpt":{"rendered":"<p>La incorporaci\u00f3n supone una apuesta estrat\u00e9gica de la firma por un \u00e1rea clave en mercados como Madrid y Barcelona. Con el fichaje de G\u00f3mez Cubillo, Toda &#038; Nel-lo ampl\u00eda la oferta existente de servicios para los clientes que operan en el \u00e1mbito inmobiliario y completa el asesoramiento que ya prestaba en el \u00e1mbito urban\u00edstico<\/p>\n","protected":false},"author":1,"featured_media":3981,"comment_status":"closed","ping_status":"closed","sticky":false,"template":"","format":"standard","meta":{"_acf_changed":false,"footnotes":""},"categories":[1],"tags":[],"class_list":["post-3980","post","type-post","status-publish","format-standard","has-post-thumbnail","hentry","category-sin-categorizar"],"acf":[],"yoast_head":"<!-- This site is optimized with the Yoast SEO plugin v27.4 - https:\/\/yoast.com\/product\/yoast-seo-wordpress\/ -->\n<title>Toda &amp; Nel-lo se refuerza en en inmobiliario con la incorporaci\u00f3n de David G\u00f3mez Cubillo - Toda &amp; Nel-lo Abogados<\/title>\n<meta name=\"description\" content=\"La incorporaci\u00f3n supone una apuesta estrat\u00e9gica de la firma por un \u00e1rea clave en mercados como Madrid y Barcelona. Con el fichaje de G\u00f3mez Cubillo, Toda &amp; Nel-lo ampl\u00eda la oferta existente de servicios para los clientes que operan en el \u00e1mbito inmobiliario y completa el asesoramiento que ya prestaba en el \u00e1mbito urban\u00edstico\" \/>\n<meta name=\"robots\" content=\"index, follow, max-snippet:-1, max-image-preview:large, max-video-preview:-1\" \/>\n<link rel=\"canonical\" href=\"https:\/\/www.todanelo.com\/fr\/noticias\/toda-nelo-refuerza-inmobiliario-david-gomez-cubillo\/\" \/>\n<meta property=\"og:locale\" content=\"fr_FR\" \/>\n<meta property=\"og:type\" content=\"article\" \/>\n<meta property=\"og:title\" content=\"Toda &amp; Nel-lo se refuerza en en inmobiliario con la incorporaci\u00f3n de David G\u00f3mez Cubillo - Toda &amp; Nel-lo Abogados\" \/>\n<meta property=\"og:description\" content=\"La incorporaci\u00f3n supone una apuesta estrat\u00e9gica de la firma por un \u00e1rea clave en mercados como Madrid y Barcelona. Con el fichaje de G\u00f3mez Cubillo, Toda &amp; Nel-lo ampl\u00eda la oferta existente de servicios para los clientes que operan en el \u00e1mbito inmobiliario y completa el asesoramiento que ya prestaba en el \u00e1mbito urban\u00edstico\" \/>\n<meta property=\"og:url\" content=\"https:\/\/www.todanelo.com\/fr\/noticias\/toda-nelo-refuerza-inmobiliario-david-gomez-cubillo\/\" \/>\n<meta property=\"og:site_name\" content=\"Toda &amp; Nel-lo Abogados\" \/>\n<meta property=\"article:published_time\" content=\"2025-02-26T09:53:35+00:00\" \/>\n<meta property=\"article:modified_time\" content=\"2025-07-15T08:26:42+00:00\" \/>\n<meta property=\"og:image\" content=\"https:\/\/www.todanelo.com\/wp-content\/uploads\/dgc-jmb-s.jpg\" \/>\n\t<meta property=\"og:image:width\" content=\"2560\" \/>\n\t<meta property=\"og:image:height\" content=\"1920\" \/>\n\t<meta property=\"og:image:type\" content=\"image\/jpeg\" \/>\n<meta name=\"author\" content=\"emfasi\" \/>\n<meta name=\"twitter:card\" content=\"summary_large_image\" \/>\n<meta name=\"twitter:label1\" content=\"\u00c9crit par\" \/>\n\t<meta name=\"twitter:data1\" content=\"emfasi\" \/>\n\t<meta name=\"twitter:label2\" content=\"Dur\u00e9e de lecture estim\u00e9e\" \/>\n\t<meta name=\"twitter:data2\" content=\"2 minutes\" \/>\n<script type=\"application\/ld+json\" class=\"yoast-schema-graph\">{\"@context\":\"https:\\\/\\\/schema.org\",\"@graph\":[{\"@type\":\"Article\",\"@id\":\"https:\\\/\\\/www.todanelo.com\\\/fr\\\/noticias\\\/toda-nelo-refuerza-inmobiliario-david-gomez-cubillo\\\/#article\",\"isPartOf\":{\"@id\":\"https:\\\/\\\/www.todanelo.com\\\/fr\\\/noticias\\\/toda-nelo-refuerza-inmobiliario-david-gomez-cubillo\\\/\"},\"author\":{\"name\":\"emfasi\",\"@id\":\"https:\\\/\\\/www.todanelo.com\\\/fr\\\/#\\\/schema\\\/person\\\/403e6ed9d856044c44f52763ead94c6a\"},\"headline\":\"Toda &amp; Nel-lo se refuerza en en inmobiliario con la incorporaci\u00f3n de David G\u00f3mez Cubillo\",\"datePublished\":\"2025-02-26T09:53:35+00:00\",\"dateModified\":\"2025-07-15T08:26:42+00:00\",\"mainEntityOfPage\":{\"@id\":\"https:\\\/\\\/www.todanelo.com\\\/fr\\\/noticias\\\/toda-nelo-refuerza-inmobiliario-david-gomez-cubillo\\\/\"},\"wordCount\":354,\"publisher\":{\"@id\":\"https:\\\/\\\/www.todanelo.com\\\/fr\\\/#organization\"},\"image\":{\"@id\":\"https:\\\/\\\/www.todanelo.com\\\/fr\\\/noticias\\\/toda-nelo-refuerza-inmobiliario-david-gomez-cubillo\\\/#primaryimage\"},\"thumbnailUrl\":\"https:\\\/\\\/www.todanelo.com\\\/wp-content\\\/uploads\\\/dgc-jmb-s.jpg\",\"articleSection\":[\"Sin categorizar\"],\"inLanguage\":\"fr-FR\"},{\"@type\":\"WebPage\",\"@id\":\"https:\\\/\\\/www.todanelo.com\\\/fr\\\/noticias\\\/toda-nelo-refuerza-inmobiliario-david-gomez-cubillo\\\/\",\"url\":\"https:\\\/\\\/www.todanelo.com\\\/fr\\\/noticias\\\/toda-nelo-refuerza-inmobiliario-david-gomez-cubillo\\\/\",\"name\":\"Toda &amp; Nel-lo se refuerza en en inmobiliario con la incorporaci\u00f3n de David G\u00f3mez Cubillo - Toda &amp; Nel-lo Abogados\",\"isPartOf\":{\"@id\":\"https:\\\/\\\/www.todanelo.com\\\/fr\\\/#website\"},\"primaryImageOfPage\":{\"@id\":\"https:\\\/\\\/www.todanelo.com\\\/fr\\\/noticias\\\/toda-nelo-refuerza-inmobiliario-david-gomez-cubillo\\\/#primaryimage\"},\"image\":{\"@id\":\"https:\\\/\\\/www.todanelo.com\\\/fr\\\/noticias\\\/toda-nelo-refuerza-inmobiliario-david-gomez-cubillo\\\/#primaryimage\"},\"thumbnailUrl\":\"https:\\\/\\\/www.todanelo.com\\\/wp-content\\\/uploads\\\/dgc-jmb-s.jpg\",\"datePublished\":\"2025-02-26T09:53:35+00:00\",\"dateModified\":\"2025-07-15T08:26:42+00:00\",\"description\":\"La incorporaci\u00f3n supone una apuesta estrat\u00e9gica de la firma por un \u00e1rea clave en mercados como Madrid y Barcelona. Con el fichaje de G\u00f3mez Cubillo, Toda & Nel-lo ampl\u00eda la oferta existente de servicios para los clientes que operan en el \u00e1mbito inmobiliario y completa el asesoramiento que ya prestaba en el \u00e1mbito urban\u00edstico\",\"breadcrumb\":{\"@id\":\"https:\\\/\\\/www.todanelo.com\\\/fr\\\/noticias\\\/toda-nelo-refuerza-inmobiliario-david-gomez-cubillo\\\/#breadcrumb\"},\"inLanguage\":\"fr-FR\",\"potentialAction\":[{\"@type\":\"ReadAction\",\"target\":[\"https:\\\/\\\/www.todanelo.com\\\/fr\\\/noticias\\\/toda-nelo-refuerza-inmobiliario-david-gomez-cubillo\\\/\"]}]},{\"@type\":\"ImageObject\",\"inLanguage\":\"fr-FR\",\"@id\":\"https:\\\/\\\/www.todanelo.com\\\/fr\\\/noticias\\\/toda-nelo-refuerza-inmobiliario-david-gomez-cubillo\\\/#primaryimage\",\"url\":\"https:\\\/\\\/www.todanelo.com\\\/wp-content\\\/uploads\\\/dgc-jmb-s.jpg\",\"contentUrl\":\"https:\\\/\\\/www.todanelo.com\\\/wp-content\\\/uploads\\\/dgc-jmb-s.jpg\",\"width\":2560,\"height\":1920},{\"@type\":\"BreadcrumbList\",\"@id\":\"https:\\\/\\\/www.todanelo.com\\\/fr\\\/noticias\\\/toda-nelo-refuerza-inmobiliario-david-gomez-cubillo\\\/#breadcrumb\",\"itemListElement\":[{\"@type\":\"ListItem\",\"position\":1,\"name\":\"Inicio\",\"item\":\"https:\\\/\\\/www.todanelo.com\\\/fr\\\/\"},{\"@type\":\"ListItem\",\"position\":2,\"name\":\"Toda &amp; Nel-lo se refuerza en en inmobiliario con la incorporaci\u00f3n de David G\u00f3mez Cubillo\"}]},{\"@type\":\"WebSite\",\"@id\":\"https:\\\/\\\/www.todanelo.com\\\/fr\\\/#website\",\"url\":\"https:\\\/\\\/www.todanelo.com\\\/fr\\\/\",\"name\":\"Toda &amp; Nel-lo Abogados\",\"description\":\"Bureaux juridiques \u00e0 Barcelone et \u00e0 Madrid\",\"publisher\":{\"@id\":\"https:\\\/\\\/www.todanelo.com\\\/fr\\\/#organization\"},\"potentialAction\":[{\"@type\":\"SearchAction\",\"target\":{\"@type\":\"EntryPoint\",\"urlTemplate\":\"https:\\\/\\\/www.todanelo.com\\\/fr\\\/?s={search_term_string}\"},\"query-input\":{\"@type\":\"PropertyValueSpecification\",\"valueRequired\":true,\"valueName\":\"search_term_string\"}}],\"inLanguage\":\"fr-FR\"},{\"@type\":\"Organization\",\"@id\":\"https:\\\/\\\/www.todanelo.com\\\/fr\\\/#organization\",\"name\":\"Toda &amp; Nel-lo Abogados\",\"url\":\"https:\\\/\\\/www.todanelo.com\\\/fr\\\/\",\"logo\":{\"@type\":\"ImageObject\",\"inLanguage\":\"fr-FR\",\"@id\":\"https:\\\/\\\/www.todanelo.com\\\/fr\\\/#\\\/schema\\\/logo\\\/image\\\/\",\"url\":\"https:\\\/\\\/www.todanelo.com\\\/wp-content\\\/uploads\\\/logo-todanelo.png\",\"contentUrl\":\"https:\\\/\\\/www.todanelo.com\\\/wp-content\\\/uploads\\\/logo-todanelo.png\",\"width\":390,\"height\":161,\"caption\":\"Toda &amp; Nel-lo Abogados\"},\"image\":{\"@id\":\"https:\\\/\\\/www.todanelo.com\\\/fr\\\/#\\\/schema\\\/logo\\\/image\\\/\"}},{\"@type\":\"Person\",\"@id\":\"https:\\\/\\\/www.todanelo.com\\\/fr\\\/#\\\/schema\\\/person\\\/403e6ed9d856044c44f52763ead94c6a\",\"name\":\"emfasi\",\"sameAs\":[\"https:\\\/\\\/www.todanelo.com\"],\"url\":\"https:\\\/\\\/www.todanelo.com\\\/fr\\\/noticias\\\/author\\\/emfasi\\\/\"}]}<\/script>\n<!-- \/ Yoast SEO plugin. -->","yoast_head_json":{"title":"Toda &amp; Nel-lo se refuerza en en inmobiliario con la incorporaci\u00f3n de David G\u00f3mez Cubillo - Toda &amp; Nel-lo Abogados","description":"La incorporaci\u00f3n supone una apuesta estrat\u00e9gica de la firma por un \u00e1rea clave en mercados como Madrid y Barcelona. Con el fichaje de G\u00f3mez Cubillo, Toda & Nel-lo ampl\u00eda la oferta existente de servicios para los clientes que operan en el \u00e1mbito inmobiliario y completa el asesoramiento que ya prestaba en el \u00e1mbito urban\u00edstico","robots":{"index":"index","follow":"follow","max-snippet":"max-snippet:-1","max-image-preview":"max-image-preview:large","max-video-preview":"max-video-preview:-1"},"canonical":"https:\/\/www.todanelo.com\/fr\/noticias\/toda-nelo-refuerza-inmobiliario-david-gomez-cubillo\/","og_locale":"fr_FR","og_type":"article","og_title":"Toda &amp; Nel-lo se refuerza en en inmobiliario con la incorporaci\u00f3n de David G\u00f3mez Cubillo - Toda &amp; Nel-lo Abogados","og_description":"La incorporaci\u00f3n supone una apuesta estrat\u00e9gica de la firma por un \u00e1rea clave en mercados como Madrid y Barcelona. Con el fichaje de G\u00f3mez Cubillo, Toda & Nel-lo ampl\u00eda la oferta existente de servicios para los clientes que operan en el \u00e1mbito inmobiliario y completa el asesoramiento que ya prestaba en el \u00e1mbito urban\u00edstico","og_url":"https:\/\/www.todanelo.com\/fr\/noticias\/toda-nelo-refuerza-inmobiliario-david-gomez-cubillo\/","og_site_name":"Toda &amp; Nel-lo Abogados","article_published_time":"2025-02-26T09:53:35+00:00","article_modified_time":"2025-07-15T08:26:42+00:00","og_image":[{"width":2560,"height":1920,"url":"https:\/\/www.todanelo.com\/wp-content\/uploads\/dgc-jmb-s.jpg","type":"image\/jpeg"}],"author":"emfasi","twitter_card":"summary_large_image","twitter_misc":{"\u00c9crit par":"emfasi","Dur\u00e9e de lecture estim\u00e9e":"2 minutes"},"schema":{"@context":"https:\/\/schema.org","@graph":[{"@type":"Article","@id":"https:\/\/www.todanelo.com\/fr\/noticias\/toda-nelo-refuerza-inmobiliario-david-gomez-cubillo\/#article","isPartOf":{"@id":"https:\/\/www.todanelo.com\/fr\/noticias\/toda-nelo-refuerza-inmobiliario-david-gomez-cubillo\/"},"author":{"name":"emfasi","@id":"https:\/\/www.todanelo.com\/fr\/#\/schema\/person\/403e6ed9d856044c44f52763ead94c6a"},"headline":"Toda &amp; Nel-lo se refuerza en en inmobiliario con la incorporaci\u00f3n de David G\u00f3mez Cubillo","datePublished":"2025-02-26T09:53:35+00:00","dateModified":"2025-07-15T08:26:42+00:00","mainEntityOfPage":{"@id":"https:\/\/www.todanelo.com\/fr\/noticias\/toda-nelo-refuerza-inmobiliario-david-gomez-cubillo\/"},"wordCount":354,"publisher":{"@id":"https:\/\/www.todanelo.com\/fr\/#organization"},"image":{"@id":"https:\/\/www.todanelo.com\/fr\/noticias\/toda-nelo-refuerza-inmobiliario-david-gomez-cubillo\/#primaryimage"},"thumbnailUrl":"https:\/\/www.todanelo.com\/wp-content\/uploads\/dgc-jmb-s.jpg","articleSection":["Sin categorizar"],"inLanguage":"fr-FR"},{"@type":"WebPage","@id":"https:\/\/www.todanelo.com\/fr\/noticias\/toda-nelo-refuerza-inmobiliario-david-gomez-cubillo\/","url":"https:\/\/www.todanelo.com\/fr\/noticias\/toda-nelo-refuerza-inmobiliario-david-gomez-cubillo\/","name":"Toda &amp; Nel-lo se refuerza en en inmobiliario con la incorporaci\u00f3n de David G\u00f3mez Cubillo - Toda &amp; Nel-lo Abogados","isPartOf":{"@id":"https:\/\/www.todanelo.com\/fr\/#website"},"primaryImageOfPage":{"@id":"https:\/\/www.todanelo.com\/fr\/noticias\/toda-nelo-refuerza-inmobiliario-david-gomez-cubillo\/#primaryimage"},"image":{"@id":"https:\/\/www.todanelo.com\/fr\/noticias\/toda-nelo-refuerza-inmobiliario-david-gomez-cubillo\/#primaryimage"},"thumbnailUrl":"https:\/\/www.todanelo.com\/wp-content\/uploads\/dgc-jmb-s.jpg","datePublished":"2025-02-26T09:53:35+00:00","dateModified":"2025-07-15T08:26:42+00:00","description":"La incorporaci\u00f3n supone una apuesta estrat\u00e9gica de la firma por un \u00e1rea clave en mercados como Madrid y Barcelona. Con el fichaje de G\u00f3mez Cubillo, Toda & Nel-lo ampl\u00eda la oferta existente de servicios para los clientes que operan en el \u00e1mbito inmobiliario y completa el asesoramiento que ya prestaba en el \u00e1mbito urban\u00edstico","breadcrumb":{"@id":"https:\/\/www.todanelo.com\/fr\/noticias\/toda-nelo-refuerza-inmobiliario-david-gomez-cubillo\/#breadcrumb"},"inLanguage":"fr-FR","potentialAction":[{"@type":"ReadAction","target":["https:\/\/www.todanelo.com\/fr\/noticias\/toda-nelo-refuerza-inmobiliario-david-gomez-cubillo\/"]}]},{"@type":"ImageObject","inLanguage":"fr-FR","@id":"https:\/\/www.todanelo.com\/fr\/noticias\/toda-nelo-refuerza-inmobiliario-david-gomez-cubillo\/#primaryimage","url":"https:\/\/www.todanelo.com\/wp-content\/uploads\/dgc-jmb-s.jpg","contentUrl":"https:\/\/www.todanelo.com\/wp-content\/uploads\/dgc-jmb-s.jpg","width":2560,"height":1920},{"@type":"BreadcrumbList","@id":"https:\/\/www.todanelo.com\/fr\/noticias\/toda-nelo-refuerza-inmobiliario-david-gomez-cubillo\/#breadcrumb","itemListElement":[{"@type":"ListItem","position":1,"name":"Inicio","item":"https:\/\/www.todanelo.com\/fr\/"},{"@type":"ListItem","position":2,"name":"Toda &amp; Nel-lo se refuerza en en inmobiliario con la incorporaci\u00f3n de David G\u00f3mez Cubillo"}]},{"@type":"WebSite","@id":"https:\/\/www.todanelo.com\/fr\/#website","url":"https:\/\/www.todanelo.com\/fr\/","name":"Toda &amp; Nel-lo Abogados","description":"Bureaux juridiques \u00e0 Barcelone et \u00e0 Madrid","publisher":{"@id":"https:\/\/www.todanelo.com\/fr\/#organization"},"potentialAction":[{"@type":"SearchAction","target":{"@type":"EntryPoint","urlTemplate":"https:\/\/www.todanelo.com\/fr\/?s={search_term_string}"},"query-input":{"@type":"PropertyValueSpecification","valueRequired":true,"valueName":"search_term_string"}}],"inLanguage":"fr-FR"},{"@type":"Organization","@id":"https:\/\/www.todanelo.com\/fr\/#organization","name":"Toda &amp; Nel-lo Abogados","url":"https:\/\/www.todanelo.com\/fr\/","logo":{"@type":"ImageObject","inLanguage":"fr-FR","@id":"https:\/\/www.todanelo.com\/fr\/#\/schema\/logo\/image\/","url":"https:\/\/www.todanelo.com\/wp-content\/uploads\/logo-todanelo.png","contentUrl":"https:\/\/www.todanelo.com\/wp-content\/uploads\/logo-todanelo.png","width":390,"height":161,"caption":"Toda &amp; Nel-lo Abogados"},"image":{"@id":"https:\/\/www.todanelo.com\/fr\/#\/schema\/logo\/image\/"}},{"@type":"Person","@id":"https:\/\/www.todanelo.com\/fr\/#\/schema\/person\/403e6ed9d856044c44f52763ead94c6a","name":"emfasi","sameAs":["https:\/\/www.todanelo.com"],"url":"https:\/\/www.todanelo.com\/fr\/noticias\/author\/emfasi\/"}]}},"_links":{"self":[{"href":"https:\/\/www.todanelo.com\/fr\/wp-json\/wp\/v2\/posts\/3980","targetHints":{"allow":["GET"]}}],"collection":[{"href":"https:\/\/www.todanelo.com\/fr\/wp-json\/wp\/v2\/posts"}],"about":[{"href":"https:\/\/www.todanelo.com\/fr\/wp-json\/wp\/v2\/types\/post"}],"author":[{"embeddable":true,"href":"https:\/\/www.todanelo.com\/fr\/wp-json\/wp\/v2\/users\/1"}],"replies":[{"embeddable":true,"href":"https:\/\/www.todanelo.com\/fr\/wp-json\/wp\/v2\/comments?post=3980"}],"version-history":[{"count":0,"href":"https:\/\/www.todanelo.com\/fr\/wp-json\/wp\/v2\/posts\/3980\/revisions"}],"wp:featuredmedia":[{"embeddable":true,"href":"https:\/\/www.todanelo.com\/fr\/wp-json\/wp\/v2\/media\/3981"}],"wp:attachment":[{"href":"https:\/\/www.todanelo.com\/fr\/wp-json\/wp\/v2\/media?parent=3980"}],"wp:term":[{"taxonomy":"category","embeddable":true,"href":"https:\/\/www.todanelo.com\/fr\/wp-json\/wp\/v2\/categories?post=3980"},{"taxonomy":"post_tag","embeddable":true,"href":"https:\/\/www.todanelo.com\/fr\/wp-json\/wp\/v2\/tags?post=3980"}],"curies":[{"name":"wp","href":"https:\/\/api.w.org\/{rel}","templated":true}]}}