{"id":2495,"date":"2017-04-25T17:30:00","date_gmt":"2017-04-25T17:30:00","guid":{"rendered":"https:\/\/beta.todanelo.com\/blog\/world-intellectual-property-day-april-26th\/"},"modified":"2017-04-25T17:30:00","modified_gmt":"2017-04-25T17:30:00","slug":"world-intellectual-property-day-april-26th","status":"publish","type":"post","link":"https:\/\/www.todanelo.com\/fr\/noticias\/world-intellectual-property-day-april-26th\/","title":{"rendered":"World Intellectual Property Day, April, 26th"},"content":{"rendered":"<p>This year annual celebration is dedicated by the World Intellectual Property Organization (WIPO) to how innovation and creativity is making our lives healthier, safer, and more comfortable, turning problems into progress.<\/p>\n<p><span style=\"font-size: 13.008px;\">Undoubtedly, innovation and creativity help societies to improve their quality of life by improving all personal and social conditions, from medicines and medical devices to healthcare applications and software.<\/span><\/p>\n<p><span style=\"font-size: 13.008px;\">We are again reminded the crucial role played by intellectual property systems to support innovation by attracting investment, rewarding creators, encouraging them to develop their ideas, and ensuring that their new knowledge is freely available so that tomorrow\u2019s innovators can build on today\u2019s new technology.<\/span><\/p>\n<p><span style=\"font-size: 13.008px;\">At TODA &#038; NEL-LO we are willing, able and ready to assist you in all matters related to your intellectual property rights; from general advice, to drafting and negotiating licenses and grants of rights to litigation in order to protect your rights<\/span><\/p>\n","protected":false},"excerpt":{"rendered":"<p>This year annual celebration is dedicated by the World Intellectual Property Organization (WIPO) to how innovation and creativity is making our lives healthier, safer, and more comfortable, turning problems into &hellip;<\/p>\n","protected":false},"author":1,"featured_media":0,"comment_status":"open","ping_status":"open","sticky":false,"template":"","format":"standard","meta":{"_acf_changed":false,"footnotes":""},"categories":[],"tags":[],"class_list":["post-2495","post","type-post","status-publish","format-standard","hentry"],"acf":[],"yoast_head":"<!-- This site is optimized with the Yoast SEO plugin v27.4 - https:\/\/yoast.com\/product\/yoast-seo-wordpress\/ -->\n<title>World Intellectual Property Day, April, 26th - Toda &amp; Nel-lo Abogados<\/title>\n<meta name=\"description\" content=\"This year annual celebration is dedicated by the World Intellectual Property Organization (WIPO) to how innovation and creativity is making our lives\" \/>\n<meta name=\"robots\" content=\"index, follow, max-snippet:-1, max-image-preview:large, max-video-preview:-1\" \/>\n<link rel=\"canonical\" href=\"https:\/\/www.todanelo.com\/fr\/noticias\/world-intellectual-property-day-april-26th\/\" \/>\n<meta property=\"og:locale\" content=\"fr_FR\" \/>\n<meta property=\"og:type\" content=\"article\" \/>\n<meta property=\"og:title\" content=\"World Intellectual Property Day, April, 26th - Toda &amp; Nel-lo Abogados\" \/>\n<meta property=\"og:description\" content=\"This year annual celebration is dedicated by the World Intellectual Property Organization (WIPO) to how innovation and creativity is making our lives\" \/>\n<meta property=\"og:url\" content=\"https:\/\/www.todanelo.com\/fr\/noticias\/world-intellectual-property-day-april-26th\/\" \/>\n<meta property=\"og:site_name\" content=\"Toda &amp; Nel-lo Abogados\" \/>\n<meta property=\"article:published_time\" content=\"2017-04-25T17:30:00+00:00\" \/>\n<meta name=\"author\" content=\"emfasi\" \/>\n<meta name=\"twitter:card\" content=\"summary_large_image\" \/>\n<meta name=\"twitter:label1\" content=\"\u00c9crit par\" \/>\n\t<meta name=\"twitter:data1\" content=\"emfasi\" \/>\n\t<meta name=\"twitter:label2\" content=\"Dur\u00e9e de lecture estim\u00e9e\" \/>\n\t<meta name=\"twitter:data2\" content=\"1 minute\" \/>\n<script type=\"application\/ld+json\" class=\"yoast-schema-graph\">{\"@context\":\"https:\\\/\\\/schema.org\",\"@graph\":[{\"@type\":\"Article\",\"@id\":\"https:\\\/\\\/www.todanelo.com\\\/fr\\\/noticias\\\/world-intellectual-property-day-april-26th\\\/#article\",\"isPartOf\":{\"@id\":\"https:\\\/\\\/www.todanelo.com\\\/fr\\\/noticias\\\/world-intellectual-property-day-april-26th\\\/\"},\"author\":{\"name\":\"emfasi\",\"@id\":\"https:\\\/\\\/www.todanelo.com\\\/fr\\\/#\\\/schema\\\/person\\\/403e6ed9d856044c44f52763ead94c6a\"},\"headline\":\"World Intellectual Property Day, April, 26th\",\"datePublished\":\"2017-04-25T17:30:00+00:00\",\"mainEntityOfPage\":{\"@id\":\"https:\\\/\\\/www.todanelo.com\\\/fr\\\/noticias\\\/world-intellectual-property-day-april-26th\\\/\"},\"wordCount\":154,\"commentCount\":4,\"publisher\":{\"@id\":\"https:\\\/\\\/www.todanelo.com\\\/fr\\\/#organization\"},\"inLanguage\":\"fr-FR\",\"potentialAction\":[{\"@type\":\"CommentAction\",\"name\":\"Comment\",\"target\":[\"https:\\\/\\\/www.todanelo.com\\\/fr\\\/noticias\\\/world-intellectual-property-day-april-26th\\\/#respond\"]}]},{\"@type\":\"WebPage\",\"@id\":\"https:\\\/\\\/www.todanelo.com\\\/fr\\\/noticias\\\/world-intellectual-property-day-april-26th\\\/\",\"url\":\"https:\\\/\\\/www.todanelo.com\\\/fr\\\/noticias\\\/world-intellectual-property-day-april-26th\\\/\",\"name\":\"World Intellectual Property Day, April, 26th - Toda &amp; Nel-lo Abogados\",\"isPartOf\":{\"@id\":\"https:\\\/\\\/www.todanelo.com\\\/fr\\\/#website\"},\"datePublished\":\"2017-04-25T17:30:00+00:00\",\"description\":\"This year annual celebration is dedicated by the World Intellectual Property Organization (WIPO) to how innovation and creativity is making our lives\",\"breadcrumb\":{\"@id\":\"https:\\\/\\\/www.todanelo.com\\\/fr\\\/noticias\\\/world-intellectual-property-day-april-26th\\\/#breadcrumb\"},\"inLanguage\":\"fr-FR\",\"potentialAction\":[{\"@type\":\"ReadAction\",\"target\":[\"https:\\\/\\\/www.todanelo.com\\\/fr\\\/noticias\\\/world-intellectual-property-day-april-26th\\\/\"]}]},{\"@type\":\"BreadcrumbList\",\"@id\":\"https:\\\/\\\/www.todanelo.com\\\/fr\\\/noticias\\\/world-intellectual-property-day-april-26th\\\/#breadcrumb\",\"itemListElement\":[{\"@type\":\"ListItem\",\"position\":1,\"name\":\"Inicio\",\"item\":\"https:\\\/\\\/www.todanelo.com\\\/fr\\\/\"},{\"@type\":\"ListItem\",\"position\":2,\"name\":\"World Intellectual Property Day, April, 26th\"}]},{\"@type\":\"WebSite\",\"@id\":\"https:\\\/\\\/www.todanelo.com\\\/fr\\\/#website\",\"url\":\"https:\\\/\\\/www.todanelo.com\\\/fr\\\/\",\"name\":\"Toda &amp; Nel-lo Abogados\",\"description\":\"Bureaux juridiques \u00e0 Barcelone et \u00e0 Madrid\",\"publisher\":{\"@id\":\"https:\\\/\\\/www.todanelo.com\\\/fr\\\/#organization\"},\"potentialAction\":[{\"@type\":\"SearchAction\",\"target\":{\"@type\":\"EntryPoint\",\"urlTemplate\":\"https:\\\/\\\/www.todanelo.com\\\/fr\\\/?s={search_term_string}\"},\"query-input\":{\"@type\":\"PropertyValueSpecification\",\"valueRequired\":true,\"valueName\":\"search_term_string\"}}],\"inLanguage\":\"fr-FR\"},{\"@type\":\"Organization\",\"@id\":\"https:\\\/\\\/www.todanelo.com\\\/fr\\\/#organization\",\"name\":\"Toda &amp; Nel-lo Abogados\",\"url\":\"https:\\\/\\\/www.todanelo.com\\\/fr\\\/\",\"logo\":{\"@type\":\"ImageObject\",\"inLanguage\":\"fr-FR\",\"@id\":\"https:\\\/\\\/www.todanelo.com\\\/fr\\\/#\\\/schema\\\/logo\\\/image\\\/\",\"url\":\"https:\\\/\\\/www.todanelo.com\\\/wp-content\\\/uploads\\\/logo-todanelo.png\",\"contentUrl\":\"https:\\\/\\\/www.todanelo.com\\\/wp-content\\\/uploads\\\/logo-todanelo.png\",\"width\":390,\"height\":161,\"caption\":\"Toda &amp; Nel-lo Abogados\"},\"image\":{\"@id\":\"https:\\\/\\\/www.todanelo.com\\\/fr\\\/#\\\/schema\\\/logo\\\/image\\\/\"}},{\"@type\":\"Person\",\"@id\":\"https:\\\/\\\/www.todanelo.com\\\/fr\\\/#\\\/schema\\\/person\\\/403e6ed9d856044c44f52763ead94c6a\",\"name\":\"emfasi\",\"sameAs\":[\"https:\\\/\\\/www.todanelo.com\"],\"url\":\"https:\\\/\\\/www.todanelo.com\\\/fr\\\/noticias\\\/author\\\/emfasi\\\/\"}]}<\/script>\n<!-- \/ Yoast SEO plugin. -->","yoast_head_json":{"title":"World Intellectual Property Day, April, 26th - Toda &amp; Nel-lo Abogados","description":"This year annual celebration is dedicated by the World Intellectual Property Organization (WIPO) to how innovation and creativity is making our lives","robots":{"index":"index","follow":"follow","max-snippet":"max-snippet:-1","max-image-preview":"max-image-preview:large","max-video-preview":"max-video-preview:-1"},"canonical":"https:\/\/www.todanelo.com\/fr\/noticias\/world-intellectual-property-day-april-26th\/","og_locale":"fr_FR","og_type":"article","og_title":"World Intellectual Property Day, April, 26th - Toda &amp; Nel-lo Abogados","og_description":"This year annual celebration is dedicated by the World Intellectual Property Organization (WIPO) to how innovation and creativity is making our lives","og_url":"https:\/\/www.todanelo.com\/fr\/noticias\/world-intellectual-property-day-april-26th\/","og_site_name":"Toda &amp; Nel-lo Abogados","article_published_time":"2017-04-25T17:30:00+00:00","author":"emfasi","twitter_card":"summary_large_image","twitter_misc":{"\u00c9crit par":"emfasi","Dur\u00e9e de lecture estim\u00e9e":"1 minute"},"schema":{"@context":"https:\/\/schema.org","@graph":[{"@type":"Article","@id":"https:\/\/www.todanelo.com\/fr\/noticias\/world-intellectual-property-day-april-26th\/#article","isPartOf":{"@id":"https:\/\/www.todanelo.com\/fr\/noticias\/world-intellectual-property-day-april-26th\/"},"author":{"name":"emfasi","@id":"https:\/\/www.todanelo.com\/fr\/#\/schema\/person\/403e6ed9d856044c44f52763ead94c6a"},"headline":"World Intellectual Property Day, April, 26th","datePublished":"2017-04-25T17:30:00+00:00","mainEntityOfPage":{"@id":"https:\/\/www.todanelo.com\/fr\/noticias\/world-intellectual-property-day-april-26th\/"},"wordCount":154,"commentCount":4,"publisher":{"@id":"https:\/\/www.todanelo.com\/fr\/#organization"},"inLanguage":"fr-FR","potentialAction":[{"@type":"CommentAction","name":"Comment","target":["https:\/\/www.todanelo.com\/fr\/noticias\/world-intellectual-property-day-april-26th\/#respond"]}]},{"@type":"WebPage","@id":"https:\/\/www.todanelo.com\/fr\/noticias\/world-intellectual-property-day-april-26th\/","url":"https:\/\/www.todanelo.com\/fr\/noticias\/world-intellectual-property-day-april-26th\/","name":"World Intellectual Property Day, April, 26th - Toda &amp; Nel-lo Abogados","isPartOf":{"@id":"https:\/\/www.todanelo.com\/fr\/#website"},"datePublished":"2017-04-25T17:30:00+00:00","description":"This year annual celebration is dedicated by the World Intellectual Property Organization (WIPO) to how innovation and creativity is making our lives","breadcrumb":{"@id":"https:\/\/www.todanelo.com\/fr\/noticias\/world-intellectual-property-day-april-26th\/#breadcrumb"},"inLanguage":"fr-FR","potentialAction":[{"@type":"ReadAction","target":["https:\/\/www.todanelo.com\/fr\/noticias\/world-intellectual-property-day-april-26th\/"]}]},{"@type":"BreadcrumbList","@id":"https:\/\/www.todanelo.com\/fr\/noticias\/world-intellectual-property-day-april-26th\/#breadcrumb","itemListElement":[{"@type":"ListItem","position":1,"name":"Inicio","item":"https:\/\/www.todanelo.com\/fr\/"},{"@type":"ListItem","position":2,"name":"World Intellectual Property Day, April, 26th"}]},{"@type":"WebSite","@id":"https:\/\/www.todanelo.com\/fr\/#website","url":"https:\/\/www.todanelo.com\/fr\/","name":"Toda &amp; Nel-lo Abogados","description":"Bureaux juridiques \u00e0 Barcelone et \u00e0 Madrid","publisher":{"@id":"https:\/\/www.todanelo.com\/fr\/#organization"},"potentialAction":[{"@type":"SearchAction","target":{"@type":"EntryPoint","urlTemplate":"https:\/\/www.todanelo.com\/fr\/?s={search_term_string}"},"query-input":{"@type":"PropertyValueSpecification","valueRequired":true,"valueName":"search_term_string"}}],"inLanguage":"fr-FR"},{"@type":"Organization","@id":"https:\/\/www.todanelo.com\/fr\/#organization","name":"Toda &amp; Nel-lo Abogados","url":"https:\/\/www.todanelo.com\/fr\/","logo":{"@type":"ImageObject","inLanguage":"fr-FR","@id":"https:\/\/www.todanelo.com\/fr\/#\/schema\/logo\/image\/","url":"https:\/\/www.todanelo.com\/wp-content\/uploads\/logo-todanelo.png","contentUrl":"https:\/\/www.todanelo.com\/wp-content\/uploads\/logo-todanelo.png","width":390,"height":161,"caption":"Toda &amp; Nel-lo Abogados"},"image":{"@id":"https:\/\/www.todanelo.com\/fr\/#\/schema\/logo\/image\/"}},{"@type":"Person","@id":"https:\/\/www.todanelo.com\/fr\/#\/schema\/person\/403e6ed9d856044c44f52763ead94c6a","name":"emfasi","sameAs":["https:\/\/www.todanelo.com"],"url":"https:\/\/www.todanelo.com\/fr\/noticias\/author\/emfasi\/"}]}},"_links":{"self":[{"href":"https:\/\/www.todanelo.com\/fr\/wp-json\/wp\/v2\/posts\/2495","targetHints":{"allow":["GET"]}}],"collection":[{"href":"https:\/\/www.todanelo.com\/fr\/wp-json\/wp\/v2\/posts"}],"about":[{"href":"https:\/\/www.todanelo.com\/fr\/wp-json\/wp\/v2\/types\/post"}],"author":[{"embeddable":true,"href":"https:\/\/www.todanelo.com\/fr\/wp-json\/wp\/v2\/users\/1"}],"replies":[{"embeddable":true,"href":"https:\/\/www.todanelo.com\/fr\/wp-json\/wp\/v2\/comments?post=2495"}],"version-history":[{"count":0,"href":"https:\/\/www.todanelo.com\/fr\/wp-json\/wp\/v2\/posts\/2495\/revisions"}],"wp:attachment":[{"href":"https:\/\/www.todanelo.com\/fr\/wp-json\/wp\/v2\/media?parent=2495"}],"wp:term":[{"taxonomy":"category","embeddable":true,"href":"https:\/\/www.todanelo.com\/fr\/wp-json\/wp\/v2\/categories?post=2495"},{"taxonomy":"post_tag","embeddable":true,"href":"https:\/\/www.todanelo.com\/fr\/wp-json\/wp\/v2\/tags?post=2495"}],"curies":[{"name":"wp","href":"https:\/\/api.w.org\/{rel}","templated":true}]}}