{"id":3247,"date":"2014-11-06T10:15:00","date_gmt":"2014-11-06T10:15:00","guid":{"rendered":"https:\/\/beta.todanelo.com\/legal-news\/el-tc-declara-constitucional-la-regla-de-integracion-de-lagunas-de-cotizacion\/"},"modified":"2014-11-06T10:15:00","modified_gmt":"2014-11-06T10:15:00","slug":"el-tc-declara-constitucional-la-regla-de-integracion-de-lagunas-de-cotizacion","status":"publish","type":"legal-news","link":"https:\/\/www.todanelo.com\/fr\/actualite-juridique\/el-tc-declara-constitucional-la-regla-de-integracion-de-lagunas-de-cotizacion\/","title":{"rendered":"El TC declara constitucional la regla de integraci\u00f3n de lagunas de cotizaci\u00f3n prevista en la Ley General de la Seguridad Social"},"content":{"rendered":"<p>El Tribunal Constitucional, en su sentencia de 25 de septiembre de 2014, desestima la cuesti\u00f3n de inconstitucionalidad formulada por el Tribunal Supremo, en la que se plantea una posible vulneraci\u00f3n del principio de igualdad consagrado en la Constituci\u00f3n a ra\u00edz de la regla para establecer la cuant\u00eda de las pensiones de jubilaci\u00f3n y de incapacidad permanente cuando el trabajador ha permanecido inactivo durante uno o m\u00e1s periodos de tiempo a lo largo de su vida laboral.<\/p>\n<p>En esos casos, la Ley General de la Seguridad Social establece que para evitar que las lagunas en la cotizaci\u00f3n del trabajador provocadas por los periodos de inactividad laboral hagan disminuir su base reguladora de las pensiones, se aplica una regla de integraci\u00f3n de lagunas. Dicha regla consiste en establecer una \u201cficci\u00f3n legal\u201d por la que se permite computar como cotizados tambi\u00e9n los meses sin cotizaci\u00f3n, aplicando a estos meses la base de cotizaci\u00f3n m\u00ednima conforme al \u00faltimo contrato vigente antes del periodo de inactividad.<\/p>\n<p>El Tribunal Supremo plante\u00f3 que esta regla puede provocar situaciones de trato desigual, en aquellos trabajadores que su \u00faltimo contrato antes de la inactividad fuera a tiempo parcial, porque la regla de integraci\u00f3n de lagunas le aplicar\u00eda unas cotizaciones menores durante ese periodo, a diferencia de los trabajadores que fueron contratados a tiempo completo.<\/p>\n<p>La sentencia del TC rechaza que la norma cuestionada vulnere el principio de igualdad, puesto que aplica a todos los trabajadores la misma regla. Se\u00f1ala que el tratamiento desigual viene dado, en todo caso, por aplicar la proporcionalidad en las cotizaciones en relaci\u00f3n con la jornada trabajada, lo que no supone un trato contrario al art\u00edculo 14 de la Constituci\u00f3n, en aras al principio contributivo.<\/p>\n","protected":false},"excerpt":{"rendered":"<p>El Tribunal Constitucional, en su sentencia de 25 de septiembre de 2014, desestima la cuesti\u00f3n de inconstitucionalidad formulada por el Tribunal Supremo, en la que se plantea una posible vulneraci\u00f3n &hellip;<\/p>\n","protected":false},"featured_media":0,"template":"","meta":{"_acf_changed":false,"footnotes":""},"class_list":["post-3247","legal-news","type-legal-news","status-publish","hentry"],"acf":[],"yoast_head":"<!-- This site is optimized with the Yoast SEO plugin v27.4 - https:\/\/yoast.com\/product\/yoast-seo-wordpress\/ -->\n<title>El TC declara constitucional la regla de integraci\u00f3n de lagunas de cotizaci\u00f3n prevista en la Ley General de la Seguridad Social - Toda &amp; Nel-lo Abogados<\/title>\n<meta name=\"description\" content=\"El Tribunal Constitucional, en su sentencia de 25 de septiembre de 2014, desestima la cuesti\u00f3n de inconstitucionalidad formulada por el Tribunal Supremo,\" \/>\n<meta name=\"robots\" content=\"index, follow, max-snippet:-1, max-image-preview:large, max-video-preview:-1\" \/>\n<link rel=\"canonical\" href=\"https:\/\/www.todanelo.com\/fr\/actualite-juridique\/el-tc-declara-constitucional-la-regla-de-integracion-de-lagunas-de-cotizacion\/\" \/>\n<meta property=\"og:locale\" content=\"fr_FR\" \/>\n<meta property=\"og:type\" content=\"article\" \/>\n<meta property=\"og:title\" content=\"El TC declara constitucional la regla de integraci\u00f3n de lagunas de cotizaci\u00f3n prevista en la Ley General de la Seguridad Social - Toda &amp; Nel-lo Abogados\" \/>\n<meta property=\"og:description\" content=\"El Tribunal Constitucional, en su sentencia de 25 de septiembre de 2014, desestima la cuesti\u00f3n de inconstitucionalidad formulada por el Tribunal Supremo,\" \/>\n<meta property=\"og:url\" content=\"https:\/\/www.todanelo.com\/fr\/actualite-juridique\/el-tc-declara-constitucional-la-regla-de-integracion-de-lagunas-de-cotizacion\/\" \/>\n<meta property=\"og:site_name\" content=\"Toda &amp; Nel-lo Abogados\" \/>\n<meta name=\"twitter:card\" content=\"summary_large_image\" \/>\n<meta name=\"twitter:label1\" content=\"Dur\u00e9e de lecture estim\u00e9e\" \/>\n\t<meta name=\"twitter:data1\" content=\"1 minute\" \/>\n<script type=\"application\/ld+json\" class=\"yoast-schema-graph\">{\"@context\":\"https:\\\/\\\/schema.org\",\"@graph\":[{\"@type\":[\"WebPage\",\"ItemPage\"],\"@id\":\"https:\\\/\\\/www.todanelo.com\\\/fr\\\/actualite-juridique\\\/el-tc-declara-constitucional-la-regla-de-integracion-de-lagunas-de-cotizacion\\\/\",\"url\":\"https:\\\/\\\/www.todanelo.com\\\/fr\\\/actualite-juridique\\\/el-tc-declara-constitucional-la-regla-de-integracion-de-lagunas-de-cotizacion\\\/\",\"name\":\"El TC declara constitucional la regla de integraci\u00f3n de lagunas de cotizaci\u00f3n prevista en la Ley General de la Seguridad Social - Toda &amp; Nel-lo Abogados\",\"isPartOf\":{\"@id\":\"https:\\\/\\\/www.todanelo.com\\\/fr\\\/#website\"},\"datePublished\":\"2014-11-06T10:15:00+00:00\",\"description\":\"El Tribunal Constitucional, en su sentencia de 25 de septiembre de 2014, desestima la cuesti\u00f3n de inconstitucionalidad formulada por el Tribunal Supremo,\",\"breadcrumb\":{\"@id\":\"https:\\\/\\\/www.todanelo.com\\\/fr\\\/actualite-juridique\\\/el-tc-declara-constitucional-la-regla-de-integracion-de-lagunas-de-cotizacion\\\/#breadcrumb\"},\"inLanguage\":\"fr-FR\",\"potentialAction\":[{\"@type\":\"ReadAction\",\"target\":[\"https:\\\/\\\/www.todanelo.com\\\/fr\\\/actualite-juridique\\\/el-tc-declara-constitucional-la-regla-de-integracion-de-lagunas-de-cotizacion\\\/\"]}]},{\"@type\":\"BreadcrumbList\",\"@id\":\"https:\\\/\\\/www.todanelo.com\\\/fr\\\/actualite-juridique\\\/el-tc-declara-constitucional-la-regla-de-integracion-de-lagunas-de-cotizacion\\\/#breadcrumb\",\"itemListElement\":[{\"@type\":\"ListItem\",\"position\":1,\"name\":\"Inicio\",\"item\":\"https:\\\/\\\/www.todanelo.com\\\/fr\\\/\"},{\"@type\":\"ListItem\",\"position\":2,\"name\":\"Actualidad jur\u00eddica\",\"item\":\"https:\\\/\\\/www.todanelo.com\\\/fr\\\/actualite-juridique\\\/\"},{\"@type\":\"ListItem\",\"position\":3,\"name\":\"El TC declara constitucional la regla de integraci\u00f3n de lagunas de cotizaci\u00f3n prevista en la Ley General de la Seguridad Social\"}]},{\"@type\":\"WebSite\",\"@id\":\"https:\\\/\\\/www.todanelo.com\\\/fr\\\/#website\",\"url\":\"https:\\\/\\\/www.todanelo.com\\\/fr\\\/\",\"name\":\"Toda &amp; Nel-lo Abogados\",\"description\":\"Bureaux juridiques \u00e0 Barcelone et \u00e0 Madrid\",\"publisher\":{\"@id\":\"https:\\\/\\\/www.todanelo.com\\\/fr\\\/#organization\"},\"potentialAction\":[{\"@type\":\"SearchAction\",\"target\":{\"@type\":\"EntryPoint\",\"urlTemplate\":\"https:\\\/\\\/www.todanelo.com\\\/fr\\\/?s={search_term_string}\"},\"query-input\":{\"@type\":\"PropertyValueSpecification\",\"valueRequired\":true,\"valueName\":\"search_term_string\"}}],\"inLanguage\":\"fr-FR\"},{\"@type\":\"Organization\",\"@id\":\"https:\\\/\\\/www.todanelo.com\\\/fr\\\/#organization\",\"name\":\"Toda &amp; Nel-lo Abogados\",\"url\":\"https:\\\/\\\/www.todanelo.com\\\/fr\\\/\",\"logo\":{\"@type\":\"ImageObject\",\"inLanguage\":\"fr-FR\",\"@id\":\"https:\\\/\\\/www.todanelo.com\\\/fr\\\/#\\\/schema\\\/logo\\\/image\\\/\",\"url\":\"https:\\\/\\\/www.todanelo.com\\\/wp-content\\\/uploads\\\/logo-todanelo.png\",\"contentUrl\":\"https:\\\/\\\/www.todanelo.com\\\/wp-content\\\/uploads\\\/logo-todanelo.png\",\"width\":390,\"height\":161,\"caption\":\"Toda &amp; Nel-lo Abogados\"},\"image\":{\"@id\":\"https:\\\/\\\/www.todanelo.com\\\/fr\\\/#\\\/schema\\\/logo\\\/image\\\/\"}}]}<\/script>\n<!-- \/ Yoast SEO plugin. -->","yoast_head_json":{"title":"El TC declara constitucional la regla de integraci\u00f3n de lagunas de cotizaci\u00f3n prevista en la Ley General de la Seguridad Social - Toda &amp; Nel-lo Abogados","description":"El Tribunal Constitucional, en su sentencia de 25 de septiembre de 2014, desestima la cuesti\u00f3n de inconstitucionalidad formulada por el Tribunal Supremo,","robots":{"index":"index","follow":"follow","max-snippet":"max-snippet:-1","max-image-preview":"max-image-preview:large","max-video-preview":"max-video-preview:-1"},"canonical":"https:\/\/www.todanelo.com\/fr\/actualite-juridique\/el-tc-declara-constitucional-la-regla-de-integracion-de-lagunas-de-cotizacion\/","og_locale":"fr_FR","og_type":"article","og_title":"El TC declara constitucional la regla de integraci\u00f3n de lagunas de cotizaci\u00f3n prevista en la Ley General de la Seguridad Social - Toda &amp; Nel-lo Abogados","og_description":"El Tribunal Constitucional, en su sentencia de 25 de septiembre de 2014, desestima la cuesti\u00f3n de inconstitucionalidad formulada por el Tribunal Supremo,","og_url":"https:\/\/www.todanelo.com\/fr\/actualite-juridique\/el-tc-declara-constitucional-la-regla-de-integracion-de-lagunas-de-cotizacion\/","og_site_name":"Toda &amp; Nel-lo Abogados","twitter_card":"summary_large_image","twitter_misc":{"Dur\u00e9e de lecture estim\u00e9e":"1 minute"},"schema":{"@context":"https:\/\/schema.org","@graph":[{"@type":["WebPage","ItemPage"],"@id":"https:\/\/www.todanelo.com\/fr\/actualite-juridique\/el-tc-declara-constitucional-la-regla-de-integracion-de-lagunas-de-cotizacion\/","url":"https:\/\/www.todanelo.com\/fr\/actualite-juridique\/el-tc-declara-constitucional-la-regla-de-integracion-de-lagunas-de-cotizacion\/","name":"El TC declara constitucional la regla de integraci\u00f3n de lagunas de cotizaci\u00f3n prevista en la Ley General de la Seguridad Social - Toda &amp; Nel-lo Abogados","isPartOf":{"@id":"https:\/\/www.todanelo.com\/fr\/#website"},"datePublished":"2014-11-06T10:15:00+00:00","description":"El Tribunal Constitucional, en su sentencia de 25 de septiembre de 2014, desestima la cuesti\u00f3n de inconstitucionalidad formulada por el Tribunal Supremo,","breadcrumb":{"@id":"https:\/\/www.todanelo.com\/fr\/actualite-juridique\/el-tc-declara-constitucional-la-regla-de-integracion-de-lagunas-de-cotizacion\/#breadcrumb"},"inLanguage":"fr-FR","potentialAction":[{"@type":"ReadAction","target":["https:\/\/www.todanelo.com\/fr\/actualite-juridique\/el-tc-declara-constitucional-la-regla-de-integracion-de-lagunas-de-cotizacion\/"]}]},{"@type":"BreadcrumbList","@id":"https:\/\/www.todanelo.com\/fr\/actualite-juridique\/el-tc-declara-constitucional-la-regla-de-integracion-de-lagunas-de-cotizacion\/#breadcrumb","itemListElement":[{"@type":"ListItem","position":1,"name":"Inicio","item":"https:\/\/www.todanelo.com\/fr\/"},{"@type":"ListItem","position":2,"name":"Actualidad jur\u00eddica","item":"https:\/\/www.todanelo.com\/fr\/actualite-juridique\/"},{"@type":"ListItem","position":3,"name":"El TC declara constitucional la regla de integraci\u00f3n de lagunas de cotizaci\u00f3n prevista en la Ley General de la Seguridad Social"}]},{"@type":"WebSite","@id":"https:\/\/www.todanelo.com\/fr\/#website","url":"https:\/\/www.todanelo.com\/fr\/","name":"Toda &amp; Nel-lo Abogados","description":"Bureaux juridiques \u00e0 Barcelone et \u00e0 Madrid","publisher":{"@id":"https:\/\/www.todanelo.com\/fr\/#organization"},"potentialAction":[{"@type":"SearchAction","target":{"@type":"EntryPoint","urlTemplate":"https:\/\/www.todanelo.com\/fr\/?s={search_term_string}"},"query-input":{"@type":"PropertyValueSpecification","valueRequired":true,"valueName":"search_term_string"}}],"inLanguage":"fr-FR"},{"@type":"Organization","@id":"https:\/\/www.todanelo.com\/fr\/#organization","name":"Toda &amp; Nel-lo Abogados","url":"https:\/\/www.todanelo.com\/fr\/","logo":{"@type":"ImageObject","inLanguage":"fr-FR","@id":"https:\/\/www.todanelo.com\/fr\/#\/schema\/logo\/image\/","url":"https:\/\/www.todanelo.com\/wp-content\/uploads\/logo-todanelo.png","contentUrl":"https:\/\/www.todanelo.com\/wp-content\/uploads\/logo-todanelo.png","width":390,"height":161,"caption":"Toda &amp; Nel-lo Abogados"},"image":{"@id":"https:\/\/www.todanelo.com\/fr\/#\/schema\/logo\/image\/"}}]}},"_links":{"self":[{"href":"https:\/\/www.todanelo.com\/fr\/wp-json\/wp\/v2\/legal-news\/3247","targetHints":{"allow":["GET"]}}],"collection":[{"href":"https:\/\/www.todanelo.com\/fr\/wp-json\/wp\/v2\/legal-news"}],"about":[{"href":"https:\/\/www.todanelo.com\/fr\/wp-json\/wp\/v2\/types\/legal-news"}],"version-history":[{"count":0,"href":"https:\/\/www.todanelo.com\/fr\/wp-json\/wp\/v2\/legal-news\/3247\/revisions"}],"wp:attachment":[{"href":"https:\/\/www.todanelo.com\/fr\/wp-json\/wp\/v2\/media?parent=3247"}],"curies":[{"name":"wp","href":"https:\/\/api.w.org\/{rel}","templated":true}]}}