{"id":3242,"date":"2014-11-07T11:00:00","date_gmt":"2014-11-07T11:00:00","guid":{"rendered":"https:\/\/beta.todanelo.com\/legal-news\/resolucion-de-la-dgrn-no-es-posible-prever-estatutariamente-como-lugar-de\/"},"modified":"2014-11-07T11:00:00","modified_gmt":"2014-11-07T11:00:00","slug":"resolucion-de-la-dgrn-no-es-posible-prever-estatutariamente-como-lugar-de","status":"publish","type":"legal-news","link":"https:\/\/www.todanelo.com\/fr\/actualite-juridique\/resolucion-de-la-dgrn-no-es-posible-prever-estatutariamente-como-lugar-de\/","title":{"rendered":"RESOLUCI\u00d3N DE LA DGRN: No es posible prever estatutariamente como lugar de celebraci\u00f3n de la Junta General \u201cla provincia donde la Sociedad tenga su domicilio\u201d"},"content":{"rendered":"<p>Se discute el alcance y el contenido del art\u00edculo 175 de la LSC en relaci\u00f3n con la posibilidad de prever estatutariamente \u201cla provincia\u201d como lugar de celebraci\u00f3n de las Juntas Generales.<\/p>\n<p>La DGRN ha resuelto que no es posible establecer en los Estatutos Sociales la mera referencia a \u201cla provincia\u201d como lugar de celebraci\u00f3n de las Juntas Generales puesto que el lugar de celebraci\u00f3n de la junta debe concretarse a un espacio geogr\u00e1fico determinado menor, como una ciudad o un pueblo, de modo que tanto socios como terceros puedan conocerlo y actuar en consecuencia en un razonable \u00e1mbito de previsibilidad, de manera que quede garantizada la posibilidad de que asistan personalmente a la junta convocada si tal es su deseo (Resoluci\u00f3n de 30 de septiembre de 2014).<\/p>\n<p><a href=\"http:\/\/www.boe.es\/boe\/dias\/2014\/10\/27\/pdfs\/BOE-A-2014-10959.pdf\" target=\"_blank\" rel=\"noopener\">Texto \u00edntegro de la Resoluci\u00f3n<\/a><\/p>\n","protected":false},"excerpt":{"rendered":"<p>Se discute el alcance y el contenido del art\u00edculo 175 de la LSC en relaci\u00f3n con la posibilidad de prever estatutariamente \u201cla provincia\u201d como lugar de celebraci\u00f3n de las Juntas &hellip;<\/p>\n","protected":false},"featured_media":0,"template":"","meta":{"_acf_changed":false,"footnotes":""},"class_list":["post-3242","legal-news","type-legal-news","status-publish","hentry"],"acf":[],"yoast_head":"<!-- This site is optimized with the Yoast SEO plugin v27.4 - https:\/\/yoast.com\/product\/yoast-seo-wordpress\/ -->\n<title>RESOLUCI\u00d3N DE LA DGRN: No es posible prever estatutariamente como lugar de celebraci\u00f3n de la Junta General \u201cla provincia donde la Sociedad tenga su domicilio\u201d - Toda &amp; Nel-lo Abogados<\/title>\n<meta name=\"description\" content=\"Se discute el alcance y el contenido del art\u00edculo 175 de la LSC en relaci\u00f3n con la posibilidad de prever estatutariamente \u201cla provincia\u201d como lugar de\" \/>\n<meta name=\"robots\" content=\"index, follow, max-snippet:-1, max-image-preview:large, max-video-preview:-1\" \/>\n<link rel=\"canonical\" href=\"https:\/\/www.todanelo.com\/fr\/actualite-juridique\/resolucion-de-la-dgrn-no-es-posible-prever-estatutariamente-como-lugar-de\/\" \/>\n<meta property=\"og:locale\" content=\"fr_FR\" \/>\n<meta property=\"og:type\" content=\"article\" \/>\n<meta property=\"og:title\" content=\"RESOLUCI\u00d3N DE LA DGRN: No es posible prever estatutariamente como lugar de celebraci\u00f3n de la Junta General \u201cla provincia donde la Sociedad tenga su domicilio\u201d - Toda &amp; Nel-lo Abogados\" \/>\n<meta property=\"og:description\" content=\"Se discute el alcance y el contenido del art\u00edculo 175 de la LSC en relaci\u00f3n con la posibilidad de prever estatutariamente \u201cla provincia\u201d como lugar de\" \/>\n<meta property=\"og:url\" content=\"https:\/\/www.todanelo.com\/fr\/actualite-juridique\/resolucion-de-la-dgrn-no-es-posible-prever-estatutariamente-como-lugar-de\/\" \/>\n<meta property=\"og:site_name\" content=\"Toda &amp; Nel-lo Abogados\" \/>\n<meta name=\"twitter:card\" content=\"summary_large_image\" \/>\n<meta name=\"twitter:label1\" content=\"Dur\u00e9e de lecture estim\u00e9e\" \/>\n\t<meta name=\"twitter:data1\" content=\"1 minute\" \/>\n<script type=\"application\/ld+json\" class=\"yoast-schema-graph\">{\"@context\":\"https:\\\/\\\/schema.org\",\"@graph\":[{\"@type\":[\"WebPage\",\"ItemPage\"],\"@id\":\"https:\\\/\\\/www.todanelo.com\\\/fr\\\/actualite-juridique\\\/resolucion-de-la-dgrn-no-es-posible-prever-estatutariamente-como-lugar-de\\\/\",\"url\":\"https:\\\/\\\/www.todanelo.com\\\/fr\\\/actualite-juridique\\\/resolucion-de-la-dgrn-no-es-posible-prever-estatutariamente-como-lugar-de\\\/\",\"name\":\"RESOLUCI\u00d3N DE LA DGRN: No es posible prever estatutariamente como lugar de celebraci\u00f3n de la Junta General \u201cla provincia donde la Sociedad tenga su domicilio\u201d - Toda &amp; Nel-lo Abogados\",\"isPartOf\":{\"@id\":\"https:\\\/\\\/www.todanelo.com\\\/fr\\\/#website\"},\"datePublished\":\"2014-11-07T11:00:00+00:00\",\"description\":\"Se discute el alcance y el contenido del art\u00edculo 175 de la LSC en relaci\u00f3n con la posibilidad de prever estatutariamente \u201cla provincia\u201d como lugar de\",\"breadcrumb\":{\"@id\":\"https:\\\/\\\/www.todanelo.com\\\/fr\\\/actualite-juridique\\\/resolucion-de-la-dgrn-no-es-posible-prever-estatutariamente-como-lugar-de\\\/#breadcrumb\"},\"inLanguage\":\"fr-FR\",\"potentialAction\":[{\"@type\":\"ReadAction\",\"target\":[\"https:\\\/\\\/www.todanelo.com\\\/fr\\\/actualite-juridique\\\/resolucion-de-la-dgrn-no-es-posible-prever-estatutariamente-como-lugar-de\\\/\"]}]},{\"@type\":\"BreadcrumbList\",\"@id\":\"https:\\\/\\\/www.todanelo.com\\\/fr\\\/actualite-juridique\\\/resolucion-de-la-dgrn-no-es-posible-prever-estatutariamente-como-lugar-de\\\/#breadcrumb\",\"itemListElement\":[{\"@type\":\"ListItem\",\"position\":1,\"name\":\"Inicio\",\"item\":\"https:\\\/\\\/www.todanelo.com\\\/fr\\\/\"},{\"@type\":\"ListItem\",\"position\":2,\"name\":\"Actualidad jur\u00eddica\",\"item\":\"https:\\\/\\\/www.todanelo.com\\\/fr\\\/actualite-juridique\\\/\"},{\"@type\":\"ListItem\",\"position\":3,\"name\":\"RESOLUCI\u00d3N DE LA DGRN: No es posible prever estatutariamente como lugar de celebraci\u00f3n de la Junta General \u201cla provincia donde la Sociedad tenga su domicilio\u201d\"}]},{\"@type\":\"WebSite\",\"@id\":\"https:\\\/\\\/www.todanelo.com\\\/fr\\\/#website\",\"url\":\"https:\\\/\\\/www.todanelo.com\\\/fr\\\/\",\"name\":\"Toda &amp; Nel-lo Abogados\",\"description\":\"Bureaux juridiques \u00e0 Barcelone et \u00e0 Madrid\",\"publisher\":{\"@id\":\"https:\\\/\\\/www.todanelo.com\\\/fr\\\/#organization\"},\"potentialAction\":[{\"@type\":\"SearchAction\",\"target\":{\"@type\":\"EntryPoint\",\"urlTemplate\":\"https:\\\/\\\/www.todanelo.com\\\/fr\\\/?s={search_term_string}\"},\"query-input\":{\"@type\":\"PropertyValueSpecification\",\"valueRequired\":true,\"valueName\":\"search_term_string\"}}],\"inLanguage\":\"fr-FR\"},{\"@type\":\"Organization\",\"@id\":\"https:\\\/\\\/www.todanelo.com\\\/fr\\\/#organization\",\"name\":\"Toda &amp; Nel-lo Abogados\",\"url\":\"https:\\\/\\\/www.todanelo.com\\\/fr\\\/\",\"logo\":{\"@type\":\"ImageObject\",\"inLanguage\":\"fr-FR\",\"@id\":\"https:\\\/\\\/www.todanelo.com\\\/fr\\\/#\\\/schema\\\/logo\\\/image\\\/\",\"url\":\"https:\\\/\\\/www.todanelo.com\\\/wp-content\\\/uploads\\\/logo-todanelo.png\",\"contentUrl\":\"https:\\\/\\\/www.todanelo.com\\\/wp-content\\\/uploads\\\/logo-todanelo.png\",\"width\":390,\"height\":161,\"caption\":\"Toda &amp; Nel-lo Abogados\"},\"image\":{\"@id\":\"https:\\\/\\\/www.todanelo.com\\\/fr\\\/#\\\/schema\\\/logo\\\/image\\\/\"}}]}<\/script>\n<!-- \/ Yoast SEO plugin. -->","yoast_head_json":{"title":"RESOLUCI\u00d3N DE LA DGRN: No es posible prever estatutariamente como lugar de celebraci\u00f3n de la Junta General \u201cla provincia donde la Sociedad tenga su domicilio\u201d - Toda &amp; Nel-lo Abogados","description":"Se discute el alcance y el contenido del art\u00edculo 175 de la LSC en relaci\u00f3n con la posibilidad de prever estatutariamente \u201cla provincia\u201d como lugar de","robots":{"index":"index","follow":"follow","max-snippet":"max-snippet:-1","max-image-preview":"max-image-preview:large","max-video-preview":"max-video-preview:-1"},"canonical":"https:\/\/www.todanelo.com\/fr\/actualite-juridique\/resolucion-de-la-dgrn-no-es-posible-prever-estatutariamente-como-lugar-de\/","og_locale":"fr_FR","og_type":"article","og_title":"RESOLUCI\u00d3N DE LA DGRN: No es posible prever estatutariamente como lugar de celebraci\u00f3n de la Junta General \u201cla provincia donde la Sociedad tenga su domicilio\u201d - Toda &amp; Nel-lo Abogados","og_description":"Se discute el alcance y el contenido del art\u00edculo 175 de la LSC en relaci\u00f3n con la posibilidad de prever estatutariamente \u201cla provincia\u201d como lugar de","og_url":"https:\/\/www.todanelo.com\/fr\/actualite-juridique\/resolucion-de-la-dgrn-no-es-posible-prever-estatutariamente-como-lugar-de\/","og_site_name":"Toda &amp; Nel-lo Abogados","twitter_card":"summary_large_image","twitter_misc":{"Dur\u00e9e de lecture estim\u00e9e":"1 minute"},"schema":{"@context":"https:\/\/schema.org","@graph":[{"@type":["WebPage","ItemPage"],"@id":"https:\/\/www.todanelo.com\/fr\/actualite-juridique\/resolucion-de-la-dgrn-no-es-posible-prever-estatutariamente-como-lugar-de\/","url":"https:\/\/www.todanelo.com\/fr\/actualite-juridique\/resolucion-de-la-dgrn-no-es-posible-prever-estatutariamente-como-lugar-de\/","name":"RESOLUCI\u00d3N DE LA DGRN: No es posible prever estatutariamente como lugar de celebraci\u00f3n de la Junta General \u201cla provincia donde la Sociedad tenga su domicilio\u201d - Toda &amp; Nel-lo Abogados","isPartOf":{"@id":"https:\/\/www.todanelo.com\/fr\/#website"},"datePublished":"2014-11-07T11:00:00+00:00","description":"Se discute el alcance y el contenido del art\u00edculo 175 de la LSC en relaci\u00f3n con la posibilidad de prever estatutariamente \u201cla provincia\u201d como lugar de","breadcrumb":{"@id":"https:\/\/www.todanelo.com\/fr\/actualite-juridique\/resolucion-de-la-dgrn-no-es-posible-prever-estatutariamente-como-lugar-de\/#breadcrumb"},"inLanguage":"fr-FR","potentialAction":[{"@type":"ReadAction","target":["https:\/\/www.todanelo.com\/fr\/actualite-juridique\/resolucion-de-la-dgrn-no-es-posible-prever-estatutariamente-como-lugar-de\/"]}]},{"@type":"BreadcrumbList","@id":"https:\/\/www.todanelo.com\/fr\/actualite-juridique\/resolucion-de-la-dgrn-no-es-posible-prever-estatutariamente-como-lugar-de\/#breadcrumb","itemListElement":[{"@type":"ListItem","position":1,"name":"Inicio","item":"https:\/\/www.todanelo.com\/fr\/"},{"@type":"ListItem","position":2,"name":"Actualidad jur\u00eddica","item":"https:\/\/www.todanelo.com\/fr\/actualite-juridique\/"},{"@type":"ListItem","position":3,"name":"RESOLUCI\u00d3N DE LA DGRN: No es posible prever estatutariamente como lugar de celebraci\u00f3n de la Junta General \u201cla provincia donde la Sociedad tenga su domicilio\u201d"}]},{"@type":"WebSite","@id":"https:\/\/www.todanelo.com\/fr\/#website","url":"https:\/\/www.todanelo.com\/fr\/","name":"Toda &amp; Nel-lo Abogados","description":"Bureaux juridiques \u00e0 Barcelone et \u00e0 Madrid","publisher":{"@id":"https:\/\/www.todanelo.com\/fr\/#organization"},"potentialAction":[{"@type":"SearchAction","target":{"@type":"EntryPoint","urlTemplate":"https:\/\/www.todanelo.com\/fr\/?s={search_term_string}"},"query-input":{"@type":"PropertyValueSpecification","valueRequired":true,"valueName":"search_term_string"}}],"inLanguage":"fr-FR"},{"@type":"Organization","@id":"https:\/\/www.todanelo.com\/fr\/#organization","name":"Toda &amp; Nel-lo Abogados","url":"https:\/\/www.todanelo.com\/fr\/","logo":{"@type":"ImageObject","inLanguage":"fr-FR","@id":"https:\/\/www.todanelo.com\/fr\/#\/schema\/logo\/image\/","url":"https:\/\/www.todanelo.com\/wp-content\/uploads\/logo-todanelo.png","contentUrl":"https:\/\/www.todanelo.com\/wp-content\/uploads\/logo-todanelo.png","width":390,"height":161,"caption":"Toda &amp; Nel-lo Abogados"},"image":{"@id":"https:\/\/www.todanelo.com\/fr\/#\/schema\/logo\/image\/"}}]}},"_links":{"self":[{"href":"https:\/\/www.todanelo.com\/fr\/wp-json\/wp\/v2\/legal-news\/3242","targetHints":{"allow":["GET"]}}],"collection":[{"href":"https:\/\/www.todanelo.com\/fr\/wp-json\/wp\/v2\/legal-news"}],"about":[{"href":"https:\/\/www.todanelo.com\/fr\/wp-json\/wp\/v2\/types\/legal-news"}],"version-history":[{"count":0,"href":"https:\/\/www.todanelo.com\/fr\/wp-json\/wp\/v2\/legal-news\/3242\/revisions"}],"wp:attachment":[{"href":"https:\/\/www.todanelo.com\/fr\/wp-json\/wp\/v2\/media?parent=3242"}],"curies":[{"name":"wp","href":"https:\/\/api.w.org\/{rel}","templated":true}]}}