{"id":3239,"date":"2014-11-07T13:30:00","date_gmt":"2014-11-07T13:30:00","guid":{"rendered":"https:\/\/beta.todanelo.com\/legal-news\/reforma-fiscal-se-publican-los-proyectos-de-modificacion-de-los-reglamentos-del\/"},"modified":"2014-11-07T13:30:00","modified_gmt":"2014-11-07T13:30:00","slug":"reforma-fiscal-se-publican-los-proyectos-de-modificacion-de-los-reglamentos-del","status":"publish","type":"legal-news","link":"https:\/\/www.todanelo.com\/fr\/actualite-juridique\/reforma-fiscal-se-publican-los-proyectos-de-modificacion-de-los-reglamentos-del\/","title":{"rendered":"REFORMA FISCAL: SE PUBLICAN LOS PROYECTOS DE MODIFICACI\u00d3N DE LOS REGLAMENTOS DEL IRPF Y DEL IVA"},"content":{"rendered":"<p style=\"text-align: justify;\">El Ministerio de Hacienda y Administraciones P\u00fablicas del Gobierno de Espa\u00f1a ha hecho p\u00fablicos recientemente los proyectos de Reales Decretos por los que se modifica, respectivamente, el reglamento del Impuesto sobre la Renta de las Personas F\u00edsicas (IRPF) y el reglamento del Impuesto sobre el Valor A\u00f1adido (IVA).<\/p>\n<p style=\"text-align: justify;\">Estos proyectos suponen la modificaci\u00f3n del desarrollo reglamentario del IRPF y del IVA para adaptarlo a la reforma fiscal en tramitaci\u00f3n que previsiblemente entrar\u00e1 en vigor el pr\u00f3ximo 1 de enero de 2015.<\/p>\n<p style=\"text-align: justify;\">Es preciso apuntar que el proyecto de reforma del reglamento de IVA modifica tambi\u00e9n el reglamento de facturaci\u00f3n y el reglamento general de aplicaci\u00f3n de los tributos.<\/p>\n","protected":false},"excerpt":{"rendered":"<p>El Ministerio de Hacienda y Administraciones P\u00fablicas del Gobierno de Espa\u00f1a ha hecho p\u00fablicos recientemente los proyectos de Reales Decretos por los que se modifica, respectivamente, el reglamento del Impuesto &hellip;<\/p>\n","protected":false},"featured_media":0,"template":"","meta":{"_acf_changed":false,"footnotes":""},"class_list":["post-3239","legal-news","type-legal-news","status-publish","hentry"],"acf":[],"yoast_head":"<!-- This site is optimized with the Yoast SEO plugin v27.4 - https:\/\/yoast.com\/product\/yoast-seo-wordpress\/ -->\n<title>REFORMA FISCAL: SE PUBLICAN LOS PROYECTOS DE MODIFICACI\u00d3N DE LOS REGLAMENTOS DEL IRPF Y DEL IVA - Toda &amp; Nel-lo Abogados<\/title>\n<meta name=\"description\" content=\"El Ministerio de Hacienda y Administraciones P\u00fablicas del Gobierno de Espa\u00f1a ha hecho p\u00fablicos recientemente los proyectos de Reales Decretos por los que\" \/>\n<meta name=\"robots\" content=\"index, follow, max-snippet:-1, max-image-preview:large, max-video-preview:-1\" \/>\n<link rel=\"canonical\" href=\"https:\/\/www.todanelo.com\/fr\/actualite-juridique\/reforma-fiscal-se-publican-los-proyectos-de-modificacion-de-los-reglamentos-del\/\" \/>\n<meta property=\"og:locale\" content=\"fr_FR\" \/>\n<meta property=\"og:type\" content=\"article\" \/>\n<meta property=\"og:title\" content=\"REFORMA FISCAL: SE PUBLICAN LOS PROYECTOS DE MODIFICACI\u00d3N DE LOS REGLAMENTOS DEL IRPF Y DEL IVA - Toda &amp; Nel-lo Abogados\" \/>\n<meta property=\"og:description\" content=\"El Ministerio de Hacienda y Administraciones P\u00fablicas del Gobierno de Espa\u00f1a ha hecho p\u00fablicos recientemente los proyectos de Reales Decretos por los que\" \/>\n<meta property=\"og:url\" content=\"https:\/\/www.todanelo.com\/fr\/actualite-juridique\/reforma-fiscal-se-publican-los-proyectos-de-modificacion-de-los-reglamentos-del\/\" \/>\n<meta property=\"og:site_name\" content=\"Toda &amp; Nel-lo Abogados\" \/>\n<meta name=\"twitter:card\" content=\"summary_large_image\" \/>\n<meta name=\"twitter:label1\" content=\"Dur\u00e9e de lecture estim\u00e9e\" \/>\n\t<meta name=\"twitter:data1\" content=\"1 minute\" \/>\n<script type=\"application\/ld+json\" class=\"yoast-schema-graph\">{\"@context\":\"https:\\\/\\\/schema.org\",\"@graph\":[{\"@type\":[\"WebPage\",\"ItemPage\"],\"@id\":\"https:\\\/\\\/www.todanelo.com\\\/fr\\\/actualite-juridique\\\/reforma-fiscal-se-publican-los-proyectos-de-modificacion-de-los-reglamentos-del\\\/\",\"url\":\"https:\\\/\\\/www.todanelo.com\\\/fr\\\/actualite-juridique\\\/reforma-fiscal-se-publican-los-proyectos-de-modificacion-de-los-reglamentos-del\\\/\",\"name\":\"REFORMA FISCAL: SE PUBLICAN LOS PROYECTOS DE MODIFICACI\u00d3N DE LOS REGLAMENTOS DEL IRPF Y DEL IVA - Toda &amp; Nel-lo Abogados\",\"isPartOf\":{\"@id\":\"https:\\\/\\\/www.todanelo.com\\\/fr\\\/#website\"},\"datePublished\":\"2014-11-07T13:30:00+00:00\",\"description\":\"El Ministerio de Hacienda y Administraciones P\u00fablicas del Gobierno de Espa\u00f1a ha hecho p\u00fablicos recientemente los proyectos de Reales Decretos por los que\",\"breadcrumb\":{\"@id\":\"https:\\\/\\\/www.todanelo.com\\\/fr\\\/actualite-juridique\\\/reforma-fiscal-se-publican-los-proyectos-de-modificacion-de-los-reglamentos-del\\\/#breadcrumb\"},\"inLanguage\":\"fr-FR\",\"potentialAction\":[{\"@type\":\"ReadAction\",\"target\":[\"https:\\\/\\\/www.todanelo.com\\\/fr\\\/actualite-juridique\\\/reforma-fiscal-se-publican-los-proyectos-de-modificacion-de-los-reglamentos-del\\\/\"]}]},{\"@type\":\"BreadcrumbList\",\"@id\":\"https:\\\/\\\/www.todanelo.com\\\/fr\\\/actualite-juridique\\\/reforma-fiscal-se-publican-los-proyectos-de-modificacion-de-los-reglamentos-del\\\/#breadcrumb\",\"itemListElement\":[{\"@type\":\"ListItem\",\"position\":1,\"name\":\"Inicio\",\"item\":\"https:\\\/\\\/www.todanelo.com\\\/fr\\\/\"},{\"@type\":\"ListItem\",\"position\":2,\"name\":\"Actualidad jur\u00eddica\",\"item\":\"https:\\\/\\\/www.todanelo.com\\\/fr\\\/actualite-juridique\\\/\"},{\"@type\":\"ListItem\",\"position\":3,\"name\":\"REFORMA FISCAL: SE PUBLICAN LOS PROYECTOS DE MODIFICACI\u00d3N DE LOS REGLAMENTOS DEL IRPF Y DEL IVA\"}]},{\"@type\":\"WebSite\",\"@id\":\"https:\\\/\\\/www.todanelo.com\\\/fr\\\/#website\",\"url\":\"https:\\\/\\\/www.todanelo.com\\\/fr\\\/\",\"name\":\"Toda &amp; Nel-lo Abogados\",\"description\":\"Bureaux juridiques \u00e0 Barcelone et \u00e0 Madrid\",\"publisher\":{\"@id\":\"https:\\\/\\\/www.todanelo.com\\\/fr\\\/#organization\"},\"potentialAction\":[{\"@type\":\"SearchAction\",\"target\":{\"@type\":\"EntryPoint\",\"urlTemplate\":\"https:\\\/\\\/www.todanelo.com\\\/fr\\\/?s={search_term_string}\"},\"query-input\":{\"@type\":\"PropertyValueSpecification\",\"valueRequired\":true,\"valueName\":\"search_term_string\"}}],\"inLanguage\":\"fr-FR\"},{\"@type\":\"Organization\",\"@id\":\"https:\\\/\\\/www.todanelo.com\\\/fr\\\/#organization\",\"name\":\"Toda &amp; Nel-lo Abogados\",\"url\":\"https:\\\/\\\/www.todanelo.com\\\/fr\\\/\",\"logo\":{\"@type\":\"ImageObject\",\"inLanguage\":\"fr-FR\",\"@id\":\"https:\\\/\\\/www.todanelo.com\\\/fr\\\/#\\\/schema\\\/logo\\\/image\\\/\",\"url\":\"https:\\\/\\\/www.todanelo.com\\\/wp-content\\\/uploads\\\/logo-todanelo.png\",\"contentUrl\":\"https:\\\/\\\/www.todanelo.com\\\/wp-content\\\/uploads\\\/logo-todanelo.png\",\"width\":390,\"height\":161,\"caption\":\"Toda &amp; Nel-lo Abogados\"},\"image\":{\"@id\":\"https:\\\/\\\/www.todanelo.com\\\/fr\\\/#\\\/schema\\\/logo\\\/image\\\/\"}}]}<\/script>\n<!-- \/ Yoast SEO plugin. -->","yoast_head_json":{"title":"REFORMA FISCAL: SE PUBLICAN LOS PROYECTOS DE MODIFICACI\u00d3N DE LOS REGLAMENTOS DEL IRPF Y DEL IVA - Toda &amp; Nel-lo Abogados","description":"El Ministerio de Hacienda y Administraciones P\u00fablicas del Gobierno de Espa\u00f1a ha hecho p\u00fablicos recientemente los proyectos de Reales Decretos por los que","robots":{"index":"index","follow":"follow","max-snippet":"max-snippet:-1","max-image-preview":"max-image-preview:large","max-video-preview":"max-video-preview:-1"},"canonical":"https:\/\/www.todanelo.com\/fr\/actualite-juridique\/reforma-fiscal-se-publican-los-proyectos-de-modificacion-de-los-reglamentos-del\/","og_locale":"fr_FR","og_type":"article","og_title":"REFORMA FISCAL: SE PUBLICAN LOS PROYECTOS DE MODIFICACI\u00d3N DE LOS REGLAMENTOS DEL IRPF Y DEL IVA - Toda &amp; Nel-lo Abogados","og_description":"El Ministerio de Hacienda y Administraciones P\u00fablicas del Gobierno de Espa\u00f1a ha hecho p\u00fablicos recientemente los proyectos de Reales Decretos por los que","og_url":"https:\/\/www.todanelo.com\/fr\/actualite-juridique\/reforma-fiscal-se-publican-los-proyectos-de-modificacion-de-los-reglamentos-del\/","og_site_name":"Toda &amp; Nel-lo Abogados","twitter_card":"summary_large_image","twitter_misc":{"Dur\u00e9e de lecture estim\u00e9e":"1 minute"},"schema":{"@context":"https:\/\/schema.org","@graph":[{"@type":["WebPage","ItemPage"],"@id":"https:\/\/www.todanelo.com\/fr\/actualite-juridique\/reforma-fiscal-se-publican-los-proyectos-de-modificacion-de-los-reglamentos-del\/","url":"https:\/\/www.todanelo.com\/fr\/actualite-juridique\/reforma-fiscal-se-publican-los-proyectos-de-modificacion-de-los-reglamentos-del\/","name":"REFORMA FISCAL: SE PUBLICAN LOS PROYECTOS DE MODIFICACI\u00d3N DE LOS REGLAMENTOS DEL IRPF Y DEL IVA - Toda &amp; Nel-lo Abogados","isPartOf":{"@id":"https:\/\/www.todanelo.com\/fr\/#website"},"datePublished":"2014-11-07T13:30:00+00:00","description":"El Ministerio de Hacienda y Administraciones P\u00fablicas del Gobierno de Espa\u00f1a ha hecho p\u00fablicos recientemente los proyectos de Reales Decretos por los que","breadcrumb":{"@id":"https:\/\/www.todanelo.com\/fr\/actualite-juridique\/reforma-fiscal-se-publican-los-proyectos-de-modificacion-de-los-reglamentos-del\/#breadcrumb"},"inLanguage":"fr-FR","potentialAction":[{"@type":"ReadAction","target":["https:\/\/www.todanelo.com\/fr\/actualite-juridique\/reforma-fiscal-se-publican-los-proyectos-de-modificacion-de-los-reglamentos-del\/"]}]},{"@type":"BreadcrumbList","@id":"https:\/\/www.todanelo.com\/fr\/actualite-juridique\/reforma-fiscal-se-publican-los-proyectos-de-modificacion-de-los-reglamentos-del\/#breadcrumb","itemListElement":[{"@type":"ListItem","position":1,"name":"Inicio","item":"https:\/\/www.todanelo.com\/fr\/"},{"@type":"ListItem","position":2,"name":"Actualidad jur\u00eddica","item":"https:\/\/www.todanelo.com\/fr\/actualite-juridique\/"},{"@type":"ListItem","position":3,"name":"REFORMA FISCAL: SE PUBLICAN LOS PROYECTOS DE MODIFICACI\u00d3N DE LOS REGLAMENTOS DEL IRPF Y DEL IVA"}]},{"@type":"WebSite","@id":"https:\/\/www.todanelo.com\/fr\/#website","url":"https:\/\/www.todanelo.com\/fr\/","name":"Toda &amp; Nel-lo Abogados","description":"Bureaux juridiques \u00e0 Barcelone et \u00e0 Madrid","publisher":{"@id":"https:\/\/www.todanelo.com\/fr\/#organization"},"potentialAction":[{"@type":"SearchAction","target":{"@type":"EntryPoint","urlTemplate":"https:\/\/www.todanelo.com\/fr\/?s={search_term_string}"},"query-input":{"@type":"PropertyValueSpecification","valueRequired":true,"valueName":"search_term_string"}}],"inLanguage":"fr-FR"},{"@type":"Organization","@id":"https:\/\/www.todanelo.com\/fr\/#organization","name":"Toda &amp; Nel-lo Abogados","url":"https:\/\/www.todanelo.com\/fr\/","logo":{"@type":"ImageObject","inLanguage":"fr-FR","@id":"https:\/\/www.todanelo.com\/fr\/#\/schema\/logo\/image\/","url":"https:\/\/www.todanelo.com\/wp-content\/uploads\/logo-todanelo.png","contentUrl":"https:\/\/www.todanelo.com\/wp-content\/uploads\/logo-todanelo.png","width":390,"height":161,"caption":"Toda &amp; Nel-lo Abogados"},"image":{"@id":"https:\/\/www.todanelo.com\/fr\/#\/schema\/logo\/image\/"}}]}},"_links":{"self":[{"href":"https:\/\/www.todanelo.com\/fr\/wp-json\/wp\/v2\/legal-news\/3239","targetHints":{"allow":["GET"]}}],"collection":[{"href":"https:\/\/www.todanelo.com\/fr\/wp-json\/wp\/v2\/legal-news"}],"about":[{"href":"https:\/\/www.todanelo.com\/fr\/wp-json\/wp\/v2\/types\/legal-news"}],"version-history":[{"count":0,"href":"https:\/\/www.todanelo.com\/fr\/wp-json\/wp\/v2\/legal-news\/3239\/revisions"}],"wp:attachment":[{"href":"https:\/\/www.todanelo.com\/fr\/wp-json\/wp\/v2\/media?parent=3239"}],"curies":[{"name":"wp","href":"https:\/\/api.w.org\/{rel}","templated":true}]}}