{"id":3238,"date":"2014-11-07T13:45:00","date_gmt":"2014-11-07T13:45:00","guid":{"rendered":"https:\/\/beta.todanelo.com\/legal-news\/reforma-fiscal-adaptacion-de-los-modelos-036-y-037-las-modificaciones-de-la-ley\/"},"modified":"2014-11-07T13:45:00","modified_gmt":"2014-11-07T13:45:00","slug":"reforma-fiscal-adaptacion-de-los-modelos-036-y-037-las-modificaciones-de-la-ley","status":"publish","type":"legal-news","link":"https:\/\/www.todanelo.com\/fr\/actualite-juridique\/reforma-fiscal-adaptacion-de-los-modelos-036-y-037-las-modificaciones-de-la-ley\/","title":{"rendered":"REFORMA FISCAL: ADAPTACI\u00d3N DE LOS MODELOS 036 Y 037 A LAS MODIFICACIONES DE LA LEY Y EL REGLAMENTO DEL IVA"},"content":{"rendered":"<p>A finales del pasado mes de octubre se public\u00f3 el \u201cProyecto de Orden\u00a0por la que se modifica la Orden EHA\/1274\/2007, de 26 de abril, por la que se aprueban los modelos 036 de Declaraci\u00f3n censal de alta, modificaci\u00f3n y baja en el Censo de empresarios, profesionales y retenedores y 037 Declaraci\u00f3n censal simplificada de alta, modificaci\u00f3n y baja en el Censo de empresarios, profesionales y retenedores, y otra normativa tributaria\u201d.<\/p>\n<p>Al respecto, cabe destacar el hecho de que con arreglo a las modificaciones introducidas por la Orden proyectada deber\u00e1n de presentar obligatoriamente los modelos 036 y 037 electr\u00f3nicamente por Internet los obligados tributarios que bien tengan la condici\u00f3n de Administraci\u00f3n, bien est\u00e9n adscritos a la Delegaci\u00f3n Central de Grandes Contribuyentes o a alguna de las Unidades de Gesti\u00f3n de Grandes Empresas, bien tengan la forma de SA o SRL.\u00a0<\/p>\n","protected":false},"excerpt":{"rendered":"<p>A finales del pasado mes de octubre se public\u00f3 el \u201cProyecto de Orden\u00a0por la que se modifica la Orden EHA\/1274\/2007, de 26 de abril, por la que se aprueban los &hellip;<\/p>\n","protected":false},"featured_media":0,"template":"","meta":{"_acf_changed":false,"footnotes":""},"class_list":["post-3238","legal-news","type-legal-news","status-publish","hentry"],"acf":[],"yoast_head":"<!-- This site is optimized with the Yoast SEO plugin v27.4 - https:\/\/yoast.com\/product\/yoast-seo-wordpress\/ -->\n<title>REFORMA FISCAL: ADAPTACI\u00d3N DE LOS MODELOS 036 Y 037 A LAS MODIFICACIONES DE LA LEY Y EL REGLAMENTO DEL IVA - Toda &amp; Nel-lo Abogados<\/title>\n<meta name=\"description\" content=\"A finales del pasado mes de octubre se public\u00f3 el \u201cProyecto de Orden\u00a0por la que se modifica la Orden EHA\/1274\/2007, de 26 de abril, por la que se aprueban\" \/>\n<meta name=\"robots\" content=\"index, follow, max-snippet:-1, max-image-preview:large, max-video-preview:-1\" \/>\n<link rel=\"canonical\" href=\"https:\/\/www.todanelo.com\/fr\/actualite-juridique\/reforma-fiscal-adaptacion-de-los-modelos-036-y-037-las-modificaciones-de-la-ley\/\" \/>\n<meta property=\"og:locale\" content=\"fr_FR\" \/>\n<meta property=\"og:type\" content=\"article\" \/>\n<meta property=\"og:title\" content=\"REFORMA FISCAL: ADAPTACI\u00d3N DE LOS MODELOS 036 Y 037 A LAS MODIFICACIONES DE LA LEY Y EL REGLAMENTO DEL IVA - Toda &amp; Nel-lo Abogados\" \/>\n<meta property=\"og:description\" content=\"A finales del pasado mes de octubre se public\u00f3 el \u201cProyecto de Orden\u00a0por la que se modifica la Orden EHA\/1274\/2007, de 26 de abril, por la que se aprueban\" \/>\n<meta property=\"og:url\" content=\"https:\/\/www.todanelo.com\/fr\/actualite-juridique\/reforma-fiscal-adaptacion-de-los-modelos-036-y-037-las-modificaciones-de-la-ley\/\" \/>\n<meta property=\"og:site_name\" content=\"Toda &amp; Nel-lo Abogados\" \/>\n<meta name=\"twitter:card\" content=\"summary_large_image\" \/>\n<meta name=\"twitter:label1\" content=\"Dur\u00e9e de lecture estim\u00e9e\" \/>\n\t<meta name=\"twitter:data1\" content=\"1 minute\" \/>\n<script type=\"application\/ld+json\" class=\"yoast-schema-graph\">{\"@context\":\"https:\\\/\\\/schema.org\",\"@graph\":[{\"@type\":[\"WebPage\",\"ItemPage\"],\"@id\":\"https:\\\/\\\/www.todanelo.com\\\/fr\\\/actualite-juridique\\\/reforma-fiscal-adaptacion-de-los-modelos-036-y-037-las-modificaciones-de-la-ley\\\/\",\"url\":\"https:\\\/\\\/www.todanelo.com\\\/fr\\\/actualite-juridique\\\/reforma-fiscal-adaptacion-de-los-modelos-036-y-037-las-modificaciones-de-la-ley\\\/\",\"name\":\"REFORMA FISCAL: ADAPTACI\u00d3N DE LOS MODELOS 036 Y 037 A LAS MODIFICACIONES DE LA LEY Y EL REGLAMENTO DEL IVA - Toda &amp; Nel-lo Abogados\",\"isPartOf\":{\"@id\":\"https:\\\/\\\/www.todanelo.com\\\/fr\\\/#website\"},\"datePublished\":\"2014-11-07T13:45:00+00:00\",\"description\":\"A finales del pasado mes de octubre se public\u00f3 el \u201cProyecto de Orden\u00a0por la que se modifica la Orden EHA\\\/1274\\\/2007, de 26 de abril, por la que se aprueban\",\"breadcrumb\":{\"@id\":\"https:\\\/\\\/www.todanelo.com\\\/fr\\\/actualite-juridique\\\/reforma-fiscal-adaptacion-de-los-modelos-036-y-037-las-modificaciones-de-la-ley\\\/#breadcrumb\"},\"inLanguage\":\"fr-FR\",\"potentialAction\":[{\"@type\":\"ReadAction\",\"target\":[\"https:\\\/\\\/www.todanelo.com\\\/fr\\\/actualite-juridique\\\/reforma-fiscal-adaptacion-de-los-modelos-036-y-037-las-modificaciones-de-la-ley\\\/\"]}]},{\"@type\":\"BreadcrumbList\",\"@id\":\"https:\\\/\\\/www.todanelo.com\\\/fr\\\/actualite-juridique\\\/reforma-fiscal-adaptacion-de-los-modelos-036-y-037-las-modificaciones-de-la-ley\\\/#breadcrumb\",\"itemListElement\":[{\"@type\":\"ListItem\",\"position\":1,\"name\":\"Inicio\",\"item\":\"https:\\\/\\\/www.todanelo.com\\\/fr\\\/\"},{\"@type\":\"ListItem\",\"position\":2,\"name\":\"Actualidad jur\u00eddica\",\"item\":\"https:\\\/\\\/www.todanelo.com\\\/fr\\\/actualite-juridique\\\/\"},{\"@type\":\"ListItem\",\"position\":3,\"name\":\"REFORMA FISCAL: ADAPTACI\u00d3N DE LOS MODELOS 036 Y 037 A LAS MODIFICACIONES DE LA LEY Y EL REGLAMENTO DEL IVA\"}]},{\"@type\":\"WebSite\",\"@id\":\"https:\\\/\\\/www.todanelo.com\\\/fr\\\/#website\",\"url\":\"https:\\\/\\\/www.todanelo.com\\\/fr\\\/\",\"name\":\"Toda &amp; Nel-lo Abogados\",\"description\":\"Bureaux juridiques \u00e0 Barcelone et \u00e0 Madrid\",\"publisher\":{\"@id\":\"https:\\\/\\\/www.todanelo.com\\\/fr\\\/#organization\"},\"potentialAction\":[{\"@type\":\"SearchAction\",\"target\":{\"@type\":\"EntryPoint\",\"urlTemplate\":\"https:\\\/\\\/www.todanelo.com\\\/fr\\\/?s={search_term_string}\"},\"query-input\":{\"@type\":\"PropertyValueSpecification\",\"valueRequired\":true,\"valueName\":\"search_term_string\"}}],\"inLanguage\":\"fr-FR\"},{\"@type\":\"Organization\",\"@id\":\"https:\\\/\\\/www.todanelo.com\\\/fr\\\/#organization\",\"name\":\"Toda &amp; Nel-lo Abogados\",\"url\":\"https:\\\/\\\/www.todanelo.com\\\/fr\\\/\",\"logo\":{\"@type\":\"ImageObject\",\"inLanguage\":\"fr-FR\",\"@id\":\"https:\\\/\\\/www.todanelo.com\\\/fr\\\/#\\\/schema\\\/logo\\\/image\\\/\",\"url\":\"https:\\\/\\\/www.todanelo.com\\\/wp-content\\\/uploads\\\/logo-todanelo.png\",\"contentUrl\":\"https:\\\/\\\/www.todanelo.com\\\/wp-content\\\/uploads\\\/logo-todanelo.png\",\"width\":390,\"height\":161,\"caption\":\"Toda &amp; Nel-lo Abogados\"},\"image\":{\"@id\":\"https:\\\/\\\/www.todanelo.com\\\/fr\\\/#\\\/schema\\\/logo\\\/image\\\/\"}}]}<\/script>\n<!-- \/ Yoast SEO plugin. -->","yoast_head_json":{"title":"REFORMA FISCAL: ADAPTACI\u00d3N DE LOS MODELOS 036 Y 037 A LAS MODIFICACIONES DE LA LEY Y EL REGLAMENTO DEL IVA - Toda &amp; Nel-lo Abogados","description":"A finales del pasado mes de octubre se public\u00f3 el \u201cProyecto de Orden\u00a0por la que se modifica la Orden EHA\/1274\/2007, de 26 de abril, por la que se aprueban","robots":{"index":"index","follow":"follow","max-snippet":"max-snippet:-1","max-image-preview":"max-image-preview:large","max-video-preview":"max-video-preview:-1"},"canonical":"https:\/\/www.todanelo.com\/fr\/actualite-juridique\/reforma-fiscal-adaptacion-de-los-modelos-036-y-037-las-modificaciones-de-la-ley\/","og_locale":"fr_FR","og_type":"article","og_title":"REFORMA FISCAL: ADAPTACI\u00d3N DE LOS MODELOS 036 Y 037 A LAS MODIFICACIONES DE LA LEY Y EL REGLAMENTO DEL IVA - Toda &amp; Nel-lo Abogados","og_description":"A finales del pasado mes de octubre se public\u00f3 el \u201cProyecto de Orden\u00a0por la que se modifica la Orden EHA\/1274\/2007, de 26 de abril, por la que se aprueban","og_url":"https:\/\/www.todanelo.com\/fr\/actualite-juridique\/reforma-fiscal-adaptacion-de-los-modelos-036-y-037-las-modificaciones-de-la-ley\/","og_site_name":"Toda &amp; Nel-lo Abogados","twitter_card":"summary_large_image","twitter_misc":{"Dur\u00e9e de lecture estim\u00e9e":"1 minute"},"schema":{"@context":"https:\/\/schema.org","@graph":[{"@type":["WebPage","ItemPage"],"@id":"https:\/\/www.todanelo.com\/fr\/actualite-juridique\/reforma-fiscal-adaptacion-de-los-modelos-036-y-037-las-modificaciones-de-la-ley\/","url":"https:\/\/www.todanelo.com\/fr\/actualite-juridique\/reforma-fiscal-adaptacion-de-los-modelos-036-y-037-las-modificaciones-de-la-ley\/","name":"REFORMA FISCAL: ADAPTACI\u00d3N DE LOS MODELOS 036 Y 037 A LAS MODIFICACIONES DE LA LEY Y EL REGLAMENTO DEL IVA - Toda &amp; Nel-lo Abogados","isPartOf":{"@id":"https:\/\/www.todanelo.com\/fr\/#website"},"datePublished":"2014-11-07T13:45:00+00:00","description":"A finales del pasado mes de octubre se public\u00f3 el \u201cProyecto de Orden\u00a0por la que se modifica la Orden EHA\/1274\/2007, de 26 de abril, por la que se aprueban","breadcrumb":{"@id":"https:\/\/www.todanelo.com\/fr\/actualite-juridique\/reforma-fiscal-adaptacion-de-los-modelos-036-y-037-las-modificaciones-de-la-ley\/#breadcrumb"},"inLanguage":"fr-FR","potentialAction":[{"@type":"ReadAction","target":["https:\/\/www.todanelo.com\/fr\/actualite-juridique\/reforma-fiscal-adaptacion-de-los-modelos-036-y-037-las-modificaciones-de-la-ley\/"]}]},{"@type":"BreadcrumbList","@id":"https:\/\/www.todanelo.com\/fr\/actualite-juridique\/reforma-fiscal-adaptacion-de-los-modelos-036-y-037-las-modificaciones-de-la-ley\/#breadcrumb","itemListElement":[{"@type":"ListItem","position":1,"name":"Inicio","item":"https:\/\/www.todanelo.com\/fr\/"},{"@type":"ListItem","position":2,"name":"Actualidad jur\u00eddica","item":"https:\/\/www.todanelo.com\/fr\/actualite-juridique\/"},{"@type":"ListItem","position":3,"name":"REFORMA FISCAL: ADAPTACI\u00d3N DE LOS MODELOS 036 Y 037 A LAS MODIFICACIONES DE LA LEY Y EL REGLAMENTO DEL IVA"}]},{"@type":"WebSite","@id":"https:\/\/www.todanelo.com\/fr\/#website","url":"https:\/\/www.todanelo.com\/fr\/","name":"Toda &amp; Nel-lo Abogados","description":"Bureaux juridiques \u00e0 Barcelone et \u00e0 Madrid","publisher":{"@id":"https:\/\/www.todanelo.com\/fr\/#organization"},"potentialAction":[{"@type":"SearchAction","target":{"@type":"EntryPoint","urlTemplate":"https:\/\/www.todanelo.com\/fr\/?s={search_term_string}"},"query-input":{"@type":"PropertyValueSpecification","valueRequired":true,"valueName":"search_term_string"}}],"inLanguage":"fr-FR"},{"@type":"Organization","@id":"https:\/\/www.todanelo.com\/fr\/#organization","name":"Toda &amp; Nel-lo Abogados","url":"https:\/\/www.todanelo.com\/fr\/","logo":{"@type":"ImageObject","inLanguage":"fr-FR","@id":"https:\/\/www.todanelo.com\/fr\/#\/schema\/logo\/image\/","url":"https:\/\/www.todanelo.com\/wp-content\/uploads\/logo-todanelo.png","contentUrl":"https:\/\/www.todanelo.com\/wp-content\/uploads\/logo-todanelo.png","width":390,"height":161,"caption":"Toda &amp; Nel-lo Abogados"},"image":{"@id":"https:\/\/www.todanelo.com\/fr\/#\/schema\/logo\/image\/"}}]}},"_links":{"self":[{"href":"https:\/\/www.todanelo.com\/fr\/wp-json\/wp\/v2\/legal-news\/3238","targetHints":{"allow":["GET"]}}],"collection":[{"href":"https:\/\/www.todanelo.com\/fr\/wp-json\/wp\/v2\/legal-news"}],"about":[{"href":"https:\/\/www.todanelo.com\/fr\/wp-json\/wp\/v2\/types\/legal-news"}],"version-history":[{"count":0,"href":"https:\/\/www.todanelo.com\/fr\/wp-json\/wp\/v2\/legal-news\/3238\/revisions"}],"wp:attachment":[{"href":"https:\/\/www.todanelo.com\/fr\/wp-json\/wp\/v2\/media?parent=3238"}],"curies":[{"name":"wp","href":"https:\/\/api.w.org\/{rel}","templated":true}]}}