{"id":3203,"date":"2015-05-18T09:00:00","date_gmt":"2015-05-18T09:00:00","guid":{"rendered":"https:\/\/beta.todanelo.com\/legal-news\/la-regulacion-del-despido-colectivo-debe-ajustarse-al-derecho-comunitario-y\/"},"modified":"2015-05-18T09:00:00","modified_gmt":"2015-05-18T09:00:00","slug":"la-regulacion-del-despido-colectivo-debe-ajustarse-al-derecho-comunitario-y","status":"publish","type":"legal-news","link":"https:\/\/www.todanelo.com\/fr\/actualite-juridique\/la-regulacion-del-despido-colectivo-debe-ajustarse-al-derecho-comunitario-y\/","title":{"rendered":"La regulaci\u00f3n del despido colectivo debe ajustarse al Derecho Comunitario y aplicarse tambi\u00e9n en el \u00e1mbito del centro de trabajo"},"content":{"rendered":"<p>El art\u00edculo 51 del Estatuto de los Trabajadores (ET), que regula el despido colectivo, no puede limitar la unidad de referencia para calcular el umbral de trabajadores afectados a toda la empresa, y debe poder aplicarse tambi\u00e9n en el \u00e1mbito de un solo centro de trabajo. Esta es la conclusi\u00f3n a la que ha llegado el Tribunal de Justicia de la Uni\u00f3n Europea (TJUE) en su reciente sentencia de 13 de mayo de 2015, en la que dicho \u00f3rgano judicial analizaba si la normativa espa\u00f1ola sobre esta materia se adecuaba a las previsiones de la Directiva 98\/59\/CE del Consejo, de 20 de julio de 1998, relativa a la aproximaci\u00f3n de las legislaciones de los Estados miembros que se refieren a los despidos colectivos.<\/p>\n<p>La resoluci\u00f3n del TJUE insta, pues, a que el legislador espa\u00f1ol modifique el redactado del mencionado art\u00edculo 51 ET y, en todo caso, que de acuerdo con la normativa comunitaria, sea aplicado por los tribunales espa\u00f1oles contemplando la posibilidad de considerar que existe despido colectivo si en un centro de trabajo las extinciones de contratos superan los umbrales establecidos en los periodos temporales, seg\u00fan prev\u00e9 el mismo precepto.<\/p>\n<p>Concretamente, la conclusi\u00f3n a la que llega el TJUE es que dicha interpretaci\u00f3n debe ser la adecuada para garantizar los derechos de los trabajadores expres\u00e1ndose en los siguientes t\u00e9rminos: <em>\u201c(La Directiva) se opone a una normativa nacional que introduce, como \u00fanica unidad de referencia, la empresa y no el centro de trabajo, cuando la aplicaci\u00f3n de dicho criterio conlleva obstaculizar el procedimiento de informaci\u00f3n y consulta establecido en los art\u00edculos 2 a 4 de esta Directiva, siendo as\u00ed que, si se utilizase como unidad de referencia el centro de trabajo, los despidos de que se trata deber\u00edan calificarse de \u00abdespido colectivo\u00bb a la luz de la definici\u00f3n que figura en el art\u00edculo 1, apartado 1, p\u00e1rrafo primero, letra a), de dicha Directiva.\u201d<\/em><\/p>\n<p>Aunque la sentencia del TJUE no profundiza en m\u00e1s detalles, entre otras cosas porque su \u00e1mbito de cognici\u00f3n est\u00e1 limitado por tratarse de una cuesti\u00f3n prejudicial, debe suponerse que en caso de aplicar un despido colectivo en el \u00e1mbito del centro de trabajo la concurrencia de las causas econ\u00f3micas, t\u00e9cnicas, organizativas o de producci\u00f3n deben considerarse en dicho centro, y no en el global de la empresa o del grupo empresarial. Sin embargo, deber\u00e1 ser la jurisprudencia de nuestros tribunales la que d\u00e9 respuesta a \u00e9sta y otras dudas que pueda generar este pronunciamiento del \u00f3rgano judicial europeo.<\/p>\n<p><span style=\"font-size: 13.0080003738403px; line-height: 1.538em;\">Consulte el texto \u00edntegro de la sentencia <a href=\"http:\/\/curia.europa.eu\/juris\/document\/document.jsf;jsessionid=9ea7d2dc30dd88d72683a69c40b9b2d68b7e6acfe342.e34KaxiLc3qMb40Rch0SaxuQa3b0?text=&#038;docid=164259&#038;pageIndex=0&#038;doclang=ES&#038;mode=req&#038;dir=&#038;occ=first&#038;part=1&#038;cid=444525\" target=\"_blank\" rel=\"noopener\">aqu\u00ed<\/a><\/span><\/p>\n","protected":false},"excerpt":{"rendered":"<p>El art\u00edculo 51 del Estatuto de los Trabajadores (ET), que regula el despido colectivo, no puede limitar la unidad de referencia para calcular el umbral de trabajadores afectados a toda &hellip;<\/p>\n","protected":false},"featured_media":0,"template":"","meta":{"_acf_changed":false,"footnotes":""},"class_list":["post-3203","legal-news","type-legal-news","status-publish","hentry"],"acf":[],"yoast_head":"<!-- This site is optimized with the Yoast SEO plugin v27.4 - https:\/\/yoast.com\/product\/yoast-seo-wordpress\/ -->\n<title>La regulaci\u00f3n del despido colectivo debe ajustarse al Derecho Comunitario y aplicarse tambi\u00e9n en el \u00e1mbito del centro de trabajo - Toda &amp; Nel-lo Abogados<\/title>\n<meta name=\"description\" content=\"El art\u00edculo 51 del Estatuto de los Trabajadores (ET), que regula el despido colectivo, no puede limitar la unidad de referencia para calcular el umbral de\" \/>\n<meta name=\"robots\" content=\"index, follow, max-snippet:-1, max-image-preview:large, max-video-preview:-1\" \/>\n<link rel=\"canonical\" href=\"https:\/\/www.todanelo.com\/fr\/actualite-juridique\/la-regulacion-del-despido-colectivo-debe-ajustarse-al-derecho-comunitario-y\/\" \/>\n<meta property=\"og:locale\" content=\"fr_FR\" \/>\n<meta property=\"og:type\" content=\"article\" \/>\n<meta property=\"og:title\" content=\"La regulaci\u00f3n del despido colectivo debe ajustarse al Derecho Comunitario y aplicarse tambi\u00e9n en el \u00e1mbito del centro de trabajo - Toda &amp; Nel-lo Abogados\" \/>\n<meta property=\"og:description\" content=\"El art\u00edculo 51 del Estatuto de los Trabajadores (ET), que regula el despido colectivo, no puede limitar la unidad de referencia para calcular el umbral de\" \/>\n<meta property=\"og:url\" content=\"https:\/\/www.todanelo.com\/fr\/actualite-juridique\/la-regulacion-del-despido-colectivo-debe-ajustarse-al-derecho-comunitario-y\/\" \/>\n<meta property=\"og:site_name\" content=\"Toda &amp; Nel-lo Abogados\" \/>\n<meta name=\"twitter:card\" content=\"summary_large_image\" \/>\n<meta name=\"twitter:label1\" content=\"Dur\u00e9e de lecture estim\u00e9e\" \/>\n\t<meta name=\"twitter:data1\" content=\"2 minutes\" \/>\n<script type=\"application\/ld+json\" class=\"yoast-schema-graph\">{\"@context\":\"https:\\\/\\\/schema.org\",\"@graph\":[{\"@type\":[\"WebPage\",\"ItemPage\"],\"@id\":\"https:\\\/\\\/www.todanelo.com\\\/fr\\\/actualite-juridique\\\/la-regulacion-del-despido-colectivo-debe-ajustarse-al-derecho-comunitario-y\\\/\",\"url\":\"https:\\\/\\\/www.todanelo.com\\\/fr\\\/actualite-juridique\\\/la-regulacion-del-despido-colectivo-debe-ajustarse-al-derecho-comunitario-y\\\/\",\"name\":\"La regulaci\u00f3n del despido colectivo debe ajustarse al Derecho Comunitario y aplicarse tambi\u00e9n en el \u00e1mbito del centro de trabajo - Toda &amp; Nel-lo Abogados\",\"isPartOf\":{\"@id\":\"https:\\\/\\\/www.todanelo.com\\\/fr\\\/#website\"},\"datePublished\":\"2015-05-18T09:00:00+00:00\",\"description\":\"El art\u00edculo 51 del Estatuto de los Trabajadores (ET), que regula el despido colectivo, no puede limitar la unidad de referencia para calcular el umbral de\",\"breadcrumb\":{\"@id\":\"https:\\\/\\\/www.todanelo.com\\\/fr\\\/actualite-juridique\\\/la-regulacion-del-despido-colectivo-debe-ajustarse-al-derecho-comunitario-y\\\/#breadcrumb\"},\"inLanguage\":\"fr-FR\",\"potentialAction\":[{\"@type\":\"ReadAction\",\"target\":[\"https:\\\/\\\/www.todanelo.com\\\/fr\\\/actualite-juridique\\\/la-regulacion-del-despido-colectivo-debe-ajustarse-al-derecho-comunitario-y\\\/\"]}]},{\"@type\":\"BreadcrumbList\",\"@id\":\"https:\\\/\\\/www.todanelo.com\\\/fr\\\/actualite-juridique\\\/la-regulacion-del-despido-colectivo-debe-ajustarse-al-derecho-comunitario-y\\\/#breadcrumb\",\"itemListElement\":[{\"@type\":\"ListItem\",\"position\":1,\"name\":\"Inicio\",\"item\":\"https:\\\/\\\/www.todanelo.com\\\/fr\\\/\"},{\"@type\":\"ListItem\",\"position\":2,\"name\":\"Actualidad jur\u00eddica\",\"item\":\"https:\\\/\\\/www.todanelo.com\\\/fr\\\/actualite-juridique\\\/\"},{\"@type\":\"ListItem\",\"position\":3,\"name\":\"La regulaci\u00f3n del despido colectivo debe ajustarse al Derecho Comunitario y aplicarse tambi\u00e9n en el \u00e1mbito del centro de trabajo\"}]},{\"@type\":\"WebSite\",\"@id\":\"https:\\\/\\\/www.todanelo.com\\\/fr\\\/#website\",\"url\":\"https:\\\/\\\/www.todanelo.com\\\/fr\\\/\",\"name\":\"Toda &amp; Nel-lo Abogados\",\"description\":\"Bureaux juridiques \u00e0 Barcelone et \u00e0 Madrid\",\"publisher\":{\"@id\":\"https:\\\/\\\/www.todanelo.com\\\/fr\\\/#organization\"},\"potentialAction\":[{\"@type\":\"SearchAction\",\"target\":{\"@type\":\"EntryPoint\",\"urlTemplate\":\"https:\\\/\\\/www.todanelo.com\\\/fr\\\/?s={search_term_string}\"},\"query-input\":{\"@type\":\"PropertyValueSpecification\",\"valueRequired\":true,\"valueName\":\"search_term_string\"}}],\"inLanguage\":\"fr-FR\"},{\"@type\":\"Organization\",\"@id\":\"https:\\\/\\\/www.todanelo.com\\\/fr\\\/#organization\",\"name\":\"Toda &amp; Nel-lo Abogados\",\"url\":\"https:\\\/\\\/www.todanelo.com\\\/fr\\\/\",\"logo\":{\"@type\":\"ImageObject\",\"inLanguage\":\"fr-FR\",\"@id\":\"https:\\\/\\\/www.todanelo.com\\\/fr\\\/#\\\/schema\\\/logo\\\/image\\\/\",\"url\":\"https:\\\/\\\/www.todanelo.com\\\/wp-content\\\/uploads\\\/logo-todanelo.png\",\"contentUrl\":\"https:\\\/\\\/www.todanelo.com\\\/wp-content\\\/uploads\\\/logo-todanelo.png\",\"width\":390,\"height\":161,\"caption\":\"Toda &amp; Nel-lo Abogados\"},\"image\":{\"@id\":\"https:\\\/\\\/www.todanelo.com\\\/fr\\\/#\\\/schema\\\/logo\\\/image\\\/\"}}]}<\/script>\n<!-- \/ Yoast SEO plugin. -->","yoast_head_json":{"title":"La regulaci\u00f3n del despido colectivo debe ajustarse al Derecho Comunitario y aplicarse tambi\u00e9n en el \u00e1mbito del centro de trabajo - Toda &amp; Nel-lo Abogados","description":"El art\u00edculo 51 del Estatuto de los Trabajadores (ET), que regula el despido colectivo, no puede limitar la unidad de referencia para calcular el umbral de","robots":{"index":"index","follow":"follow","max-snippet":"max-snippet:-1","max-image-preview":"max-image-preview:large","max-video-preview":"max-video-preview:-1"},"canonical":"https:\/\/www.todanelo.com\/fr\/actualite-juridique\/la-regulacion-del-despido-colectivo-debe-ajustarse-al-derecho-comunitario-y\/","og_locale":"fr_FR","og_type":"article","og_title":"La regulaci\u00f3n del despido colectivo debe ajustarse al Derecho Comunitario y aplicarse tambi\u00e9n en el \u00e1mbito del centro de trabajo - Toda &amp; Nel-lo Abogados","og_description":"El art\u00edculo 51 del Estatuto de los Trabajadores (ET), que regula el despido colectivo, no puede limitar la unidad de referencia para calcular el umbral de","og_url":"https:\/\/www.todanelo.com\/fr\/actualite-juridique\/la-regulacion-del-despido-colectivo-debe-ajustarse-al-derecho-comunitario-y\/","og_site_name":"Toda &amp; Nel-lo Abogados","twitter_card":"summary_large_image","twitter_misc":{"Dur\u00e9e de lecture estim\u00e9e":"2 minutes"},"schema":{"@context":"https:\/\/schema.org","@graph":[{"@type":["WebPage","ItemPage"],"@id":"https:\/\/www.todanelo.com\/fr\/actualite-juridique\/la-regulacion-del-despido-colectivo-debe-ajustarse-al-derecho-comunitario-y\/","url":"https:\/\/www.todanelo.com\/fr\/actualite-juridique\/la-regulacion-del-despido-colectivo-debe-ajustarse-al-derecho-comunitario-y\/","name":"La regulaci\u00f3n del despido colectivo debe ajustarse al Derecho Comunitario y aplicarse tambi\u00e9n en el \u00e1mbito del centro de trabajo - Toda &amp; Nel-lo Abogados","isPartOf":{"@id":"https:\/\/www.todanelo.com\/fr\/#website"},"datePublished":"2015-05-18T09:00:00+00:00","description":"El art\u00edculo 51 del Estatuto de los Trabajadores (ET), que regula el despido colectivo, no puede limitar la unidad de referencia para calcular el umbral de","breadcrumb":{"@id":"https:\/\/www.todanelo.com\/fr\/actualite-juridique\/la-regulacion-del-despido-colectivo-debe-ajustarse-al-derecho-comunitario-y\/#breadcrumb"},"inLanguage":"fr-FR","potentialAction":[{"@type":"ReadAction","target":["https:\/\/www.todanelo.com\/fr\/actualite-juridique\/la-regulacion-del-despido-colectivo-debe-ajustarse-al-derecho-comunitario-y\/"]}]},{"@type":"BreadcrumbList","@id":"https:\/\/www.todanelo.com\/fr\/actualite-juridique\/la-regulacion-del-despido-colectivo-debe-ajustarse-al-derecho-comunitario-y\/#breadcrumb","itemListElement":[{"@type":"ListItem","position":1,"name":"Inicio","item":"https:\/\/www.todanelo.com\/fr\/"},{"@type":"ListItem","position":2,"name":"Actualidad jur\u00eddica","item":"https:\/\/www.todanelo.com\/fr\/actualite-juridique\/"},{"@type":"ListItem","position":3,"name":"La regulaci\u00f3n del despido colectivo debe ajustarse al Derecho Comunitario y aplicarse tambi\u00e9n en el \u00e1mbito del centro de trabajo"}]},{"@type":"WebSite","@id":"https:\/\/www.todanelo.com\/fr\/#website","url":"https:\/\/www.todanelo.com\/fr\/","name":"Toda &amp; Nel-lo Abogados","description":"Bureaux juridiques \u00e0 Barcelone et \u00e0 Madrid","publisher":{"@id":"https:\/\/www.todanelo.com\/fr\/#organization"},"potentialAction":[{"@type":"SearchAction","target":{"@type":"EntryPoint","urlTemplate":"https:\/\/www.todanelo.com\/fr\/?s={search_term_string}"},"query-input":{"@type":"PropertyValueSpecification","valueRequired":true,"valueName":"search_term_string"}}],"inLanguage":"fr-FR"},{"@type":"Organization","@id":"https:\/\/www.todanelo.com\/fr\/#organization","name":"Toda &amp; Nel-lo Abogados","url":"https:\/\/www.todanelo.com\/fr\/","logo":{"@type":"ImageObject","inLanguage":"fr-FR","@id":"https:\/\/www.todanelo.com\/fr\/#\/schema\/logo\/image\/","url":"https:\/\/www.todanelo.com\/wp-content\/uploads\/logo-todanelo.png","contentUrl":"https:\/\/www.todanelo.com\/wp-content\/uploads\/logo-todanelo.png","width":390,"height":161,"caption":"Toda &amp; Nel-lo Abogados"},"image":{"@id":"https:\/\/www.todanelo.com\/fr\/#\/schema\/logo\/image\/"}}]}},"_links":{"self":[{"href":"https:\/\/www.todanelo.com\/fr\/wp-json\/wp\/v2\/legal-news\/3203","targetHints":{"allow":["GET"]}}],"collection":[{"href":"https:\/\/www.todanelo.com\/fr\/wp-json\/wp\/v2\/legal-news"}],"about":[{"href":"https:\/\/www.todanelo.com\/fr\/wp-json\/wp\/v2\/types\/legal-news"}],"version-history":[{"count":0,"href":"https:\/\/www.todanelo.com\/fr\/wp-json\/wp\/v2\/legal-news\/3203\/revisions"}],"wp:attachment":[{"href":"https:\/\/www.todanelo.com\/fr\/wp-json\/wp\/v2\/media?parent=3203"}],"curies":[{"name":"wp","href":"https:\/\/api.w.org\/{rel}","templated":true}]}}