{"id":2559,"date":"2024-07-29T12:15:00","date_gmt":"2024-07-29T12:15:00","guid":{"rendered":"https:\/\/beta.todanelo.com\/legal-news\/directiva-sobre-diligencia-debida-de-las-empresas-en-materia-de-sostenibilidad\/"},"modified":"2024-07-29T12:15:00","modified_gmt":"2024-07-29T12:15:00","slug":"directiva-sobre-diligencia-debida-de-las-empresas-en-materia-de-sostenibilidad","status":"publish","type":"legal-news","link":"https:\/\/www.todanelo.com\/fr\/actualite-juridique\/directiva-sobre-diligencia-debida-de-las-empresas-en-materia-de-sostenibilidad\/","title":{"rendered":"Directiva sobre Diligencia Debida de las empresas en materia de sostenibilidad"},"content":{"rendered":"<p class=\"negro\">El 25 de julio marca la entrada en vigor de la Directiva 2024\/1760 que tiene por objeto asegurar que las empresas que operan en el mercado interior contribuyan al desarrollo sostenible y a la transici\u00f3n hacia la sostenibilidad de las econom\u00edas y las sociedades. Para ello exige la detecci\u00f3n y, cuando sea necesario, la priorizaci\u00f3n, prevenci\u00f3n, mitigaci\u00f3n, eliminaci\u00f3n, minimizaci\u00f3n y reparaci\u00f3n de los efectos adversos, reales o potenciales, sobre los derechos humanos y el medio ambiente en relaci\u00f3n con sus propias operaciones\u00a0 y las de sus filiales y socios comerciales.<\/p>\n<p class=\"negro\">La Directiva sigue un enfoque basado en el riesgo, siendo esencial la identificaci\u00f3n y evaluaci\u00f3n de riesgos de impactos adversos para el cumplimiento de las obligaciones empresariales. Las empresas deber\u00e1n construir un sistema adecuado para la prevenci\u00f3n, mitigaci\u00f3n, correcci\u00f3n y reparaci\u00f3n de estos riesgos, no solo para los identificados, sino tambi\u00e9n para los que debieran haber sido identificados.<\/p>\n<p class=\"negro\">En la aplicaci\u00f3n de esta norma, se deben considerar las circunstancias espec\u00edficas, la naturaleza y extensi\u00f3n de los efectos adversos, y los factores de riesgo pertinentes. Esto incluye la particularidad de las operaciones comerciales de la empresa, su cadena de actividades, el sector o la zona geogr\u00e1fica en la que operen sus socios comerciales, y el poder de la empresa para influir en sus socios comerciales directos e indirectos.<\/p>\n<p class=\"negro\">La Directiva se aplicar\u00e1 gradualmente a empresas con m\u00e1s de 1.000 empleados y un volumen de negocios superior a 450 millones de euros, cuyas actividades abarcan desde la producci\u00f3n de bienes o prestaci\u00f3n de servicios hasta la distribuci\u00f3n, transporte o almacenamiento de productos.<\/p>\n<p class=\"negro\">En conclusi\u00f3n, la Directiva exige que las empresas velen por el respeto de los derechos humanos y respeten las obligaciones medioambientales a lo largo de su cadena de actividades y para ello tendr\u00e1n que adoptar e implantar un <strong>sistema basado en el riesgo para supervisar, prevenir o reparar los perjuicios a los derechos humanos o al medio ambiente<\/strong> que identifica la Directiva.<\/p>\n<p class=\"negro\">El equipo de\u00a0<a href=\"https:\/\/www.todanelo.com\/areas-de-practica\/compliance\/corporate-defense-prevencion-penal-para-empresas-y-administradores\" target=\"_blank\" rel=\"noopener\">Compliance y Sostenibilidad de Toda &#038; Nel-lo\u00a0<\/a>puede asesorar en el cumplimiento de los requisitos legales y el alcance de esta Directiva.<\/p><\/p>\n","protected":false},"excerpt":{"rendered":"<p>La Directiva 2024\/1760, que entr\u00f3 en vigor el 25 de julio, exige a las empresas garantizar la sostenibilidad y el respeto a los derechos humanos a lo largo de su cadena de actividades.<\/p>\n","protected":false},"featured_media":2560,"template":"","meta":{"_acf_changed":false,"footnotes":""},"class_list":["post-2559","legal-news","type-legal-news","status-publish","has-post-thumbnail","hentry"],"acf":[],"yoast_head":"<!-- This site is optimized with the Yoast SEO plugin v27.4 - https:\/\/yoast.com\/product\/yoast-seo-wordpress\/ -->\n<title>Directiva sobre Diligencia Debida de las empresas en materia de sostenibilidad - Toda &amp; Nel-lo Abogados<\/title>\n<meta name=\"description\" content=\"La Directiva 2024\/1760, que entr\u00f3 en vigor el 25 de julio, exige a las empresas garantizar la sostenibilidad y el respeto a los derechos humanos a lo largo de su cadena de actividades.\" \/>\n<meta name=\"robots\" content=\"index, follow, max-snippet:-1, max-image-preview:large, max-video-preview:-1\" \/>\n<link rel=\"canonical\" href=\"https:\/\/www.todanelo.com\/fr\/actualite-juridique\/directiva-sobre-diligencia-debida-de-las-empresas-en-materia-de-sostenibilidad\/\" \/>\n<meta property=\"og:locale\" content=\"fr_FR\" \/>\n<meta property=\"og:type\" content=\"article\" \/>\n<meta property=\"og:title\" content=\"Directiva sobre Diligencia Debida de las empresas en materia de sostenibilidad - Toda &amp; Nel-lo Abogados\" \/>\n<meta property=\"og:description\" content=\"La Directiva 2024\/1760, que entr\u00f3 en vigor el 25 de julio, exige a las empresas garantizar la sostenibilidad y el respeto a los derechos humanos a lo largo de su cadena de actividades.\" \/>\n<meta property=\"og:url\" content=\"https:\/\/www.todanelo.com\/fr\/actualite-juridique\/directiva-sobre-diligencia-debida-de-las-empresas-en-materia-de-sostenibilidad\/\" \/>\n<meta property=\"og:site_name\" content=\"Toda &amp; Nel-lo Abogados\" \/>\n<meta property=\"og:image\" content=\"https:\/\/www.todanelo.com\/wp-content\/uploads\/imagen3.jpg\" \/>\n\t<meta property=\"og:image:width\" content=\"566\" \/>\n\t<meta property=\"og:image:height\" content=\"377\" \/>\n\t<meta property=\"og:image:type\" content=\"image\/jpeg\" \/>\n<meta name=\"twitter:card\" content=\"summary_large_image\" \/>\n<meta name=\"twitter:label1\" content=\"Dur\u00e9e de lecture estim\u00e9e\" \/>\n\t<meta name=\"twitter:data1\" content=\"2 minutes\" \/>\n<script type=\"application\/ld+json\" class=\"yoast-schema-graph\">{\"@context\":\"https:\\\/\\\/schema.org\",\"@graph\":[{\"@type\":[\"WebPage\",\"ItemPage\"],\"@id\":\"https:\\\/\\\/www.todanelo.com\\\/fr\\\/actualite-juridique\\\/directiva-sobre-diligencia-debida-de-las-empresas-en-materia-de-sostenibilidad\\\/\",\"url\":\"https:\\\/\\\/www.todanelo.com\\\/fr\\\/actualite-juridique\\\/directiva-sobre-diligencia-debida-de-las-empresas-en-materia-de-sostenibilidad\\\/\",\"name\":\"Directiva sobre Diligencia Debida de las empresas en materia de sostenibilidad - Toda &amp; Nel-lo Abogados\",\"isPartOf\":{\"@id\":\"https:\\\/\\\/www.todanelo.com\\\/fr\\\/#website\"},\"primaryImageOfPage\":{\"@id\":\"https:\\\/\\\/www.todanelo.com\\\/fr\\\/actualite-juridique\\\/directiva-sobre-diligencia-debida-de-las-empresas-en-materia-de-sostenibilidad\\\/#primaryimage\"},\"image\":{\"@id\":\"https:\\\/\\\/www.todanelo.com\\\/fr\\\/actualite-juridique\\\/directiva-sobre-diligencia-debida-de-las-empresas-en-materia-de-sostenibilidad\\\/#primaryimage\"},\"thumbnailUrl\":\"https:\\\/\\\/www.todanelo.com\\\/wp-content\\\/uploads\\\/imagen3.jpg\",\"datePublished\":\"2024-07-29T12:15:00+00:00\",\"description\":\"La Directiva 2024\\\/1760, que entr\u00f3 en vigor el 25 de julio, exige a las empresas garantizar la sostenibilidad y el respeto a los derechos humanos a lo largo de su cadena de actividades.\",\"breadcrumb\":{\"@id\":\"https:\\\/\\\/www.todanelo.com\\\/fr\\\/actualite-juridique\\\/directiva-sobre-diligencia-debida-de-las-empresas-en-materia-de-sostenibilidad\\\/#breadcrumb\"},\"inLanguage\":\"fr-FR\",\"potentialAction\":[{\"@type\":\"ReadAction\",\"target\":[\"https:\\\/\\\/www.todanelo.com\\\/fr\\\/actualite-juridique\\\/directiva-sobre-diligencia-debida-de-las-empresas-en-materia-de-sostenibilidad\\\/\"]}]},{\"@type\":\"ImageObject\",\"inLanguage\":\"fr-FR\",\"@id\":\"https:\\\/\\\/www.todanelo.com\\\/fr\\\/actualite-juridique\\\/directiva-sobre-diligencia-debida-de-las-empresas-en-materia-de-sostenibilidad\\\/#primaryimage\",\"url\":\"https:\\\/\\\/www.todanelo.com\\\/wp-content\\\/uploads\\\/imagen3.jpg\",\"contentUrl\":\"https:\\\/\\\/www.todanelo.com\\\/wp-content\\\/uploads\\\/imagen3.jpg\",\"width\":566,\"height\":377},{\"@type\":\"BreadcrumbList\",\"@id\":\"https:\\\/\\\/www.todanelo.com\\\/fr\\\/actualite-juridique\\\/directiva-sobre-diligencia-debida-de-las-empresas-en-materia-de-sostenibilidad\\\/#breadcrumb\",\"itemListElement\":[{\"@type\":\"ListItem\",\"position\":1,\"name\":\"Inicio\",\"item\":\"https:\\\/\\\/www.todanelo.com\\\/fr\\\/\"},{\"@type\":\"ListItem\",\"position\":2,\"name\":\"Actualidad jur\u00eddica\",\"item\":\"https:\\\/\\\/www.todanelo.com\\\/fr\\\/actualite-juridique\\\/\"},{\"@type\":\"ListItem\",\"position\":3,\"name\":\"Directiva sobre Diligencia Debida de las empresas en materia de sostenibilidad\"}]},{\"@type\":\"WebSite\",\"@id\":\"https:\\\/\\\/www.todanelo.com\\\/fr\\\/#website\",\"url\":\"https:\\\/\\\/www.todanelo.com\\\/fr\\\/\",\"name\":\"Toda &amp; Nel-lo Abogados\",\"description\":\"Bureaux juridiques \u00e0 Barcelone et \u00e0 Madrid\",\"publisher\":{\"@id\":\"https:\\\/\\\/www.todanelo.com\\\/fr\\\/#organization\"},\"potentialAction\":[{\"@type\":\"SearchAction\",\"target\":{\"@type\":\"EntryPoint\",\"urlTemplate\":\"https:\\\/\\\/www.todanelo.com\\\/fr\\\/?s={search_term_string}\"},\"query-input\":{\"@type\":\"PropertyValueSpecification\",\"valueRequired\":true,\"valueName\":\"search_term_string\"}}],\"inLanguage\":\"fr-FR\"},{\"@type\":\"Organization\",\"@id\":\"https:\\\/\\\/www.todanelo.com\\\/fr\\\/#organization\",\"name\":\"Toda &amp; Nel-lo Abogados\",\"url\":\"https:\\\/\\\/www.todanelo.com\\\/fr\\\/\",\"logo\":{\"@type\":\"ImageObject\",\"inLanguage\":\"fr-FR\",\"@id\":\"https:\\\/\\\/www.todanelo.com\\\/fr\\\/#\\\/schema\\\/logo\\\/image\\\/\",\"url\":\"https:\\\/\\\/www.todanelo.com\\\/wp-content\\\/uploads\\\/logo-todanelo.png\",\"contentUrl\":\"https:\\\/\\\/www.todanelo.com\\\/wp-content\\\/uploads\\\/logo-todanelo.png\",\"width\":390,\"height\":161,\"caption\":\"Toda &amp; Nel-lo Abogados\"},\"image\":{\"@id\":\"https:\\\/\\\/www.todanelo.com\\\/fr\\\/#\\\/schema\\\/logo\\\/image\\\/\"}}]}<\/script>\n<!-- \/ Yoast SEO plugin. -->","yoast_head_json":{"title":"Directiva sobre Diligencia Debida de las empresas en materia de sostenibilidad - Toda &amp; Nel-lo Abogados","description":"La Directiva 2024\/1760, que entr\u00f3 en vigor el 25 de julio, exige a las empresas garantizar la sostenibilidad y el respeto a los derechos humanos a lo largo de su cadena de actividades.","robots":{"index":"index","follow":"follow","max-snippet":"max-snippet:-1","max-image-preview":"max-image-preview:large","max-video-preview":"max-video-preview:-1"},"canonical":"https:\/\/www.todanelo.com\/fr\/actualite-juridique\/directiva-sobre-diligencia-debida-de-las-empresas-en-materia-de-sostenibilidad\/","og_locale":"fr_FR","og_type":"article","og_title":"Directiva sobre Diligencia Debida de las empresas en materia de sostenibilidad - Toda &amp; Nel-lo Abogados","og_description":"La Directiva 2024\/1760, que entr\u00f3 en vigor el 25 de julio, exige a las empresas garantizar la sostenibilidad y el respeto a los derechos humanos a lo largo de su cadena de actividades.","og_url":"https:\/\/www.todanelo.com\/fr\/actualite-juridique\/directiva-sobre-diligencia-debida-de-las-empresas-en-materia-de-sostenibilidad\/","og_site_name":"Toda &amp; Nel-lo Abogados","og_image":[{"width":566,"height":377,"url":"https:\/\/www.todanelo.com\/wp-content\/uploads\/imagen3.jpg","type":"image\/jpeg"}],"twitter_card":"summary_large_image","twitter_misc":{"Dur\u00e9e de lecture estim\u00e9e":"2 minutes"},"schema":{"@context":"https:\/\/schema.org","@graph":[{"@type":["WebPage","ItemPage"],"@id":"https:\/\/www.todanelo.com\/fr\/actualite-juridique\/directiva-sobre-diligencia-debida-de-las-empresas-en-materia-de-sostenibilidad\/","url":"https:\/\/www.todanelo.com\/fr\/actualite-juridique\/directiva-sobre-diligencia-debida-de-las-empresas-en-materia-de-sostenibilidad\/","name":"Directiva sobre Diligencia Debida de las empresas en materia de sostenibilidad - Toda &amp; Nel-lo Abogados","isPartOf":{"@id":"https:\/\/www.todanelo.com\/fr\/#website"},"primaryImageOfPage":{"@id":"https:\/\/www.todanelo.com\/fr\/actualite-juridique\/directiva-sobre-diligencia-debida-de-las-empresas-en-materia-de-sostenibilidad\/#primaryimage"},"image":{"@id":"https:\/\/www.todanelo.com\/fr\/actualite-juridique\/directiva-sobre-diligencia-debida-de-las-empresas-en-materia-de-sostenibilidad\/#primaryimage"},"thumbnailUrl":"https:\/\/www.todanelo.com\/wp-content\/uploads\/imagen3.jpg","datePublished":"2024-07-29T12:15:00+00:00","description":"La Directiva 2024\/1760, que entr\u00f3 en vigor el 25 de julio, exige a las empresas garantizar la sostenibilidad y el respeto a los derechos humanos a lo largo de su cadena de actividades.","breadcrumb":{"@id":"https:\/\/www.todanelo.com\/fr\/actualite-juridique\/directiva-sobre-diligencia-debida-de-las-empresas-en-materia-de-sostenibilidad\/#breadcrumb"},"inLanguage":"fr-FR","potentialAction":[{"@type":"ReadAction","target":["https:\/\/www.todanelo.com\/fr\/actualite-juridique\/directiva-sobre-diligencia-debida-de-las-empresas-en-materia-de-sostenibilidad\/"]}]},{"@type":"ImageObject","inLanguage":"fr-FR","@id":"https:\/\/www.todanelo.com\/fr\/actualite-juridique\/directiva-sobre-diligencia-debida-de-las-empresas-en-materia-de-sostenibilidad\/#primaryimage","url":"https:\/\/www.todanelo.com\/wp-content\/uploads\/imagen3.jpg","contentUrl":"https:\/\/www.todanelo.com\/wp-content\/uploads\/imagen3.jpg","width":566,"height":377},{"@type":"BreadcrumbList","@id":"https:\/\/www.todanelo.com\/fr\/actualite-juridique\/directiva-sobre-diligencia-debida-de-las-empresas-en-materia-de-sostenibilidad\/#breadcrumb","itemListElement":[{"@type":"ListItem","position":1,"name":"Inicio","item":"https:\/\/www.todanelo.com\/fr\/"},{"@type":"ListItem","position":2,"name":"Actualidad jur\u00eddica","item":"https:\/\/www.todanelo.com\/fr\/actualite-juridique\/"},{"@type":"ListItem","position":3,"name":"Directiva sobre Diligencia Debida de las empresas en materia de sostenibilidad"}]},{"@type":"WebSite","@id":"https:\/\/www.todanelo.com\/fr\/#website","url":"https:\/\/www.todanelo.com\/fr\/","name":"Toda &amp; Nel-lo Abogados","description":"Bureaux juridiques \u00e0 Barcelone et \u00e0 Madrid","publisher":{"@id":"https:\/\/www.todanelo.com\/fr\/#organization"},"potentialAction":[{"@type":"SearchAction","target":{"@type":"EntryPoint","urlTemplate":"https:\/\/www.todanelo.com\/fr\/?s={search_term_string}"},"query-input":{"@type":"PropertyValueSpecification","valueRequired":true,"valueName":"search_term_string"}}],"inLanguage":"fr-FR"},{"@type":"Organization","@id":"https:\/\/www.todanelo.com\/fr\/#organization","name":"Toda &amp; Nel-lo Abogados","url":"https:\/\/www.todanelo.com\/fr\/","logo":{"@type":"ImageObject","inLanguage":"fr-FR","@id":"https:\/\/www.todanelo.com\/fr\/#\/schema\/logo\/image\/","url":"https:\/\/www.todanelo.com\/wp-content\/uploads\/logo-todanelo.png","contentUrl":"https:\/\/www.todanelo.com\/wp-content\/uploads\/logo-todanelo.png","width":390,"height":161,"caption":"Toda &amp; Nel-lo Abogados"},"image":{"@id":"https:\/\/www.todanelo.com\/fr\/#\/schema\/logo\/image\/"}}]}},"_links":{"self":[{"href":"https:\/\/www.todanelo.com\/fr\/wp-json\/wp\/v2\/legal-news\/2559","targetHints":{"allow":["GET"]}}],"collection":[{"href":"https:\/\/www.todanelo.com\/fr\/wp-json\/wp\/v2\/legal-news"}],"about":[{"href":"https:\/\/www.todanelo.com\/fr\/wp-json\/wp\/v2\/types\/legal-news"}],"version-history":[{"count":0,"href":"https:\/\/www.todanelo.com\/fr\/wp-json\/wp\/v2\/legal-news\/2559\/revisions"}],"wp:featuredmedia":[{"embeddable":true,"href":"https:\/\/www.todanelo.com\/fr\/wp-json\/wp\/v2\/media\/2560"}],"wp:attachment":[{"href":"https:\/\/www.todanelo.com\/fr\/wp-json\/wp\/v2\/media?parent=2559"}],"curies":[{"name":"wp","href":"https:\/\/api.w.org\/{rel}","templated":true}]}}