{"id":6463,"date":"2026-07-22T18:47:46","date_gmt":"2026-07-22T18:47:46","guid":{"rendered":"https:\/\/www.todanelo.com\/articulos\/david-sandoval-nuevo-miembro-del-consejo-de-administracion-de-la-camara-francesa-de-comercio-en-barcelona\/"},"modified":"2026-07-27T09:26:49","modified_gmt":"2026-07-27T09:26:49","slug":"david-sandoval-nuevo-miembro-del-consejo-de-administracion-de-la-camara-francesa-de-comercio-en-barcelona","status":"publish","type":"article","link":"https:\/\/www.todanelo.com\/fr\/articulos\/david-sandoval-nuevo-miembro-del-consejo-de-administracion-de-la-camara-francesa-de-comercio-en-barcelona\/","title":{"rendered":"David Sandoval nomm\u00e9 nouveau membre du Conseil d\u2019administration de la Chambre Fran\u00e7aise de Commerce \u00e0 Barcelone"},"content":{"rendered":"\n<p class=\"wp-block-paragraph\"><a href=\"https:\/\/www.todanelo.com\/fr\/equipo-profesional\/david-sandoval\/\">David Sandoval<\/a>, directeur corporate de Toda &amp; Nel-lo, a \u00e9t\u00e9 nomm\u00e9 membre du Conseil d\u2019administration de la Chambre Fran\u00e7aise de Commerce \u00e0 Barcelone (CCI France Espagne) pour le prochain mandat de trois ans, \u00e0 la suite du r\u00e9cent renouvellement du Conseil de l\u2019institution et de la nomination de Vincent Cuvillier, Chief Strategy Officer de Cellnex Telecom, en tant que nouveau pr\u00e9sident.<\/p>\n\n\n\n<p class=\"wp-block-paragraph\">Fond\u00e9e en 1883, la <a href=\"https:\/\/www.camarafrancesa.es\/\">Chambre Fran\u00e7aise de Commerce \u00e0 Barcelone<\/a> est une institution de r\u00e9f\u00e9rence dans la promotion des relations \u00e9conomiques, commerciales et institutionnelles entre la France et l\u2019Espagne, favorisant la collaboration entre entreprises et professionnels des deux pays.<\/p>\n\n\n\n<p class=\"wp-block-paragraph\">La nomination de <a href=\"https:\/\/www.todanelo.com\/fr\/equipo-profesional\/david-sandoval\/\">David Sandoval<\/a> intervient quelques mois seulement apr\u00e8s l\u2019adh\u00e9sion de Toda &amp; Nel-lo \u00e0 la Chambre en tant que membre, une d\u00e9cision qui refl\u00e8te la volont\u00e9 du cabinet de participer activement aux principaux forums d\u2019affaires internationaux et de renforcer sa pr\u00e9sence au sein de l\u2019\u00e9cosyst\u00e8me franco-espagnol.<\/p>\n\n\n\n<p class=\"wp-block-paragraph\">Dans le cadre de cette nouvelle responsabilit\u00e9, <a href=\"https:\/\/www.todanelo.com\/fr\/equipo-profesional\/david-sandoval\/\">David <\/a>contribuera au d\u00e9veloppement des activit\u00e9s de l\u2019institution ainsi qu\u2019\u00e0 la promotion d\u2019initiatives visant \u00e0 renforcer davantage les liens entre les deux pays, un domaine \u00e9troitement li\u00e9 \u00e0 la vocation internationale de Toda &amp; Nel-lo.<\/p>\n\n\n\n<p class=\"wp-block-paragraph\"><strong>Renforcer les liens<\/strong><\/p>\n\n\n\n<p class=\"wp-block-paragraph\">La d\u00e9signation de <a href=\"https:\/\/www.todanelo.com\/fr\/equipo-profesional\/david-sandoval\/\">David Sandoval<\/a> renforce la pr\u00e9sence de Toda &amp; Nel-lo au sein d\u2019une institution cl\u00e9 pour les entreprises et les professionnels exer\u00e7ant leurs activit\u00e9s entre les deux pays.<\/p>\n\n\n\n<p class=\"wp-block-paragraph\">Son entr\u00e9e au Conseil d\u2019administration permettra de consolider davantage les relations du cabinet avec l\u2019un des principaux forums d\u2019affaires franco-espagnols et de contribuer au renforcement des liens entre les deux march\u00e9s.<\/p>\n","protected":false},"excerpt":{"rendered":"<p>David Sandoval nomm\u00e9 nouveau membre du Conseil d\u2019administration de la Chambre Fran\u00e7aise de Commerce \u00e0 Barcelone.<\/p>\n","protected":false},"featured_media":6392,"template":"","meta":{"_acf_changed":false,"footnotes":""},"class_list":["post-6463","article","type-article","status-publish","has-post-thumbnail","hentry"],"acf":[],"yoast_head":"<!-- This site is optimized with the Yoast SEO plugin v28.3 - https:\/\/yoast.com\/product\/yoast-seo-wordpress\/ -->\n<title>David Sandoval nomm\u00e9 nouveau membre du Conseil d\u2019administration de la Chambre Fran\u00e7aise de Commerce \u00e0 Barcelone - Toda &amp; Nel-lo Abogados<\/title>\n<meta name=\"description\" content=\"David Sandoval nomm\u00e9 nouveau membre du Conseil d\u2019administration de la Chambre Fran\u00e7aise de Commerce \u00e0 Barcelone.\" \/>\n<meta name=\"robots\" content=\"index, follow, max-snippet:-1, max-image-preview:large, max-video-preview:-1\" \/>\n<link rel=\"canonical\" href=\"https:\/\/www.todanelo.com\/fr\/articulos\/david-sandoval-nuevo-miembro-del-consejo-de-administracion-de-la-camara-francesa-de-comercio-en-barcelona\/\" \/>\n<meta property=\"og:locale\" content=\"fr_FR\" \/>\n<meta property=\"og:type\" content=\"article\" \/>\n<meta property=\"og:title\" content=\"David Sandoval nomm\u00e9 nouveau membre du Conseil d\u2019administration de la Chambre Fran\u00e7aise de Commerce \u00e0 Barcelone - Toda &amp; Nel-lo Abogados\" \/>\n<meta property=\"og:description\" content=\"David Sandoval nomm\u00e9 nouveau membre du Conseil d\u2019administration de la Chambre Fran\u00e7aise de Commerce \u00e0 Barcelone.\" \/>\n<meta property=\"og:url\" content=\"https:\/\/www.todanelo.com\/fr\/articulos\/david-sandoval-nuevo-miembro-del-consejo-de-administracion-de-la-camara-francesa-de-comercio-en-barcelona\/\" \/>\n<meta property=\"og:site_name\" content=\"Toda &amp; Nel-lo Abogados\" \/>\n<meta property=\"article:modified_time\" content=\"2026-07-27T09:26:49+00:00\" \/>\n<meta property=\"og:image\" content=\"https:\/\/www.todanelo.com\/wp-content\/uploads\/David-Sandoval-baja-scaled.jpg\" \/>\n\t<meta property=\"og:image:width\" content=\"2560\" \/>\n\t<meta property=\"og:image:height\" content=\"1920\" \/>\n\t<meta property=\"og:image:type\" content=\"image\/jpeg\" \/>\n<meta name=\"twitter:card\" content=\"summary_large_image\" \/>\n<meta name=\"twitter:label1\" content=\"Dur\u00e9e de lecture estim\u00e9e\" \/>\n\t<meta name=\"twitter:data1\" content=\"2 minutes\" \/>\n<script type=\"application\/ld+json\" class=\"yoast-schema-graph\">{\"@context\":\"https:\\\/\\\/schema.org\",\"@graph\":[{\"@type\":[\"WebPage\",\"ItemPage\"],\"@id\":\"https:\\\/\\\/www.todanelo.com\\\/fr\\\/articulos\\\/david-sandoval-nuevo-miembro-del-consejo-de-administracion-de-la-camara-francesa-de-comercio-en-barcelona\\\/\",\"url\":\"https:\\\/\\\/www.todanelo.com\\\/fr\\\/articulos\\\/david-sandoval-nuevo-miembro-del-consejo-de-administracion-de-la-camara-francesa-de-comercio-en-barcelona\\\/\",\"name\":\"David Sandoval nomm\u00e9 nouveau membre du Conseil d\u2019administration de la Chambre Fran\u00e7aise de Commerce \u00e0 Barcelone - Toda &amp; Nel-lo Abogados\",\"isPartOf\":{\"@id\":\"https:\\\/\\\/www.todanelo.com\\\/fr\\\/#website\"},\"primaryImageOfPage\":{\"@id\":\"https:\\\/\\\/www.todanelo.com\\\/fr\\\/articulos\\\/david-sandoval-nuevo-miembro-del-consejo-de-administracion-de-la-camara-francesa-de-comercio-en-barcelona\\\/#primaryimage\"},\"image\":{\"@id\":\"https:\\\/\\\/www.todanelo.com\\\/fr\\\/articulos\\\/david-sandoval-nuevo-miembro-del-consejo-de-administracion-de-la-camara-francesa-de-comercio-en-barcelona\\\/#primaryimage\"},\"thumbnailUrl\":\"https:\\\/\\\/www.todanelo.com\\\/wp-content\\\/uploads\\\/David-Sandoval-baja-scaled.jpg\",\"datePublished\":\"2026-07-22T18:47:46+00:00\",\"dateModified\":\"2026-07-27T09:26:49+00:00\",\"description\":\"David Sandoval nomm\u00e9 nouveau membre du Conseil d\u2019administration de la Chambre Fran\u00e7aise de Commerce \u00e0 Barcelone.\",\"breadcrumb\":{\"@id\":\"https:\\\/\\\/www.todanelo.com\\\/fr\\\/articulos\\\/david-sandoval-nuevo-miembro-del-consejo-de-administracion-de-la-camara-francesa-de-comercio-en-barcelona\\\/#breadcrumb\"},\"inLanguage\":\"fr-FR\",\"potentialAction\":[{\"@type\":\"ReadAction\",\"target\":[\"https:\\\/\\\/www.todanelo.com\\\/fr\\\/articulos\\\/david-sandoval-nuevo-miembro-del-consejo-de-administracion-de-la-camara-francesa-de-comercio-en-barcelona\\\/\"]}]},{\"@type\":\"ImageObject\",\"inLanguage\":\"fr-FR\",\"@id\":\"https:\\\/\\\/www.todanelo.com\\\/fr\\\/articulos\\\/david-sandoval-nuevo-miembro-del-consejo-de-administracion-de-la-camara-francesa-de-comercio-en-barcelona\\\/#primaryimage\",\"url\":\"https:\\\/\\\/www.todanelo.com\\\/wp-content\\\/uploads\\\/David-Sandoval-baja-scaled.jpg\",\"contentUrl\":\"https:\\\/\\\/www.todanelo.com\\\/wp-content\\\/uploads\\\/David-Sandoval-baja-scaled.jpg\",\"width\":2560,\"height\":1920},{\"@type\":\"BreadcrumbList\",\"@id\":\"https:\\\/\\\/www.todanelo.com\\\/fr\\\/articulos\\\/david-sandoval-nuevo-miembro-del-consejo-de-administracion-de-la-camara-francesa-de-comercio-en-barcelona\\\/#breadcrumb\",\"itemListElement\":[{\"@type\":\"ListItem\",\"position\":1,\"name\":\"Inicio\",\"item\":\"https:\\\/\\\/www.todanelo.com\\\/fr\\\/\"},{\"@type\":\"ListItem\",\"position\":2,\"name\":\"David Sandoval nomm\u00e9 nouveau membre du Conseil d\u2019administration de la Chambre Fran\u00e7aise de Commerce \u00e0 Barcelone\"}]},{\"@type\":\"WebSite\",\"@id\":\"https:\\\/\\\/www.todanelo.com\\\/fr\\\/#website\",\"url\":\"https:\\\/\\\/www.todanelo.com\\\/fr\\\/\",\"name\":\"Toda &amp; Nel-lo Abogados\",\"description\":\"Bureaux juridiques \u00e0 Barcelone et \u00e0 Madrid\",\"publisher\":{\"@id\":\"https:\\\/\\\/www.todanelo.com\\\/fr\\\/#organization\"},\"potentialAction\":[{\"@type\":\"SearchAction\",\"target\":{\"@type\":\"EntryPoint\",\"urlTemplate\":\"https:\\\/\\\/www.todanelo.com\\\/fr\\\/?s={search_term_string}\"},\"query-input\":{\"@type\":\"PropertyValueSpecification\",\"valueRequired\":true,\"valueName\":\"search_term_string\"}}],\"inLanguage\":\"fr-FR\"},{\"@type\":\"Organization\",\"@id\":\"https:\\\/\\\/www.todanelo.com\\\/fr\\\/#organization\",\"name\":\"Toda &amp; Nel-lo Abogados\",\"url\":\"https:\\\/\\\/www.todanelo.com\\\/fr\\\/\",\"logo\":{\"@type\":\"ImageObject\",\"inLanguage\":\"fr-FR\",\"@id\":\"https:\\\/\\\/www.todanelo.com\\\/fr\\\/#\\\/schema\\\/logo\\\/image\\\/\",\"url\":\"https:\\\/\\\/www.todanelo.com\\\/wp-content\\\/uploads\\\/logo-todanelo.png\",\"contentUrl\":\"https:\\\/\\\/www.todanelo.com\\\/wp-content\\\/uploads\\\/logo-todanelo.png\",\"width\":390,\"height\":161,\"caption\":\"Toda &amp; Nel-lo Abogados\"},\"image\":{\"@id\":\"https:\\\/\\\/www.todanelo.com\\\/fr\\\/#\\\/schema\\\/logo\\\/image\\\/\"}}]}<\/script>\n<!-- \/ Yoast SEO plugin. -->","yoast_head_json":{"title":"David Sandoval nomm\u00e9 nouveau membre du Conseil d\u2019administration de la Chambre Fran\u00e7aise de Commerce \u00e0 Barcelone - Toda &amp; Nel-lo Abogados","description":"David Sandoval nomm\u00e9 nouveau membre du Conseil d\u2019administration de la Chambre Fran\u00e7aise de Commerce \u00e0 Barcelone.","robots":{"index":"index","follow":"follow","max-snippet":"max-snippet:-1","max-image-preview":"max-image-preview:large","max-video-preview":"max-video-preview:-1"},"canonical":"https:\/\/www.todanelo.com\/fr\/articulos\/david-sandoval-nuevo-miembro-del-consejo-de-administracion-de-la-camara-francesa-de-comercio-en-barcelona\/","og_locale":"fr_FR","og_type":"article","og_title":"David Sandoval nomm\u00e9 nouveau membre du Conseil d\u2019administration de la Chambre Fran\u00e7aise de Commerce \u00e0 Barcelone - Toda &amp; Nel-lo Abogados","og_description":"David Sandoval nomm\u00e9 nouveau membre du Conseil d\u2019administration de la Chambre Fran\u00e7aise de Commerce \u00e0 Barcelone.","og_url":"https:\/\/www.todanelo.com\/fr\/articulos\/david-sandoval-nuevo-miembro-del-consejo-de-administracion-de-la-camara-francesa-de-comercio-en-barcelona\/","og_site_name":"Toda &amp; Nel-lo Abogados","article_modified_time":"2026-07-27T09:26:49+00:00","og_image":[{"width":2560,"height":1920,"url":"https:\/\/www.todanelo.com\/wp-content\/uploads\/David-Sandoval-baja-scaled.jpg","type":"image\/jpeg"}],"twitter_card":"summary_large_image","twitter_misc":{"Dur\u00e9e de lecture estim\u00e9e":"2 minutes"},"schema":{"@context":"https:\/\/schema.org","@graph":[{"@type":["WebPage","ItemPage"],"@id":"https:\/\/www.todanelo.com\/fr\/articulos\/david-sandoval-nuevo-miembro-del-consejo-de-administracion-de-la-camara-francesa-de-comercio-en-barcelona\/","url":"https:\/\/www.todanelo.com\/fr\/articulos\/david-sandoval-nuevo-miembro-del-consejo-de-administracion-de-la-camara-francesa-de-comercio-en-barcelona\/","name":"David Sandoval nomm\u00e9 nouveau membre du Conseil d\u2019administration de la Chambre Fran\u00e7aise de Commerce \u00e0 Barcelone - Toda &amp; Nel-lo Abogados","isPartOf":{"@id":"https:\/\/www.todanelo.com\/fr\/#website"},"primaryImageOfPage":{"@id":"https:\/\/www.todanelo.com\/fr\/articulos\/david-sandoval-nuevo-miembro-del-consejo-de-administracion-de-la-camara-francesa-de-comercio-en-barcelona\/#primaryimage"},"image":{"@id":"https:\/\/www.todanelo.com\/fr\/articulos\/david-sandoval-nuevo-miembro-del-consejo-de-administracion-de-la-camara-francesa-de-comercio-en-barcelona\/#primaryimage"},"thumbnailUrl":"https:\/\/www.todanelo.com\/wp-content\/uploads\/David-Sandoval-baja-scaled.jpg","datePublished":"2026-07-22T18:47:46+00:00","dateModified":"2026-07-27T09:26:49+00:00","description":"David Sandoval nomm\u00e9 nouveau membre du Conseil d\u2019administration de la Chambre Fran\u00e7aise de Commerce \u00e0 Barcelone.","breadcrumb":{"@id":"https:\/\/www.todanelo.com\/fr\/articulos\/david-sandoval-nuevo-miembro-del-consejo-de-administracion-de-la-camara-francesa-de-comercio-en-barcelona\/#breadcrumb"},"inLanguage":"fr-FR","potentialAction":[{"@type":"ReadAction","target":["https:\/\/www.todanelo.com\/fr\/articulos\/david-sandoval-nuevo-miembro-del-consejo-de-administracion-de-la-camara-francesa-de-comercio-en-barcelona\/"]}]},{"@type":"ImageObject","inLanguage":"fr-FR","@id":"https:\/\/www.todanelo.com\/fr\/articulos\/david-sandoval-nuevo-miembro-del-consejo-de-administracion-de-la-camara-francesa-de-comercio-en-barcelona\/#primaryimage","url":"https:\/\/www.todanelo.com\/wp-content\/uploads\/David-Sandoval-baja-scaled.jpg","contentUrl":"https:\/\/www.todanelo.com\/wp-content\/uploads\/David-Sandoval-baja-scaled.jpg","width":2560,"height":1920},{"@type":"BreadcrumbList","@id":"https:\/\/www.todanelo.com\/fr\/articulos\/david-sandoval-nuevo-miembro-del-consejo-de-administracion-de-la-camara-francesa-de-comercio-en-barcelona\/#breadcrumb","itemListElement":[{"@type":"ListItem","position":1,"name":"Inicio","item":"https:\/\/www.todanelo.com\/fr\/"},{"@type":"ListItem","position":2,"name":"David Sandoval nomm\u00e9 nouveau membre du Conseil d\u2019administration de la Chambre Fran\u00e7aise de Commerce \u00e0 Barcelone"}]},{"@type":"WebSite","@id":"https:\/\/www.todanelo.com\/fr\/#website","url":"https:\/\/www.todanelo.com\/fr\/","name":"Toda &amp; Nel-lo Abogados","description":"Bureaux juridiques \u00e0 Barcelone et \u00e0 Madrid","publisher":{"@id":"https:\/\/www.todanelo.com\/fr\/#organization"},"potentialAction":[{"@type":"SearchAction","target":{"@type":"EntryPoint","urlTemplate":"https:\/\/www.todanelo.com\/fr\/?s={search_term_string}"},"query-input":{"@type":"PropertyValueSpecification","valueRequired":true,"valueName":"search_term_string"}}],"inLanguage":"fr-FR"},{"@type":"Organization","@id":"https:\/\/www.todanelo.com\/fr\/#organization","name":"Toda &amp; Nel-lo Abogados","url":"https:\/\/www.todanelo.com\/fr\/","logo":{"@type":"ImageObject","inLanguage":"fr-FR","@id":"https:\/\/www.todanelo.com\/fr\/#\/schema\/logo\/image\/","url":"https:\/\/www.todanelo.com\/wp-content\/uploads\/logo-todanelo.png","contentUrl":"https:\/\/www.todanelo.com\/wp-content\/uploads\/logo-todanelo.png","width":390,"height":161,"caption":"Toda &amp; Nel-lo Abogados"},"image":{"@id":"https:\/\/www.todanelo.com\/fr\/#\/schema\/logo\/image\/"}}]}},"_links":{"self":[{"href":"https:\/\/www.todanelo.com\/fr\/wp-json\/wp\/v2\/article\/6463","targetHints":{"allow":["GET"]}}],"collection":[{"href":"https:\/\/www.todanelo.com\/fr\/wp-json\/wp\/v2\/article"}],"about":[{"href":"https:\/\/www.todanelo.com\/fr\/wp-json\/wp\/v2\/types\/article"}],"version-history":[{"count":1,"href":"https:\/\/www.todanelo.com\/fr\/wp-json\/wp\/v2\/article\/6463\/revisions"}],"predecessor-version":[{"id":6469,"href":"https:\/\/www.todanelo.com\/fr\/wp-json\/wp\/v2\/article\/6463\/revisions\/6469"}],"wp:featuredmedia":[{"embeddable":true,"href":"https:\/\/www.todanelo.com\/fr\/wp-json\/wp\/v2\/media\/6392"}],"wp:attachment":[{"href":"https:\/\/www.todanelo.com\/fr\/wp-json\/wp\/v2\/media?parent=6463"}],"curies":[{"name":"wp","href":"https:\/\/api.w.org\/{rel}","templated":true}]}}