{"id":5805,"date":"2026-03-13T15:18:23","date_gmt":"2026-03-13T15:18:23","guid":{"rendered":"https:\/\/www.todanelo.com\/?post_type=article&#038;p=5805"},"modified":"2026-03-13T15:36:42","modified_gmt":"2026-03-13T15:36:42","slug":"compliance-competitivite-et-defense-penale-de-lentreprise","status":"publish","type":"article","link":"https:\/\/www.todanelo.com\/fr\/articulos\/compliance-competitivite-et-defense-penale-de-lentreprise\/","title":{"rendered":"Compliance, comp\u00e9titivit\u00e9 et d\u00e9fense p\u00e9nale de l\u2019entreprise"},"content":{"rendered":"\n<p data-start=\"3788\" data-end=\"4078\"><span class=\"BZ_Pyq_fadeIn\">Le <\/span><strong data-start=\"3791\" data-end=\"3811\"><span class=\"BZ_Pyq_fadeIn\">25 <\/span><span class=\"BZ_Pyq_fadeIn\">mars <\/span><span class=\"BZ_Pyq_fadeIn\">prochain<\/span><\/strong><span class=\"BZ_Pyq_fadeIn\">, <\/span><span class=\"BZ_Pyq_fadeIn\">le <\/span><a href=\"https:\/\/www.todanelo.com\/fr\/domaines-de-pratique\/compliance-fr\/\"><span class=\"BZ_Pyq_fadeIn\">d\u00e9partement <\/span><span class=\"BZ_Pyq_fadeIn\">Compliance <\/span><\/a><span class=\"BZ_Pyq_fadeIn\">de <\/span><strong data-start=\"3842\" data-end=\"3859\"><span class=\"BZ_Pyq_fadeIn\">Toda &amp; <\/span><span class=\"BZ_Pyq_fadeIn\">Nel-<\/span><span class=\"BZ_Pyq_fadeIn\">lo<\/span><\/strong> <span class=\"BZ_Pyq_fadeIn\">et <\/span><span class=\"BZ_Pyq_fadeIn\">la <\/span><strong data-start=\"3866\" data-end=\"3899\"><span class=\"BZ_Pyq_fadeIn\">Chambre <\/span><span class=\"BZ_Pyq_fadeIn\">de <\/span><span class=\"BZ_Pyq_fadeIn\">Commerce <\/span><span class=\"BZ_Pyq_fadeIn\">de <\/span><span class=\"BZ_Pyq_fadeIn\">Madrid<\/span><\/strong> <span class=\"BZ_Pyq_fadeIn\">coorganiseront <\/span><span class=\"BZ_Pyq_fadeIn\">une <\/span><span class=\"BZ_Pyq_fadeIn\">conf\u00e9rence <\/span><span class=\"BZ_Pyq_fadeIn\">consacr\u00e9e <\/span><span class=\"BZ_Pyq_fadeIn\">aux <\/span><span class=\"BZ_Pyq_fadeIn\">principaux <\/span><span class=\"BZ_Pyq_fadeIn\">d\u00e9fis <\/span><span class=\"BZ_Pyq_fadeIn\">auxquels <\/span><span class=\"BZ_Pyq_fadeIn\">les <\/span><span class=\"BZ_Pyq_fadeIn\">entreprises <\/span><span class=\"BZ_Pyq_fadeIn\">sont <\/span><span class=\"BZ_Pyq_fadeIn\">confront\u00e9es <\/span><span class=\"BZ_Pyq_fadeIn\">en <\/span><span class=\"BZ_Pyq_fadeIn\">mati\u00e8re <\/span><span class=\"BZ_Pyq_fadeIn\">de <\/span><span class=\"BZ_Pyq_fadeIn\">conformit\u00e9 <\/span><span class=\"BZ_Pyq_fadeIn\">r\u00e9glementaire <\/span><span class=\"BZ_Pyq_fadeIn\">et <\/span><span class=\"BZ_Pyq_fadeIn\">de <\/span><span class=\"BZ_Pyq_fadeIn\">pr\u00e9vention <\/span><span class=\"BZ_Pyq_fadeIn\">des <\/span><span class=\"BZ_Pyq_fadeIn\">risques <\/span><span class=\"BZ_Pyq_fadeIn\">p\u00e9naux.<\/span><\/p>\n<p data-start=\"4080\" data-end=\"4359\"><span class=\"BZ_Pyq_fadeIn\">La <\/span><span class=\"BZ_Pyq_fadeIn\">session, <\/span><span class=\"BZ_Pyq_fadeIn\">qui <\/span><span class=\"BZ_Pyq_fadeIn\">se <\/span><span class=\"BZ_Pyq_fadeIn\">tiendra <\/span><strong data-start=\"4107\" data-end=\"4159\"><span class=\"BZ_Pyq_fadeIn\">en <\/span><span class=\"BZ_Pyq_fadeIn\">pr\u00e9sentiel <\/span><span class=\"BZ_Pyq_fadeIn\">au <\/span><span class=\"BZ_Pyq_fadeIn\">si\u00e8ge <\/span><span class=\"BZ_Pyq_fadeIn\">de <\/span><span class=\"BZ_Pyq_fadeIn\">la <\/span><span class=\"BZ_Pyq_fadeIn\">Plaza <\/span><span class=\"BZ_Pyq_fadeIn\">Independencia<\/span><\/strong><span class=\"BZ_Pyq_fadeIn\">, <\/span><span class=\"BZ_Pyq_fadeIn\">analysera <\/span><span class=\"BZ_Pyq_fadeIn\">d\u2019un <\/span><span class=\"BZ_Pyq_fadeIn\">point <\/span><span class=\"BZ_Pyq_fadeIn\">de <\/span><span class=\"BZ_Pyq_fadeIn\">vue <\/span><span class=\"BZ_Pyq_fadeIn\">pratique <\/span><span class=\"BZ_Pyq_fadeIn\">la <\/span><span class=\"BZ_Pyq_fadeIn\">n\u00e9cessit\u00e9 <\/span><span class=\"BZ_Pyq_fadeIn\">croissante <\/span><span class=\"BZ_Pyq_fadeIn\">pour <\/span><span class=\"BZ_Pyq_fadeIn\">les <\/span><span class=\"BZ_Pyq_fadeIn\">organisations <\/span><span class=\"BZ_Pyq_fadeIn\">d\u2019adopter <\/span><span class=\"BZ_Pyq_fadeIn\">des <\/span><span class=\"BZ_Pyq_fadeIn\">politiques <\/span><span class=\"BZ_Pyq_fadeIn\">efficaces <\/span><span class=\"BZ_Pyq_fadeIn\">de <\/span><span class=\"BZ_Pyq_fadeIn\">pr\u00e9vention <\/span><span class=\"BZ_Pyq_fadeIn\">des <\/span><span class=\"BZ_Pyq_fadeIn\">risques <\/span><span class=\"BZ_Pyq_fadeIn\">p\u00e9naux, <\/span><span class=\"BZ_Pyq_fadeIn\">adapt\u00e9es <\/span><span class=\"BZ_Pyq_fadeIn\">\u00e0 <\/span><span class=\"BZ_Pyq_fadeIn\">leur <\/span><span class=\"BZ_Pyq_fadeIn\">structure <\/span><span class=\"BZ_Pyq_fadeIn\">et <\/span><span class=\"BZ_Pyq_fadeIn\">\u00e0 <\/span><span class=\"BZ_Pyq_fadeIn\">leur <\/span><span class=\"BZ_Pyq_fadeIn\">activit\u00e9.<\/span><\/p>\n<p data-start=\"4361\" data-end=\"4788\"><span class=\"BZ_Pyq_fadeIn\">Dans <\/span><span class=\"BZ_Pyq_fadeIn\">un <\/span><span class=\"BZ_Pyq_fadeIn\">contexte <\/span><span class=\"BZ_Pyq_fadeIn\">marqu\u00e9 <\/span><span class=\"BZ_Pyq_fadeIn\">par <\/span><span class=\"BZ_Pyq_fadeIn\">une <\/span><span class=\"BZ_Pyq_fadeIn\">complexit\u00e9 <\/span><span class=\"BZ_Pyq_fadeIn\">r\u00e9glementaire <\/span><span class=\"BZ_Pyq_fadeIn\">accrue <\/span><span class=\"BZ_Pyq_fadeIn\">et <\/span><span class=\"BZ_Pyq_fadeIn\">une <\/span><span class=\"BZ_Pyq_fadeIn\">augmentation <\/span><span class=\"BZ_Pyq_fadeIn\">des <\/span><span class=\"BZ_Pyq_fadeIn\">risques <\/span><span class=\"BZ_Pyq_fadeIn\">li\u00e9s <\/span><span class=\"BZ_Pyq_fadeIn\">\u00e0 <\/span><span class=\"BZ_Pyq_fadeIn\">l\u2019activit\u00e9 <\/span><span class=\"BZ_Pyq_fadeIn\">\u00e9conomique, <\/span><span class=\"BZ_Pyq_fadeIn\">la <\/span><span class=\"BZ_Pyq_fadeIn\">conformit\u00e9 <\/span><span class=\"BZ_Pyq_fadeIn\">est <\/span><span class=\"BZ_Pyq_fadeIn\">devenue <\/span><span class=\"BZ_Pyq_fadeIn\">un <\/span><span class=\"BZ_Pyq_fadeIn\">outil <\/span><span class=\"BZ_Pyq_fadeIn\">strat\u00e9gique <\/span><span class=\"BZ_Pyq_fadeIn\">pour <\/span><span class=\"BZ_Pyq_fadeIn\">les <\/span><span class=\"BZ_Pyq_fadeIn\">entreprises. <\/span><span class=\"BZ_Pyq_fadeIn\">Le <\/span><strong data-start=\"4559\" data-end=\"4573\"><span class=\"BZ_Pyq_fadeIn\">Code <\/span><span class=\"BZ_Pyq_fadeIn\">p\u00e9nal<\/span><\/strong> <span class=\"BZ_Pyq_fadeIn\">pr\u00e9voit <\/span><span class=\"BZ_Pyq_fadeIn\">que <\/span><span class=\"BZ_Pyq_fadeIn\">les <\/span><span class=\"BZ_Pyq_fadeIn\">personnes <\/span><span class=\"BZ_Pyq_fadeIn\">morales <\/span><span class=\"BZ_Pyq_fadeIn\">peuvent <\/span><span class=\"BZ_Pyq_fadeIn\">\u00eatre <\/span><span class=\"BZ_Pyq_fadeIn\">p\u00e9nalement <\/span><span class=\"BZ_Pyq_fadeIn\">responsables <\/span><span class=\"BZ_Pyq_fadeIn\">des <\/span><span class=\"BZ_Pyq_fadeIn\">infractions <\/span><span class=\"BZ_Pyq_fadeIn\">commises <\/span><span class=\"BZ_Pyq_fadeIn\">par <\/span><span class=\"BZ_Pyq_fadeIn\">leurs <\/span><span class=\"BZ_Pyq_fadeIn\">dirigeants <\/span><span class=\"BZ_Pyq_fadeIn\">ou <\/span><span class=\"BZ_Pyq_fadeIn\">leurs <\/span><span class=\"BZ_Pyq_fadeIn\">employ\u00e9s, <\/span><span class=\"BZ_Pyq_fadeIn\">ce <\/span><span class=\"BZ_Pyq_fadeIn\">qui <\/span><span class=\"BZ_Pyq_fadeIn\">place <\/span><span class=\"BZ_Pyq_fadeIn\">la <\/span><span class=\"BZ_Pyq_fadeIn\">gestion <\/span><span class=\"BZ_Pyq_fadeIn\">de <\/span><span class=\"BZ_Pyq_fadeIn\">ces <\/span><span class=\"BZ_Pyq_fadeIn\">risques <\/span><span class=\"BZ_Pyq_fadeIn\">au <\/span><span class=\"BZ_Pyq_fadeIn\">c\u0153ur <\/span><span class=\"BZ_Pyq_fadeIn\">de <\/span><span class=\"BZ_Pyq_fadeIn\">la <\/span><span class=\"BZ_Pyq_fadeIn\">gouvernance <\/span><span class=\"BZ_Pyq_fadeIn\">d\u2019entreprise.<\/span><\/p>\n<p data-start=\"4790\" data-end=\"5113\"><span class=\"BZ_Pyq_fadeIn\">Au <\/span><span class=\"BZ_Pyq_fadeIn\">cours <\/span><span class=\"BZ_Pyq_fadeIn\">de <\/span><span class=\"BZ_Pyq_fadeIn\">la <\/span><span class=\"BZ_Pyq_fadeIn\">conf\u00e9rence <\/span><span class=\"BZ_Pyq_fadeIn\">seront <\/span><span class=\"BZ_Pyq_fadeIn\">abord\u00e9es <\/span><span class=\"BZ_Pyq_fadeIn\">les <\/span><span class=\"BZ_Pyq_fadeIn\">principales <\/span><span class=\"BZ_Pyq_fadeIn\">cl\u00e9s <\/span><span class=\"BZ_Pyq_fadeIn\">pour <\/span><span class=\"BZ_Pyq_fadeIn\">mettre <\/span><span class=\"BZ_Pyq_fadeIn\">en <\/span><span class=\"BZ_Pyq_fadeIn\">\u0153uvre <\/span><span class=\"BZ_Pyq_fadeIn\">un <\/span><strong data-start=\"4877\" data-end=\"4921\"><span class=\"BZ_Pyq_fadeIn\">Syst\u00e8me <\/span><span class=\"BZ_Pyq_fadeIn\">de <\/span><span class=\"BZ_Pyq_fadeIn\">Pr\u00e9vention <\/span><span class=\"BZ_Pyq_fadeIn\">des <\/span><span class=\"BZ_Pyq_fadeIn\">Risques <\/span><span class=\"BZ_Pyq_fadeIn\">P\u00e9naux<\/span><\/strong><span class=\"BZ_Pyq_fadeIn\">, <\/span><span class=\"BZ_Pyq_fadeIn\">ainsi <\/span><span class=\"BZ_Pyq_fadeIn\">que <\/span><span class=\"BZ_Pyq_fadeIn\">les <\/span><span class=\"BZ_Pyq_fadeIn\">m\u00e9canismes <\/span><span class=\"BZ_Pyq_fadeIn\">permettant <\/span><span class=\"BZ_Pyq_fadeIn\">aux <\/span><span class=\"BZ_Pyq_fadeIn\">entreprises <\/span><span class=\"BZ_Pyq_fadeIn\">de <\/span><span class=\"BZ_Pyq_fadeIn\">pr\u00e9venir <\/span><span class=\"BZ_Pyq_fadeIn\">les <\/span><span class=\"BZ_Pyq_fadeIn\">comportements <\/span><span class=\"BZ_Pyq_fadeIn\">illicites <\/span><span class=\"BZ_Pyq_fadeIn\">au <\/span><span class=\"BZ_Pyq_fadeIn\">sein <\/span><span class=\"BZ_Pyq_fadeIn\">de <\/span><span class=\"BZ_Pyq_fadeIn\">l\u2019organisation <\/span><span class=\"BZ_Pyq_fadeIn\">et, <\/span><span class=\"BZ_Pyq_fadeIn\">le <\/span><span class=\"BZ_Pyq_fadeIn\">cas <\/span><span class=\"BZ_Pyq_fadeIn\">\u00e9ch\u00e9ant, <\/span><span class=\"BZ_Pyq_fadeIn\">d\u2019exon\u00e9rer <\/span><span class=\"BZ_Pyq_fadeIn\">ou <\/span><span class=\"BZ_Pyq_fadeIn\">d\u2019att\u00e9nuer <\/span><span class=\"BZ_Pyq_fadeIn\">leur <\/span><span class=\"BZ_Pyq_fadeIn\">responsabilit\u00e9 <\/span><span class=\"BZ_Pyq_fadeIn\">p\u00e9nale.<\/span><\/p>\n<p data-start=\"5115\" data-end=\"5480\"><span class=\"BZ_Pyq_fadeIn\">L\u2019\u00e9quipe <\/span><span class=\"BZ_Pyq_fadeIn\">de <\/span><strong data-start=\"5127\" data-end=\"5144\"><span class=\"BZ_Pyq_fadeIn\">Toda &amp; <\/span><span class=\"BZ_Pyq_fadeIn\">Nel-<\/span><span class=\"BZ_Pyq_fadeIn\">lo<\/span><\/strong> <span class=\"BZ_Pyq_fadeIn\">analysera <\/span><span class=\"BZ_Pyq_fadeIn\">\u00e9galement <\/span><span class=\"BZ_Pyq_fadeIn\">les <\/span><span class=\"BZ_Pyq_fadeIn\">questions <\/span><span class=\"BZ_Pyq_fadeIn\">fondamentales <\/span><span class=\"BZ_Pyq_fadeIn\">que <\/span><span class=\"BZ_Pyq_fadeIn\">les <\/span><span class=\"BZ_Pyq_fadeIn\">entreprises <\/span><span class=\"BZ_Pyq_fadeIn\">doivent <\/span><span class=\"BZ_Pyq_fadeIn\">prendre <\/span><span class=\"BZ_Pyq_fadeIn\">en <\/span><span class=\"BZ_Pyq_fadeIn\">compte <\/span><span class=\"BZ_Pyq_fadeIn\">lorsqu\u2019elles <\/span><span class=\"BZ_Pyq_fadeIn\">font <\/span><span class=\"BZ_Pyq_fadeIn\">face <\/span><span class=\"BZ_Pyq_fadeIn\">\u00e0 <\/span><span class=\"BZ_Pyq_fadeIn\">la <\/span><span class=\"BZ_Pyq_fadeIn\">d\u00e9fense <\/span><span class=\"BZ_Pyq_fadeIn\">p\u00e9nale <\/span><span class=\"BZ_Pyq_fadeIn\">de <\/span><span class=\"BZ_Pyq_fadeIn\">l\u2019entreprise, <\/span><span class=\"BZ_Pyq_fadeIn\">en <\/span><span class=\"BZ_Pyq_fadeIn\">mettant <\/span><span class=\"BZ_Pyq_fadeIn\">l\u2019accent <\/span><span class=\"BZ_Pyq_fadeIn\">sur <\/span><span class=\"BZ_Pyq_fadeIn\">l\u2019importance <\/span><span class=\"BZ_Pyq_fadeIn\">de <\/span><span class=\"BZ_Pyq_fadeIn\">disposer <\/span><span class=\"BZ_Pyq_fadeIn\">de <\/span><span class=\"BZ_Pyq_fadeIn\">syst\u00e8mes <\/span><span class=\"BZ_Pyq_fadeIn\">de <\/span><span class=\"BZ_Pyq_fadeIn\">contr\u00f4le <\/span><span class=\"BZ_Pyq_fadeIn\">efficaces <\/span><span class=\"BZ_Pyq_fadeIn\">permettant <\/span><span class=\"BZ_Pyq_fadeIn\">de <\/span><span class=\"BZ_Pyq_fadeIn\">prot\u00e9ger <\/span><span class=\"BZ_Pyq_fadeIn\">la <\/span><span class=\"BZ_Pyq_fadeIn\">continuit\u00e9 <\/span><span class=\"BZ_Pyq_fadeIn\">de <\/span><span class=\"BZ_Pyq_fadeIn\">l\u2019activit\u00e9 <\/span><span class=\"BZ_Pyq_fadeIn\">et <\/span><span class=\"BZ_Pyq_fadeIn\">de <\/span><span class=\"BZ_Pyq_fadeIn\">renforcer <\/span><span class=\"BZ_Pyq_fadeIn\">la <\/span><span class=\"BZ_Pyq_fadeIn\">comp\u00e9titivit\u00e9 <\/span><span class=\"BZ_Pyq_fadeIn\">sur <\/span><span class=\"BZ_Pyq_fadeIn\">le <\/span><span class=\"BZ_Pyq_fadeIn\">march\u00e9.<\/span><\/p>\n<p data-start=\"5482\" data-end=\"5679\"><span class=\"BZ_Pyq_fadeIn\">La <\/span><span class=\"BZ_Pyq_fadeIn\">conf\u00e9rence <\/span><span class=\"BZ_Pyq_fadeIn\">s\u2019adresse <\/span><span class=\"BZ_Pyq_fadeIn\">aux <\/span><strong data-start=\"5510\" data-end=\"5678\"><span class=\"BZ_Pyq_fadeIn\">dirigeants, <\/span><span class=\"BZ_Pyq_fadeIn\">responsables <\/span><span class=\"BZ_Pyq_fadeIn\">compliance, <\/span><span class=\"BZ_Pyq_fadeIn\">conseillers <\/span><span class=\"BZ_Pyq_fadeIn\">juridiques <\/span><span class=\"BZ_Pyq_fadeIn\">et <\/span><span class=\"BZ_Pyq_fadeIn\">professionnels <\/span><span class=\"BZ_Pyq_fadeIn\">int\u00e9ress\u00e9s <\/span><span class=\"BZ_Pyq_fadeIn\">par <\/span><span class=\"BZ_Pyq_fadeIn\">le <\/span><span class=\"BZ_Pyq_fadeIn\">renforcement <\/span><span class=\"BZ_Pyq_fadeIn\">des <\/span><span class=\"BZ_Pyq_fadeIn\">syst\u00e8mes <\/span><span class=\"BZ_Pyq_fadeIn\">de <\/span><span class=\"BZ_Pyq_fadeIn\">contr\u00f4le <\/span><span class=\"BZ_Pyq_fadeIn\">interne <\/span><span class=\"BZ_Pyq_fadeIn\">de <\/span><span class=\"BZ_Pyq_fadeIn\">leurs <\/span><span class=\"BZ_Pyq_fadeIn\">organisations<\/span><\/strong><span class=\"BZ_Pyq_fadeIn\">.<\/span><\/p>\n<p data-start=\"5681\" data-end=\"5768\" data-is-last-node=\"\" data-is-only-node=\"\"><strong data-start=\"5681\" data-end=\"5722\"><span class=\"BZ_Pyq_fadeIn\">Plus <\/span><span class=\"BZ_Pyq_fadeIn\">d\u2019informations <\/span><span class=\"BZ_Pyq_fadeIn\">et <\/span><span class=\"BZ_Pyq_fadeIn\">inscriptions :<\/span><\/strong> <a href=\"https:\/\/www.camaramadrid.es\/evento\/-\/item\/evento\/11366\/compliance-y-estrategia-de-defensa-penal-de-la-empresa\"><span class=\"BZ_Pyq_fadeIn\">site <\/span><span class=\"BZ_Pyq_fadeIn\">web <\/span><span class=\"BZ_Pyq_fadeIn\">de <\/span><span class=\"BZ_Pyq_fadeIn\">la <\/span><span class=\"BZ_Pyq_fadeIn\">Chambre <\/span><span class=\"BZ_Pyq_fadeIn\">de <\/span><span class=\"BZ_Pyq_fadeIn\">Commerce <\/span><span class=\"BZ_Pyq_fadeIn\">de <\/span><\/a><span class=\"BZ_Pyq_fadeIn\">Madrid.<\/span><\/p>\n","protected":false},"excerpt":{"rendered":"<p>Le 25 mars prochain, le d\u00e9partement Compliance de Toda &amp; Nel-lo et la Chambre de Commerce de Madrid coorganiseront une conf\u00e9rence consacr\u00e9e aux principaux d\u00e9fis auxquels les entreprises sont confront\u00e9es &hellip;<\/p>\n","protected":false},"featured_media":5798,"template":"","meta":{"_acf_changed":false,"footnotes":""},"class_list":["post-5805","article","type-article","status-publish","has-post-thumbnail","hentry"],"acf":[],"yoast_head":"<!-- This site is optimized with the Yoast SEO plugin v27.4 - https:\/\/yoast.com\/product\/yoast-seo-wordpress\/ -->\n<title>Compliance, comp\u00e9titivit\u00e9 et d\u00e9fense p\u00e9nale de l\u2019entreprise - Toda &amp; Nel-lo Abogados<\/title>\n<meta name=\"description\" content=\"Le 25 mars prochain, le d\u00e9partement Compliance de Toda &amp; Nel-lo et la Chambre de Commerce de Madrid coorganiseront une conf\u00e9rence consacr\u00e9e aux\" \/>\n<meta name=\"robots\" content=\"index, follow, max-snippet:-1, max-image-preview:large, max-video-preview:-1\" \/>\n<link rel=\"canonical\" href=\"https:\/\/www.todanelo.com\/fr\/articulos\/compliance-competitivite-et-defense-penale-de-lentreprise\/\" \/>\n<meta property=\"og:locale\" content=\"fr_FR\" \/>\n<meta property=\"og:type\" content=\"article\" \/>\n<meta property=\"og:title\" content=\"Compliance, comp\u00e9titivit\u00e9 et d\u00e9fense p\u00e9nale de l\u2019entreprise - Toda &amp; Nel-lo Abogados\" \/>\n<meta property=\"og:description\" content=\"Le 25 mars prochain, le d\u00e9partement Compliance de Toda &amp; Nel-lo et la Chambre de Commerce de Madrid coorganiseront une conf\u00e9rence consacr\u00e9e aux\" \/>\n<meta property=\"og:url\" content=\"https:\/\/www.todanelo.com\/fr\/articulos\/compliance-competitivite-et-defense-penale-de-lentreprise\/\" \/>\n<meta property=\"og:site_name\" content=\"Toda &amp; Nel-lo Abogados\" \/>\n<meta property=\"article:modified_time\" content=\"2026-03-13T15:36:42+00:00\" \/>\n<meta property=\"og:image\" content=\"https:\/\/www.todanelo.com\/wp-content\/uploads\/banner_jornada_compliance.jpg\" \/>\n\t<meta property=\"og:image:width\" content=\"611\" \/>\n\t<meta property=\"og:image:height\" content=\"478\" \/>\n\t<meta property=\"og:image:type\" content=\"image\/jpeg\" \/>\n<meta name=\"twitter:card\" content=\"summary_large_image\" \/>\n<meta name=\"twitter:label1\" content=\"Dur\u00e9e de lecture estim\u00e9e\" \/>\n\t<meta name=\"twitter:data1\" content=\"2 minutes\" \/>\n<script type=\"application\/ld+json\" class=\"yoast-schema-graph\">{\"@context\":\"https:\\\/\\\/schema.org\",\"@graph\":[{\"@type\":[\"WebPage\",\"ItemPage\"],\"@id\":\"https:\\\/\\\/www.todanelo.com\\\/fr\\\/articulos\\\/compliance-competitivite-et-defense-penale-de-lentreprise\\\/\",\"url\":\"https:\\\/\\\/www.todanelo.com\\\/fr\\\/articulos\\\/compliance-competitivite-et-defense-penale-de-lentreprise\\\/\",\"name\":\"Compliance, comp\u00e9titivit\u00e9 et d\u00e9fense p\u00e9nale de l\u2019entreprise - Toda &amp; Nel-lo Abogados\",\"isPartOf\":{\"@id\":\"https:\\\/\\\/www.todanelo.com\\\/fr\\\/#website\"},\"primaryImageOfPage\":{\"@id\":\"https:\\\/\\\/www.todanelo.com\\\/fr\\\/articulos\\\/compliance-competitivite-et-defense-penale-de-lentreprise\\\/#primaryimage\"},\"image\":{\"@id\":\"https:\\\/\\\/www.todanelo.com\\\/fr\\\/articulos\\\/compliance-competitivite-et-defense-penale-de-lentreprise\\\/#primaryimage\"},\"thumbnailUrl\":\"https:\\\/\\\/www.todanelo.com\\\/wp-content\\\/uploads\\\/banner_jornada_compliance.jpg\",\"datePublished\":\"2026-03-13T15:18:23+00:00\",\"dateModified\":\"2026-03-13T15:36:42+00:00\",\"description\":\"Le 25 mars prochain, le d\u00e9partement Compliance de Toda &amp; Nel-lo et la Chambre de Commerce de Madrid coorganiseront une conf\u00e9rence consacr\u00e9e aux\",\"breadcrumb\":{\"@id\":\"https:\\\/\\\/www.todanelo.com\\\/fr\\\/articulos\\\/compliance-competitivite-et-defense-penale-de-lentreprise\\\/#breadcrumb\"},\"inLanguage\":\"fr-FR\",\"potentialAction\":[{\"@type\":\"ReadAction\",\"target\":[\"https:\\\/\\\/www.todanelo.com\\\/fr\\\/articulos\\\/compliance-competitivite-et-defense-penale-de-lentreprise\\\/\"]}]},{\"@type\":\"ImageObject\",\"inLanguage\":\"fr-FR\",\"@id\":\"https:\\\/\\\/www.todanelo.com\\\/fr\\\/articulos\\\/compliance-competitivite-et-defense-penale-de-lentreprise\\\/#primaryimage\",\"url\":\"https:\\\/\\\/www.todanelo.com\\\/wp-content\\\/uploads\\\/banner_jornada_compliance.jpg\",\"contentUrl\":\"https:\\\/\\\/www.todanelo.com\\\/wp-content\\\/uploads\\\/banner_jornada_compliance.jpg\",\"width\":611,\"height\":478},{\"@type\":\"BreadcrumbList\",\"@id\":\"https:\\\/\\\/www.todanelo.com\\\/fr\\\/articulos\\\/compliance-competitivite-et-defense-penale-de-lentreprise\\\/#breadcrumb\",\"itemListElement\":[{\"@type\":\"ListItem\",\"position\":1,\"name\":\"Inicio\",\"item\":\"https:\\\/\\\/www.todanelo.com\\\/fr\\\/\"},{\"@type\":\"ListItem\",\"position\":2,\"name\":\"Compliance, comp\u00e9titivit\u00e9 et d\u00e9fense p\u00e9nale de l\u2019entreprise\"}]},{\"@type\":\"WebSite\",\"@id\":\"https:\\\/\\\/www.todanelo.com\\\/fr\\\/#website\",\"url\":\"https:\\\/\\\/www.todanelo.com\\\/fr\\\/\",\"name\":\"Toda &amp; Nel-lo Abogados\",\"description\":\"Bureaux juridiques \u00e0 Barcelone et \u00e0 Madrid\",\"publisher\":{\"@id\":\"https:\\\/\\\/www.todanelo.com\\\/fr\\\/#organization\"},\"potentialAction\":[{\"@type\":\"SearchAction\",\"target\":{\"@type\":\"EntryPoint\",\"urlTemplate\":\"https:\\\/\\\/www.todanelo.com\\\/fr\\\/?s={search_term_string}\"},\"query-input\":{\"@type\":\"PropertyValueSpecification\",\"valueRequired\":true,\"valueName\":\"search_term_string\"}}],\"inLanguage\":\"fr-FR\"},{\"@type\":\"Organization\",\"@id\":\"https:\\\/\\\/www.todanelo.com\\\/fr\\\/#organization\",\"name\":\"Toda &amp; Nel-lo Abogados\",\"url\":\"https:\\\/\\\/www.todanelo.com\\\/fr\\\/\",\"logo\":{\"@type\":\"ImageObject\",\"inLanguage\":\"fr-FR\",\"@id\":\"https:\\\/\\\/www.todanelo.com\\\/fr\\\/#\\\/schema\\\/logo\\\/image\\\/\",\"url\":\"https:\\\/\\\/www.todanelo.com\\\/wp-content\\\/uploads\\\/logo-todanelo.png\",\"contentUrl\":\"https:\\\/\\\/www.todanelo.com\\\/wp-content\\\/uploads\\\/logo-todanelo.png\",\"width\":390,\"height\":161,\"caption\":\"Toda &amp; Nel-lo Abogados\"},\"image\":{\"@id\":\"https:\\\/\\\/www.todanelo.com\\\/fr\\\/#\\\/schema\\\/logo\\\/image\\\/\"}}]}<\/script>\n<!-- \/ Yoast SEO plugin. -->","yoast_head_json":{"title":"Compliance, comp\u00e9titivit\u00e9 et d\u00e9fense p\u00e9nale de l\u2019entreprise - Toda &amp; Nel-lo Abogados","description":"Le 25 mars prochain, le d\u00e9partement Compliance de Toda &amp; Nel-lo et la Chambre de Commerce de Madrid coorganiseront une conf\u00e9rence consacr\u00e9e aux","robots":{"index":"index","follow":"follow","max-snippet":"max-snippet:-1","max-image-preview":"max-image-preview:large","max-video-preview":"max-video-preview:-1"},"canonical":"https:\/\/www.todanelo.com\/fr\/articulos\/compliance-competitivite-et-defense-penale-de-lentreprise\/","og_locale":"fr_FR","og_type":"article","og_title":"Compliance, comp\u00e9titivit\u00e9 et d\u00e9fense p\u00e9nale de l\u2019entreprise - Toda &amp; Nel-lo Abogados","og_description":"Le 25 mars prochain, le d\u00e9partement Compliance de Toda &amp; Nel-lo et la Chambre de Commerce de Madrid coorganiseront une conf\u00e9rence consacr\u00e9e aux","og_url":"https:\/\/www.todanelo.com\/fr\/articulos\/compliance-competitivite-et-defense-penale-de-lentreprise\/","og_site_name":"Toda &amp; Nel-lo Abogados","article_modified_time":"2026-03-13T15:36:42+00:00","og_image":[{"width":611,"height":478,"url":"https:\/\/www.todanelo.com\/wp-content\/uploads\/banner_jornada_compliance.jpg","type":"image\/jpeg"}],"twitter_card":"summary_large_image","twitter_misc":{"Dur\u00e9e de lecture estim\u00e9e":"2 minutes"},"schema":{"@context":"https:\/\/schema.org","@graph":[{"@type":["WebPage","ItemPage"],"@id":"https:\/\/www.todanelo.com\/fr\/articulos\/compliance-competitivite-et-defense-penale-de-lentreprise\/","url":"https:\/\/www.todanelo.com\/fr\/articulos\/compliance-competitivite-et-defense-penale-de-lentreprise\/","name":"Compliance, comp\u00e9titivit\u00e9 et d\u00e9fense p\u00e9nale de l\u2019entreprise - Toda &amp; Nel-lo Abogados","isPartOf":{"@id":"https:\/\/www.todanelo.com\/fr\/#website"},"primaryImageOfPage":{"@id":"https:\/\/www.todanelo.com\/fr\/articulos\/compliance-competitivite-et-defense-penale-de-lentreprise\/#primaryimage"},"image":{"@id":"https:\/\/www.todanelo.com\/fr\/articulos\/compliance-competitivite-et-defense-penale-de-lentreprise\/#primaryimage"},"thumbnailUrl":"https:\/\/www.todanelo.com\/wp-content\/uploads\/banner_jornada_compliance.jpg","datePublished":"2026-03-13T15:18:23+00:00","dateModified":"2026-03-13T15:36:42+00:00","description":"Le 25 mars prochain, le d\u00e9partement Compliance de Toda &amp; Nel-lo et la Chambre de Commerce de Madrid coorganiseront une conf\u00e9rence consacr\u00e9e aux","breadcrumb":{"@id":"https:\/\/www.todanelo.com\/fr\/articulos\/compliance-competitivite-et-defense-penale-de-lentreprise\/#breadcrumb"},"inLanguage":"fr-FR","potentialAction":[{"@type":"ReadAction","target":["https:\/\/www.todanelo.com\/fr\/articulos\/compliance-competitivite-et-defense-penale-de-lentreprise\/"]}]},{"@type":"ImageObject","inLanguage":"fr-FR","@id":"https:\/\/www.todanelo.com\/fr\/articulos\/compliance-competitivite-et-defense-penale-de-lentreprise\/#primaryimage","url":"https:\/\/www.todanelo.com\/wp-content\/uploads\/banner_jornada_compliance.jpg","contentUrl":"https:\/\/www.todanelo.com\/wp-content\/uploads\/banner_jornada_compliance.jpg","width":611,"height":478},{"@type":"BreadcrumbList","@id":"https:\/\/www.todanelo.com\/fr\/articulos\/compliance-competitivite-et-defense-penale-de-lentreprise\/#breadcrumb","itemListElement":[{"@type":"ListItem","position":1,"name":"Inicio","item":"https:\/\/www.todanelo.com\/fr\/"},{"@type":"ListItem","position":2,"name":"Compliance, comp\u00e9titivit\u00e9 et d\u00e9fense p\u00e9nale de l\u2019entreprise"}]},{"@type":"WebSite","@id":"https:\/\/www.todanelo.com\/fr\/#website","url":"https:\/\/www.todanelo.com\/fr\/","name":"Toda &amp; Nel-lo Abogados","description":"Bureaux juridiques \u00e0 Barcelone et \u00e0 Madrid","publisher":{"@id":"https:\/\/www.todanelo.com\/fr\/#organization"},"potentialAction":[{"@type":"SearchAction","target":{"@type":"EntryPoint","urlTemplate":"https:\/\/www.todanelo.com\/fr\/?s={search_term_string}"},"query-input":{"@type":"PropertyValueSpecification","valueRequired":true,"valueName":"search_term_string"}}],"inLanguage":"fr-FR"},{"@type":"Organization","@id":"https:\/\/www.todanelo.com\/fr\/#organization","name":"Toda &amp; Nel-lo Abogados","url":"https:\/\/www.todanelo.com\/fr\/","logo":{"@type":"ImageObject","inLanguage":"fr-FR","@id":"https:\/\/www.todanelo.com\/fr\/#\/schema\/logo\/image\/","url":"https:\/\/www.todanelo.com\/wp-content\/uploads\/logo-todanelo.png","contentUrl":"https:\/\/www.todanelo.com\/wp-content\/uploads\/logo-todanelo.png","width":390,"height":161,"caption":"Toda &amp; Nel-lo Abogados"},"image":{"@id":"https:\/\/www.todanelo.com\/fr\/#\/schema\/logo\/image\/"}}]}},"_links":{"self":[{"href":"https:\/\/www.todanelo.com\/fr\/wp-json\/wp\/v2\/article\/5805","targetHints":{"allow":["GET"]}}],"collection":[{"href":"https:\/\/www.todanelo.com\/fr\/wp-json\/wp\/v2\/article"}],"about":[{"href":"https:\/\/www.todanelo.com\/fr\/wp-json\/wp\/v2\/types\/article"}],"version-history":[{"count":1,"href":"https:\/\/www.todanelo.com\/fr\/wp-json\/wp\/v2\/article\/5805\/revisions"}],"predecessor-version":[{"id":5806,"href":"https:\/\/www.todanelo.com\/fr\/wp-json\/wp\/v2\/article\/5805\/revisions\/5806"}],"wp:featuredmedia":[{"embeddable":true,"href":"https:\/\/www.todanelo.com\/fr\/wp-json\/wp\/v2\/media\/5798"}],"wp:attachment":[{"href":"https:\/\/www.todanelo.com\/fr\/wp-json\/wp\/v2\/media?parent=5805"}],"curies":[{"name":"wp","href":"https:\/\/api.w.org\/{rel}","templated":true}]}}