{"id":3986,"date":"2025-03-11T09:55:05","date_gmt":"2025-03-11T09:55:05","guid":{"rendered":"https:\/\/beta.todanelo.com\/?p=3986"},"modified":"2025-07-15T08:26:39","modified_gmt":"2025-07-15T08:26:39","slug":"manuela-serrano-nueva-socia-toda-nelo","status":"publish","type":"post","link":"https:\/\/www.todanelo.com\/es\/noticias\/manuela-serrano-nueva-socia-toda-nelo\/","title":{"rendered":"Manuela Serrano, nueva socia de Toda &amp; Nel-lo"},"content":{"rendered":"<p>Toda &amp; Nel-lo, despacho multidisciplinar con oficinas en Barcelona y Madrid, ha anunciado la incorporaci\u00f3n de <a href=\"https:\/\/www.todanelo.com\/equipo-profesional\/manuela-serrano-sanchez\">Manuela Serrano<\/a> como nueva socia de la firma. Con m\u00e1s de 20 a\u00f1os de experiencia ejerciendo como abogada en las \u00e1reas de procesal y concursal, \u00e1mbitos en los que cuenta con amplio reconocimiento del sector, ha asesorado a clientes en todo tipo de procesos civiles y mercantiles.<\/p>\n<p>Serrano proviene de PwC, donde ejerc\u00eda como socia responsable del \u00e1rea de Litigacion e Insolvencias, y con anterioridad hab\u00eda desarrollado su trayectoria en firmas como DLA Piper o RocaJunyent.<\/p>\n<p>Ha participado en algunas de las operaciones m\u00e1s relevantes de los \u00e1mbitos concursal, litigioso y de reestructuraci\u00f3n empresarial, tanto en el \u00e1mbito nacional como internacional, operaciones de compraventa de empresas, <em>distress<\/em>, unidades productivas y litigios intra y extra societarios.<\/p>\n<p>Cuenta con amplia experiencia docente en el \u00e1mbito universitario (ICADE y Universidad Carlos III). Es ponente habitual en las jornadas de su \u00e1rea de especializaci\u00f3n, as\u00ed como autora de obras monogr\u00e1ficas, conjuntas y art\u00edculos doctrinales y period\u00edsticos. Es igualmente miembro del Consejo de Redacci\u00f3n de la Revista de Derecho Concursal y Paraconcursal de La LEY. Tambi\u00e9n, es miembro de la Junta Directiva de ASPAC, del Comit\u00e9 Asesor de la Secci\u00f3n Concursal del ICAM; del Club de arbitraje espa\u00f1ol e iberoamericano, de INSOL Europe y de IWIRC (asociaciones internacionales de reestructuraciones ambas).<br \/>\nAsimismo, cuenta con amplio reconocimiento en los principales directorios legales en sus \u00e1reas de especializaci\u00f3n, incluyendo Chambers &amp; Partners, Legal 500 \u2013donde adem\u00e1s es <em>leading partner<\/em>\u2013, Leaders League y Best Lawyers.<\/p>\n<p>En Toda &amp; Nel-lo, la nueva socia \u2013que se incorpora con un equipo formado por <a href=\"https:\/\/www.todanelo.com\/equipo-profesional\/juan-antonio-martinez-blazquez\">Juan Antonio Mart\u00ednez<\/a> (counsel) y <a href=\"https:\/\/www.todanelo.com\/equipo-profesional\/beatriz-arnaldes-martinez\">Beatriz Arnaldes<\/a> (abogada)\u2013 liderar\u00e1 la pr\u00e1ctica de <a href=\"https:\/\/www.todanelo.com\/areas-de-practica\/insolvencias-y-concursal\">Restructuraciones e Insolvencias<\/a> de la firma, as\u00ed como el equipo de <a href=\"https:\/\/www.todanelo.com\/areas-de-practica\/litigacion\">Litigaci\u00f3n<\/a> de Madrid. El fichaje supone una apuesta de calado del bufete en su objetivo de conjugar la ampliaci\u00f3n de su propuesta de valor para clientes con la prestaci\u00f3n de servicios de primer nivel.<\/p>\n<p>Ignacio Toda, socio fundador de Toda &amp; Nel-lo, afirma: \u201c<em>nos llena de orgullo sumar a nuestro equipo a una profesional de la talla de Manuela, que es referente en su especializaci\u00f3n y con quien compartimos principios, visi\u00f3n y objetivos. Su incorporaci\u00f3n refuerza nuestro plan de crecimiento y nos sit\u00faa en una posici\u00f3n privilegiada para cubrir las necesidades de nuestros clientes desde la excelencia<\/em>\u201d.<\/p>\n<p>Jos\u00e9 Mar\u00eda Buxeda, socio y miembro de su Consejo de Administraci\u00f3n, explica: \u201c<em>el fichaje de Manuela es estrat\u00e9gico para Toda &amp; Nel-lo, en la medida que nos permite ampliar capacidades en dos \u00e1reas con interesantes oportunidades de crecimiento. Todo ello supone un importante salto cualitativo para nuestro proyecto<\/em>\u201d.<\/p>\n<p>Por su parte, Manuela Serrano manifiesta: \u201c<em>me llena de alegr\u00eda incorporarme a Toda &amp; Nel-lo. Es un lujo formar parte de su \u00e1rea de Litigaci\u00f3n y un reto altamente estimulante liderar Restructuraciones e Insolvencias, acompa\u00f1ando a los clientes en sus necesidades con la m\u00e1xima vocaci\u00f3n de servicio y calidad<\/em>\u201d.<\/p>\n","protected":false},"excerpt":{"rendered":"<p>Manuela Serrano se incorpora como socia responsable del \u00e1rea de Reestructuraciones e Insolvencias del despacho, as\u00ed como del \u00e1rea de Litigaci\u00f3n de la oficina de Madrid, \u00e1mbitos en los que posee amplia y contrastada experiencia. Con esta incorporaci\u00f3n, Toda &#038; Nel-lo da un importante salto cualitativo en su plan de crecimiento y de cobertura de las principales disciplinas jur\u00eddicas<\/p>\n","protected":false},"author":1,"featured_media":3987,"comment_status":"closed","ping_status":"closed","sticky":false,"template":"","format":"standard","meta":{"_acf_changed":false,"footnotes":""},"categories":[1],"tags":[],"class_list":["post-3986","post","type-post","status-publish","format-standard","has-post-thumbnail","hentry","category-sin-categorizar"],"acf":[],"yoast_head":"<!-- This site is optimized with the Yoast SEO plugin v27.4 - https:\/\/yoast.com\/product\/yoast-seo-wordpress\/ -->\n<title>Manuela Serrano, nueva socia de Toda &amp; Nel-lo - Toda &amp; Nel-lo Abogados<\/title>\n<meta name=\"description\" content=\"Manuela Serrano se incorpora como socia responsable del \u00e1rea de Reestructuraciones e Insolvencias del despacho, as\u00ed como del \u00e1rea de Litigaci\u00f3n de la oficina de Madrid, \u00e1mbitos en los que posee amplia y contrastada experiencia. Con esta incorporaci\u00f3n, Toda &amp; Nel-lo da un importante salto cualitativo en su plan de crecimiento y de cobertura de las principales disciplinas jur\u00eddicas\" \/>\n<meta name=\"robots\" content=\"index, follow, max-snippet:-1, max-image-preview:large, max-video-preview:-1\" \/>\n<link rel=\"canonical\" href=\"https:\/\/www.todanelo.com\/es\/noticias\/manuela-serrano-nueva-socia-toda-nelo\/\" \/>\n<meta property=\"og:locale\" content=\"es_ES\" \/>\n<meta property=\"og:type\" content=\"article\" \/>\n<meta property=\"og:title\" content=\"Manuela Serrano, nueva socia de Toda &amp; Nel-lo - Toda &amp; Nel-lo Abogados\" \/>\n<meta property=\"og:description\" content=\"Manuela Serrano se incorpora como socia responsable del \u00e1rea de Reestructuraciones e Insolvencias del despacho, as\u00ed como del \u00e1rea de Litigaci\u00f3n de la oficina de Madrid, \u00e1mbitos en los que posee amplia y contrastada experiencia. Con esta incorporaci\u00f3n, Toda &amp; Nel-lo da un importante salto cualitativo en su plan de crecimiento y de cobertura de las principales disciplinas jur\u00eddicas\" \/>\n<meta property=\"og:url\" content=\"https:\/\/www.todanelo.com\/es\/noticias\/manuela-serrano-nueva-socia-toda-nelo\/\" \/>\n<meta property=\"og:site_name\" content=\"Toda &amp; Nel-lo Abogados\" \/>\n<meta property=\"article:published_time\" content=\"2025-03-11T09:55:05+00:00\" \/>\n<meta property=\"article:modified_time\" content=\"2025-07-15T08:26:39+00:00\" \/>\n<meta property=\"og:image\" content=\"https:\/\/www.todanelo.com\/wp-content\/uploads\/it-ms-ig-web.jpg\" \/>\n\t<meta property=\"og:image:width\" content=\"2560\" \/>\n\t<meta property=\"og:image:height\" content=\"1809\" \/>\n\t<meta property=\"og:image:type\" content=\"image\/jpeg\" \/>\n<meta name=\"author\" content=\"emfasi\" \/>\n<meta name=\"twitter:card\" content=\"summary_large_image\" \/>\n<meta name=\"twitter:label1\" content=\"Escrito por\" \/>\n\t<meta name=\"twitter:data1\" content=\"emfasi\" \/>\n\t<meta name=\"twitter:label2\" content=\"Tiempo de lectura\" \/>\n\t<meta name=\"twitter:data2\" content=\"3 minutos\" \/>\n<script type=\"application\/ld+json\" class=\"yoast-schema-graph\">{\"@context\":\"https:\\\/\\\/schema.org\",\"@graph\":[{\"@type\":\"Article\",\"@id\":\"https:\\\/\\\/www.todanelo.com\\\/es\\\/noticias\\\/manuela-serrano-nueva-socia-toda-nelo\\\/#article\",\"isPartOf\":{\"@id\":\"https:\\\/\\\/www.todanelo.com\\\/es\\\/noticias\\\/manuela-serrano-nueva-socia-toda-nelo\\\/\"},\"author\":{\"name\":\"emfasi\",\"@id\":\"https:\\\/\\\/www.todanelo.com\\\/es\\\/#\\\/schema\\\/person\\\/403e6ed9d856044c44f52763ead94c6a\"},\"headline\":\"Manuela Serrano, nueva socia de Toda &amp; Nel-lo\",\"datePublished\":\"2025-03-11T09:55:05+00:00\",\"dateModified\":\"2025-07-15T08:26:39+00:00\",\"mainEntityOfPage\":{\"@id\":\"https:\\\/\\\/www.todanelo.com\\\/es\\\/noticias\\\/manuela-serrano-nueva-socia-toda-nelo\\\/\"},\"wordCount\":526,\"publisher\":{\"@id\":\"https:\\\/\\\/www.todanelo.com\\\/es\\\/#organization\"},\"image\":{\"@id\":\"https:\\\/\\\/www.todanelo.com\\\/es\\\/noticias\\\/manuela-serrano-nueva-socia-toda-nelo\\\/#primaryimage\"},\"thumbnailUrl\":\"https:\\\/\\\/www.todanelo.com\\\/wp-content\\\/uploads\\\/it-ms-ig-web.jpg\",\"articleSection\":[\"Sin categorizar\"],\"inLanguage\":\"es\"},{\"@type\":\"WebPage\",\"@id\":\"https:\\\/\\\/www.todanelo.com\\\/es\\\/noticias\\\/manuela-serrano-nueva-socia-toda-nelo\\\/\",\"url\":\"https:\\\/\\\/www.todanelo.com\\\/es\\\/noticias\\\/manuela-serrano-nueva-socia-toda-nelo\\\/\",\"name\":\"Manuela Serrano, nueva socia de Toda &amp; Nel-lo - Toda &amp; Nel-lo Abogados\",\"isPartOf\":{\"@id\":\"https:\\\/\\\/www.todanelo.com\\\/es\\\/#website\"},\"primaryImageOfPage\":{\"@id\":\"https:\\\/\\\/www.todanelo.com\\\/es\\\/noticias\\\/manuela-serrano-nueva-socia-toda-nelo\\\/#primaryimage\"},\"image\":{\"@id\":\"https:\\\/\\\/www.todanelo.com\\\/es\\\/noticias\\\/manuela-serrano-nueva-socia-toda-nelo\\\/#primaryimage\"},\"thumbnailUrl\":\"https:\\\/\\\/www.todanelo.com\\\/wp-content\\\/uploads\\\/it-ms-ig-web.jpg\",\"datePublished\":\"2025-03-11T09:55:05+00:00\",\"dateModified\":\"2025-07-15T08:26:39+00:00\",\"description\":\"Manuela Serrano se incorpora como socia responsable del \u00e1rea de Reestructuraciones e Insolvencias del despacho, as\u00ed como del \u00e1rea de Litigaci\u00f3n de la oficina de Madrid, \u00e1mbitos en los que posee amplia y contrastada experiencia. Con esta incorporaci\u00f3n, Toda & Nel-lo da un importante salto cualitativo en su plan de crecimiento y de cobertura de las principales disciplinas jur\u00eddicas\",\"breadcrumb\":{\"@id\":\"https:\\\/\\\/www.todanelo.com\\\/es\\\/noticias\\\/manuela-serrano-nueva-socia-toda-nelo\\\/#breadcrumb\"},\"inLanguage\":\"es\",\"potentialAction\":[{\"@type\":\"ReadAction\",\"target\":[\"https:\\\/\\\/www.todanelo.com\\\/es\\\/noticias\\\/manuela-serrano-nueva-socia-toda-nelo\\\/\"]}]},{\"@type\":\"ImageObject\",\"inLanguage\":\"es\",\"@id\":\"https:\\\/\\\/www.todanelo.com\\\/es\\\/noticias\\\/manuela-serrano-nueva-socia-toda-nelo\\\/#primaryimage\",\"url\":\"https:\\\/\\\/www.todanelo.com\\\/wp-content\\\/uploads\\\/it-ms-ig-web.jpg\",\"contentUrl\":\"https:\\\/\\\/www.todanelo.com\\\/wp-content\\\/uploads\\\/it-ms-ig-web.jpg\",\"width\":2560,\"height\":1809},{\"@type\":\"BreadcrumbList\",\"@id\":\"https:\\\/\\\/www.todanelo.com\\\/es\\\/noticias\\\/manuela-serrano-nueva-socia-toda-nelo\\\/#breadcrumb\",\"itemListElement\":[{\"@type\":\"ListItem\",\"position\":1,\"name\":\"Inicio\",\"item\":\"https:\\\/\\\/www.todanelo.com\\\/es\\\/\"},{\"@type\":\"ListItem\",\"position\":2,\"name\":\"Manuela Serrano, nueva socia de Toda &amp; Nel-lo\"}]},{\"@type\":\"WebSite\",\"@id\":\"https:\\\/\\\/www.todanelo.com\\\/es\\\/#website\",\"url\":\"https:\\\/\\\/www.todanelo.com\\\/es\\\/\",\"name\":\"Toda &amp; Nel-lo Abogados\",\"description\":\"Despacho Jur\u00eddico Barcelona y Madrid\",\"publisher\":{\"@id\":\"https:\\\/\\\/www.todanelo.com\\\/es\\\/#organization\"},\"potentialAction\":[{\"@type\":\"SearchAction\",\"target\":{\"@type\":\"EntryPoint\",\"urlTemplate\":\"https:\\\/\\\/www.todanelo.com\\\/es\\\/?s={search_term_string}\"},\"query-input\":{\"@type\":\"PropertyValueSpecification\",\"valueRequired\":true,\"valueName\":\"search_term_string\"}}],\"inLanguage\":\"es\"},{\"@type\":\"Organization\",\"@id\":\"https:\\\/\\\/www.todanelo.com\\\/es\\\/#organization\",\"name\":\"Toda &amp; Nel-lo Abogados\",\"url\":\"https:\\\/\\\/www.todanelo.com\\\/es\\\/\",\"logo\":{\"@type\":\"ImageObject\",\"inLanguage\":\"es\",\"@id\":\"https:\\\/\\\/www.todanelo.com\\\/es\\\/#\\\/schema\\\/logo\\\/image\\\/\",\"url\":\"https:\\\/\\\/www.todanelo.com\\\/wp-content\\\/uploads\\\/logo-todanelo.png\",\"contentUrl\":\"https:\\\/\\\/www.todanelo.com\\\/wp-content\\\/uploads\\\/logo-todanelo.png\",\"width\":390,\"height\":161,\"caption\":\"Toda &amp; Nel-lo Abogados\"},\"image\":{\"@id\":\"https:\\\/\\\/www.todanelo.com\\\/es\\\/#\\\/schema\\\/logo\\\/image\\\/\"}},{\"@type\":\"Person\",\"@id\":\"https:\\\/\\\/www.todanelo.com\\\/es\\\/#\\\/schema\\\/person\\\/403e6ed9d856044c44f52763ead94c6a\",\"name\":\"emfasi\",\"sameAs\":[\"https:\\\/\\\/www.todanelo.com\"],\"url\":\"https:\\\/\\\/www.todanelo.com\\\/es\\\/noticias\\\/author\\\/emfasi\\\/\"}]}<\/script>\n<!-- \/ Yoast SEO plugin. -->","yoast_head_json":{"title":"Manuela Serrano, nueva socia de Toda &amp; Nel-lo - Toda &amp; Nel-lo Abogados","description":"Manuela Serrano se incorpora como socia responsable del \u00e1rea de Reestructuraciones e Insolvencias del despacho, as\u00ed como del \u00e1rea de Litigaci\u00f3n de la oficina de Madrid, \u00e1mbitos en los que posee amplia y contrastada experiencia. Con esta incorporaci\u00f3n, Toda & Nel-lo da un importante salto cualitativo en su plan de crecimiento y de cobertura de las principales disciplinas jur\u00eddicas","robots":{"index":"index","follow":"follow","max-snippet":"max-snippet:-1","max-image-preview":"max-image-preview:large","max-video-preview":"max-video-preview:-1"},"canonical":"https:\/\/www.todanelo.com\/es\/noticias\/manuela-serrano-nueva-socia-toda-nelo\/","og_locale":"es_ES","og_type":"article","og_title":"Manuela Serrano, nueva socia de Toda &amp; Nel-lo - Toda &amp; Nel-lo Abogados","og_description":"Manuela Serrano se incorpora como socia responsable del \u00e1rea de Reestructuraciones e Insolvencias del despacho, as\u00ed como del \u00e1rea de Litigaci\u00f3n de la oficina de Madrid, \u00e1mbitos en los que posee amplia y contrastada experiencia. Con esta incorporaci\u00f3n, Toda & Nel-lo da un importante salto cualitativo en su plan de crecimiento y de cobertura de las principales disciplinas jur\u00eddicas","og_url":"https:\/\/www.todanelo.com\/es\/noticias\/manuela-serrano-nueva-socia-toda-nelo\/","og_site_name":"Toda &amp; Nel-lo Abogados","article_published_time":"2025-03-11T09:55:05+00:00","article_modified_time":"2025-07-15T08:26:39+00:00","og_image":[{"width":2560,"height":1809,"url":"https:\/\/www.todanelo.com\/wp-content\/uploads\/it-ms-ig-web.jpg","type":"image\/jpeg"}],"author":"emfasi","twitter_card":"summary_large_image","twitter_misc":{"Escrito por":"emfasi","Tiempo de lectura":"3 minutos"},"schema":{"@context":"https:\/\/schema.org","@graph":[{"@type":"Article","@id":"https:\/\/www.todanelo.com\/es\/noticias\/manuela-serrano-nueva-socia-toda-nelo\/#article","isPartOf":{"@id":"https:\/\/www.todanelo.com\/es\/noticias\/manuela-serrano-nueva-socia-toda-nelo\/"},"author":{"name":"emfasi","@id":"https:\/\/www.todanelo.com\/es\/#\/schema\/person\/403e6ed9d856044c44f52763ead94c6a"},"headline":"Manuela Serrano, nueva socia de Toda &amp; Nel-lo","datePublished":"2025-03-11T09:55:05+00:00","dateModified":"2025-07-15T08:26:39+00:00","mainEntityOfPage":{"@id":"https:\/\/www.todanelo.com\/es\/noticias\/manuela-serrano-nueva-socia-toda-nelo\/"},"wordCount":526,"publisher":{"@id":"https:\/\/www.todanelo.com\/es\/#organization"},"image":{"@id":"https:\/\/www.todanelo.com\/es\/noticias\/manuela-serrano-nueva-socia-toda-nelo\/#primaryimage"},"thumbnailUrl":"https:\/\/www.todanelo.com\/wp-content\/uploads\/it-ms-ig-web.jpg","articleSection":["Sin categorizar"],"inLanguage":"es"},{"@type":"WebPage","@id":"https:\/\/www.todanelo.com\/es\/noticias\/manuela-serrano-nueva-socia-toda-nelo\/","url":"https:\/\/www.todanelo.com\/es\/noticias\/manuela-serrano-nueva-socia-toda-nelo\/","name":"Manuela Serrano, nueva socia de Toda &amp; Nel-lo - Toda &amp; Nel-lo Abogados","isPartOf":{"@id":"https:\/\/www.todanelo.com\/es\/#website"},"primaryImageOfPage":{"@id":"https:\/\/www.todanelo.com\/es\/noticias\/manuela-serrano-nueva-socia-toda-nelo\/#primaryimage"},"image":{"@id":"https:\/\/www.todanelo.com\/es\/noticias\/manuela-serrano-nueva-socia-toda-nelo\/#primaryimage"},"thumbnailUrl":"https:\/\/www.todanelo.com\/wp-content\/uploads\/it-ms-ig-web.jpg","datePublished":"2025-03-11T09:55:05+00:00","dateModified":"2025-07-15T08:26:39+00:00","description":"Manuela Serrano se incorpora como socia responsable del \u00e1rea de Reestructuraciones e Insolvencias del despacho, as\u00ed como del \u00e1rea de Litigaci\u00f3n de la oficina de Madrid, \u00e1mbitos en los que posee amplia y contrastada experiencia. Con esta incorporaci\u00f3n, Toda & Nel-lo da un importante salto cualitativo en su plan de crecimiento y de cobertura de las principales disciplinas jur\u00eddicas","breadcrumb":{"@id":"https:\/\/www.todanelo.com\/es\/noticias\/manuela-serrano-nueva-socia-toda-nelo\/#breadcrumb"},"inLanguage":"es","potentialAction":[{"@type":"ReadAction","target":["https:\/\/www.todanelo.com\/es\/noticias\/manuela-serrano-nueva-socia-toda-nelo\/"]}]},{"@type":"ImageObject","inLanguage":"es","@id":"https:\/\/www.todanelo.com\/es\/noticias\/manuela-serrano-nueva-socia-toda-nelo\/#primaryimage","url":"https:\/\/www.todanelo.com\/wp-content\/uploads\/it-ms-ig-web.jpg","contentUrl":"https:\/\/www.todanelo.com\/wp-content\/uploads\/it-ms-ig-web.jpg","width":2560,"height":1809},{"@type":"BreadcrumbList","@id":"https:\/\/www.todanelo.com\/es\/noticias\/manuela-serrano-nueva-socia-toda-nelo\/#breadcrumb","itemListElement":[{"@type":"ListItem","position":1,"name":"Inicio","item":"https:\/\/www.todanelo.com\/es\/"},{"@type":"ListItem","position":2,"name":"Manuela Serrano, nueva socia de Toda &amp; Nel-lo"}]},{"@type":"WebSite","@id":"https:\/\/www.todanelo.com\/es\/#website","url":"https:\/\/www.todanelo.com\/es\/","name":"Toda &amp; Nel-lo Abogados","description":"Despacho Jur\u00eddico Barcelona y Madrid","publisher":{"@id":"https:\/\/www.todanelo.com\/es\/#organization"},"potentialAction":[{"@type":"SearchAction","target":{"@type":"EntryPoint","urlTemplate":"https:\/\/www.todanelo.com\/es\/?s={search_term_string}"},"query-input":{"@type":"PropertyValueSpecification","valueRequired":true,"valueName":"search_term_string"}}],"inLanguage":"es"},{"@type":"Organization","@id":"https:\/\/www.todanelo.com\/es\/#organization","name":"Toda &amp; Nel-lo Abogados","url":"https:\/\/www.todanelo.com\/es\/","logo":{"@type":"ImageObject","inLanguage":"es","@id":"https:\/\/www.todanelo.com\/es\/#\/schema\/logo\/image\/","url":"https:\/\/www.todanelo.com\/wp-content\/uploads\/logo-todanelo.png","contentUrl":"https:\/\/www.todanelo.com\/wp-content\/uploads\/logo-todanelo.png","width":390,"height":161,"caption":"Toda &amp; Nel-lo Abogados"},"image":{"@id":"https:\/\/www.todanelo.com\/es\/#\/schema\/logo\/image\/"}},{"@type":"Person","@id":"https:\/\/www.todanelo.com\/es\/#\/schema\/person\/403e6ed9d856044c44f52763ead94c6a","name":"emfasi","sameAs":["https:\/\/www.todanelo.com"],"url":"https:\/\/www.todanelo.com\/es\/noticias\/author\/emfasi\/"}]}},"_links":{"self":[{"href":"https:\/\/www.todanelo.com\/es\/wp-json\/wp\/v2\/posts\/3986","targetHints":{"allow":["GET"]}}],"collection":[{"href":"https:\/\/www.todanelo.com\/es\/wp-json\/wp\/v2\/posts"}],"about":[{"href":"https:\/\/www.todanelo.com\/es\/wp-json\/wp\/v2\/types\/post"}],"author":[{"embeddable":true,"href":"https:\/\/www.todanelo.com\/es\/wp-json\/wp\/v2\/users\/1"}],"replies":[{"embeddable":true,"href":"https:\/\/www.todanelo.com\/es\/wp-json\/wp\/v2\/comments?post=3986"}],"version-history":[{"count":1,"href":"https:\/\/www.todanelo.com\/es\/wp-json\/wp\/v2\/posts\/3986\/revisions"}],"predecessor-version":[{"id":5921,"href":"https:\/\/www.todanelo.com\/es\/wp-json\/wp\/v2\/posts\/3986\/revisions\/5921"}],"wp:featuredmedia":[{"embeddable":true,"href":"https:\/\/www.todanelo.com\/es\/wp-json\/wp\/v2\/media\/3987"}],"wp:attachment":[{"href":"https:\/\/www.todanelo.com\/es\/wp-json\/wp\/v2\/media?parent=3986"}],"wp:term":[{"taxonomy":"category","embeddable":true,"href":"https:\/\/www.todanelo.com\/es\/wp-json\/wp\/v2\/categories?post=3986"},{"taxonomy":"post_tag","embeddable":true,"href":"https:\/\/www.todanelo.com\/es\/wp-json\/wp\/v2\/tags?post=3986"}],"curies":[{"name":"wp","href":"https:\/\/api.w.org\/{rel}","templated":true}]}}