{"id":2511,"date":"2014-11-28T12:45:00","date_gmt":"2014-11-28T12:45:00","guid":{"rendered":"https:\/\/beta.todanelo.com\/blog\/precintia-international-levanta-su-concurso-voluntario-de-acreedores\/"},"modified":"2014-11-28T12:45:00","modified_gmt":"2014-11-28T12:45:00","slug":"precintia-international-levanta-su-concurso-voluntario-de-acreedores","status":"publish","type":"post","link":"https:\/\/www.todanelo.com\/es\/noticias\/precintia-international-levanta-su-concurso-voluntario-de-acreedores\/","title":{"rendered":"Precintia International levanta su concurso voluntario de acreedores"},"content":{"rendered":"<p><span style=\"font-size: 12.7272720336914px; line-height: 1.538em;\">Apenas un a\u00f1o despu\u00e9s de haber sido declarada en concurso voluntario de acreedores, Precintia international, S.A. logr\u00f3 el pasado d\u00eda 24 de octubre la aprobaci\u00f3n de la propuesta de convenio presentada ante el Juzgado de lo Mercantil n\u00ba 1 de Barcelona. La compa\u00f1\u00eda catalana, l\u00edder en el sector de la fabricaci\u00f3n y comercializaci\u00f3n de precintos de seguridad, logr\u00f3 la aprobaci\u00f3n de un convenio concursal que permite dar viabilidad a la compa\u00f1\u00eda y que consolida su reestructuraci\u00f3n financiera.<\/span><\/p>\n<p><span style=\"font-size: 12.7272720336914px; line-height: 1.538em;\">Para acometer dicha reestructuraci\u00f3n y lograr la superaci\u00f3n del tr\u00e1mite concursal, Precintia ha contado con el asesoramiento del despacho Toda &#038; Nel-lo Abogados y de la consultor\u00eda estrat\u00e9gica Corporate Advisory, con un equipo de letrados y economistas liderado por Albert Faus y Juan Carlos Llena. En la fase decisiva del proceso concursal, la propuesta de convenio se aprob\u00f3 con pr\u00e1cticamente el setenta por ciento de adhesiones de los acreedores, entre los que se cuentan los principales proveedores de la compa\u00f1\u00eda, sus entidades financieras de referencia y, tambi\u00e9n, la pr\u00e1ctica totalidad de su plantilla.<\/span><\/p>\n<p><span style=\"font-size: 12.7272720336914px; line-height: 1.538em;\">La Compa\u00f1\u00eda se vio obligada a instar el concurso a principios de octubre de 2013, ante la necesidad de ajustar su situaci\u00f3n financiera a la reducci\u00f3n de ventas experimentada por el sector a ra\u00edz de la crisis. La directora general de Precintia, Elisabeth Baucells, mostraba su satisfacci\u00f3n con el acuerdo alcanzado, <\/span><em style=\"font-size: 12.7272720336914px; line-height: 1.538em;\">\u00abque garantiza la continuidad de la empresa y de los puestos de trabajo actuales, y que nos estimula para seguir afrontando los retos de futuro, que son muchos e importantes tanto a nivel de producto como de servicio a nuestros clientes\u00bb.<\/em><\/p>\n<p><span style=\"font-size: 12.7272720336914px; line-height: 1.538em;\">Precintia internacional \u2013con una plantilla de m\u00e1s de cien trabajadores\u2013 sigue siendo l\u00edder en Espa\u00f1a en la producci\u00f3n y comercializaci\u00f3n de precintos de seguridad, contando entre sus clientes con compa\u00f1\u00edas l\u00edderes en sectores como la banca, la alimentaci\u00f3n, la energ\u00eda, el transporte a\u00e9reo o la distribuci\u00f3n y log\u00edstica. Tras la reestructuraci\u00f3n que ha supuesto el concurso de acreedores, la compa\u00f1\u00eda apunta claramente a su expansi\u00f3n internacional.\u00a0<\/span><\/p>\n","protected":false},"excerpt":{"rendered":"<p>Apenas un a\u00f1o despu\u00e9s de haber sido declarada en concurso voluntario de acreedores, Precintia international, S.A. logr\u00f3 el pasado d\u00eda 24 de octubre la aprobaci\u00f3n de la propuesta de convenio &hellip;<\/p>\n","protected":false},"author":1,"featured_media":0,"comment_status":"open","ping_status":"open","sticky":false,"template":"","format":"standard","meta":{"_acf_changed":false,"footnotes":""},"categories":[],"tags":[],"class_list":["post-2511","post","type-post","status-publish","format-standard","hentry"],"acf":[],"yoast_head":"<!-- This site is optimized with the Yoast SEO plugin v27.4 - https:\/\/yoast.com\/product\/yoast-seo-wordpress\/ -->\n<title>Precintia International levanta su concurso voluntario de acreedores - Toda &amp; Nel-lo Abogados<\/title>\n<meta name=\"description\" content=\"Apenas un a\u00f1o despu\u00e9s de haber sido declarada en concurso voluntario de acreedores, Precintia international, S.A. logr\u00f3 el pasado d\u00eda 24 de octubre la\" \/>\n<meta name=\"robots\" content=\"index, follow, max-snippet:-1, max-image-preview:large, max-video-preview:-1\" \/>\n<link rel=\"canonical\" href=\"https:\/\/www.todanelo.com\/es\/noticias\/precintia-international-levanta-su-concurso-voluntario-de-acreedores\/\" \/>\n<meta property=\"og:locale\" content=\"es_ES\" \/>\n<meta property=\"og:type\" content=\"article\" \/>\n<meta property=\"og:title\" content=\"Precintia International levanta su concurso voluntario de acreedores - Toda &amp; Nel-lo Abogados\" \/>\n<meta property=\"og:description\" content=\"Apenas un a\u00f1o despu\u00e9s de haber sido declarada en concurso voluntario de acreedores, Precintia international, S.A. logr\u00f3 el pasado d\u00eda 24 de octubre la\" \/>\n<meta property=\"og:url\" content=\"https:\/\/www.todanelo.com\/es\/noticias\/precintia-international-levanta-su-concurso-voluntario-de-acreedores\/\" \/>\n<meta property=\"og:site_name\" content=\"Toda &amp; Nel-lo Abogados\" \/>\n<meta property=\"article:published_time\" content=\"2014-11-28T12:45:00+00:00\" \/>\n<meta name=\"author\" content=\"emfasi\" \/>\n<meta name=\"twitter:card\" content=\"summary_large_image\" \/>\n<meta name=\"twitter:label1\" content=\"Escrito por\" \/>\n\t<meta name=\"twitter:data1\" content=\"emfasi\" \/>\n\t<meta name=\"twitter:label2\" content=\"Tiempo de lectura\" \/>\n\t<meta name=\"twitter:data2\" content=\"2 minutos\" \/>\n<script type=\"application\/ld+json\" class=\"yoast-schema-graph\">{\"@context\":\"https:\\\/\\\/schema.org\",\"@graph\":[{\"@type\":\"Article\",\"@id\":\"https:\\\/\\\/www.todanelo.com\\\/es\\\/noticias\\\/precintia-international-levanta-su-concurso-voluntario-de-acreedores\\\/#article\",\"isPartOf\":{\"@id\":\"https:\\\/\\\/www.todanelo.com\\\/es\\\/noticias\\\/precintia-international-levanta-su-concurso-voluntario-de-acreedores\\\/\"},\"author\":{\"name\":\"emfasi\",\"@id\":\"https:\\\/\\\/www.todanelo.com\\\/es\\\/#\\\/schema\\\/person\\\/403e6ed9d856044c44f52763ead94c6a\"},\"headline\":\"Precintia International levanta su concurso voluntario de acreedores\",\"datePublished\":\"2014-11-28T12:45:00+00:00\",\"mainEntityOfPage\":{\"@id\":\"https:\\\/\\\/www.todanelo.com\\\/es\\\/noticias\\\/precintia-international-levanta-su-concurso-voluntario-de-acreedores\\\/\"},\"wordCount\":373,\"commentCount\":5,\"publisher\":{\"@id\":\"https:\\\/\\\/www.todanelo.com\\\/es\\\/#organization\"},\"inLanguage\":\"es\",\"potentialAction\":[{\"@type\":\"CommentAction\",\"name\":\"Comment\",\"target\":[\"https:\\\/\\\/www.todanelo.com\\\/es\\\/noticias\\\/precintia-international-levanta-su-concurso-voluntario-de-acreedores\\\/#respond\"]}]},{\"@type\":\"WebPage\",\"@id\":\"https:\\\/\\\/www.todanelo.com\\\/es\\\/noticias\\\/precintia-international-levanta-su-concurso-voluntario-de-acreedores\\\/\",\"url\":\"https:\\\/\\\/www.todanelo.com\\\/es\\\/noticias\\\/precintia-international-levanta-su-concurso-voluntario-de-acreedores\\\/\",\"name\":\"Precintia International levanta su concurso voluntario de acreedores - Toda &amp; Nel-lo Abogados\",\"isPartOf\":{\"@id\":\"https:\\\/\\\/www.todanelo.com\\\/es\\\/#website\"},\"datePublished\":\"2014-11-28T12:45:00+00:00\",\"description\":\"Apenas un a\u00f1o despu\u00e9s de haber sido declarada en concurso voluntario de acreedores, Precintia international, S.A. logr\u00f3 el pasado d\u00eda 24 de octubre la\",\"breadcrumb\":{\"@id\":\"https:\\\/\\\/www.todanelo.com\\\/es\\\/noticias\\\/precintia-international-levanta-su-concurso-voluntario-de-acreedores\\\/#breadcrumb\"},\"inLanguage\":\"es\",\"potentialAction\":[{\"@type\":\"ReadAction\",\"target\":[\"https:\\\/\\\/www.todanelo.com\\\/es\\\/noticias\\\/precintia-international-levanta-su-concurso-voluntario-de-acreedores\\\/\"]}]},{\"@type\":\"BreadcrumbList\",\"@id\":\"https:\\\/\\\/www.todanelo.com\\\/es\\\/noticias\\\/precintia-international-levanta-su-concurso-voluntario-de-acreedores\\\/#breadcrumb\",\"itemListElement\":[{\"@type\":\"ListItem\",\"position\":1,\"name\":\"Inicio\",\"item\":\"https:\\\/\\\/www.todanelo.com\\\/es\\\/\"},{\"@type\":\"ListItem\",\"position\":2,\"name\":\"Precintia International levanta su concurso voluntario de acreedores\"}]},{\"@type\":\"WebSite\",\"@id\":\"https:\\\/\\\/www.todanelo.com\\\/es\\\/#website\",\"url\":\"https:\\\/\\\/www.todanelo.com\\\/es\\\/\",\"name\":\"Toda &amp; Nel-lo Abogados\",\"description\":\"Despacho Jur\u00eddico Barcelona y Madrid\",\"publisher\":{\"@id\":\"https:\\\/\\\/www.todanelo.com\\\/es\\\/#organization\"},\"potentialAction\":[{\"@type\":\"SearchAction\",\"target\":{\"@type\":\"EntryPoint\",\"urlTemplate\":\"https:\\\/\\\/www.todanelo.com\\\/es\\\/?s={search_term_string}\"},\"query-input\":{\"@type\":\"PropertyValueSpecification\",\"valueRequired\":true,\"valueName\":\"search_term_string\"}}],\"inLanguage\":\"es\"},{\"@type\":\"Organization\",\"@id\":\"https:\\\/\\\/www.todanelo.com\\\/es\\\/#organization\",\"name\":\"Toda &amp; Nel-lo Abogados\",\"url\":\"https:\\\/\\\/www.todanelo.com\\\/es\\\/\",\"logo\":{\"@type\":\"ImageObject\",\"inLanguage\":\"es\",\"@id\":\"https:\\\/\\\/www.todanelo.com\\\/es\\\/#\\\/schema\\\/logo\\\/image\\\/\",\"url\":\"https:\\\/\\\/www.todanelo.com\\\/wp-content\\\/uploads\\\/logo-todanelo.png\",\"contentUrl\":\"https:\\\/\\\/www.todanelo.com\\\/wp-content\\\/uploads\\\/logo-todanelo.png\",\"width\":390,\"height\":161,\"caption\":\"Toda &amp; Nel-lo Abogados\"},\"image\":{\"@id\":\"https:\\\/\\\/www.todanelo.com\\\/es\\\/#\\\/schema\\\/logo\\\/image\\\/\"}},{\"@type\":\"Person\",\"@id\":\"https:\\\/\\\/www.todanelo.com\\\/es\\\/#\\\/schema\\\/person\\\/403e6ed9d856044c44f52763ead94c6a\",\"name\":\"emfasi\",\"sameAs\":[\"https:\\\/\\\/www.todanelo.com\"],\"url\":\"https:\\\/\\\/www.todanelo.com\\\/es\\\/noticias\\\/author\\\/emfasi\\\/\"}]}<\/script>\n<!-- \/ Yoast SEO plugin. -->","yoast_head_json":{"title":"Precintia International levanta su concurso voluntario de acreedores - Toda &amp; Nel-lo Abogados","description":"Apenas un a\u00f1o despu\u00e9s de haber sido declarada en concurso voluntario de acreedores, Precintia international, S.A. logr\u00f3 el pasado d\u00eda 24 de octubre la","robots":{"index":"index","follow":"follow","max-snippet":"max-snippet:-1","max-image-preview":"max-image-preview:large","max-video-preview":"max-video-preview:-1"},"canonical":"https:\/\/www.todanelo.com\/es\/noticias\/precintia-international-levanta-su-concurso-voluntario-de-acreedores\/","og_locale":"es_ES","og_type":"article","og_title":"Precintia International levanta su concurso voluntario de acreedores - Toda &amp; Nel-lo Abogados","og_description":"Apenas un a\u00f1o despu\u00e9s de haber sido declarada en concurso voluntario de acreedores, Precintia international, S.A. logr\u00f3 el pasado d\u00eda 24 de octubre la","og_url":"https:\/\/www.todanelo.com\/es\/noticias\/precintia-international-levanta-su-concurso-voluntario-de-acreedores\/","og_site_name":"Toda &amp; Nel-lo Abogados","article_published_time":"2014-11-28T12:45:00+00:00","author":"emfasi","twitter_card":"summary_large_image","twitter_misc":{"Escrito por":"emfasi","Tiempo de lectura":"2 minutos"},"schema":{"@context":"https:\/\/schema.org","@graph":[{"@type":"Article","@id":"https:\/\/www.todanelo.com\/es\/noticias\/precintia-international-levanta-su-concurso-voluntario-de-acreedores\/#article","isPartOf":{"@id":"https:\/\/www.todanelo.com\/es\/noticias\/precintia-international-levanta-su-concurso-voluntario-de-acreedores\/"},"author":{"name":"emfasi","@id":"https:\/\/www.todanelo.com\/es\/#\/schema\/person\/403e6ed9d856044c44f52763ead94c6a"},"headline":"Precintia International levanta su concurso voluntario de acreedores","datePublished":"2014-11-28T12:45:00+00:00","mainEntityOfPage":{"@id":"https:\/\/www.todanelo.com\/es\/noticias\/precintia-international-levanta-su-concurso-voluntario-de-acreedores\/"},"wordCount":373,"commentCount":5,"publisher":{"@id":"https:\/\/www.todanelo.com\/es\/#organization"},"inLanguage":"es","potentialAction":[{"@type":"CommentAction","name":"Comment","target":["https:\/\/www.todanelo.com\/es\/noticias\/precintia-international-levanta-su-concurso-voluntario-de-acreedores\/#respond"]}]},{"@type":"WebPage","@id":"https:\/\/www.todanelo.com\/es\/noticias\/precintia-international-levanta-su-concurso-voluntario-de-acreedores\/","url":"https:\/\/www.todanelo.com\/es\/noticias\/precintia-international-levanta-su-concurso-voluntario-de-acreedores\/","name":"Precintia International levanta su concurso voluntario de acreedores - Toda &amp; Nel-lo Abogados","isPartOf":{"@id":"https:\/\/www.todanelo.com\/es\/#website"},"datePublished":"2014-11-28T12:45:00+00:00","description":"Apenas un a\u00f1o despu\u00e9s de haber sido declarada en concurso voluntario de acreedores, Precintia international, S.A. logr\u00f3 el pasado d\u00eda 24 de octubre la","breadcrumb":{"@id":"https:\/\/www.todanelo.com\/es\/noticias\/precintia-international-levanta-su-concurso-voluntario-de-acreedores\/#breadcrumb"},"inLanguage":"es","potentialAction":[{"@type":"ReadAction","target":["https:\/\/www.todanelo.com\/es\/noticias\/precintia-international-levanta-su-concurso-voluntario-de-acreedores\/"]}]},{"@type":"BreadcrumbList","@id":"https:\/\/www.todanelo.com\/es\/noticias\/precintia-international-levanta-su-concurso-voluntario-de-acreedores\/#breadcrumb","itemListElement":[{"@type":"ListItem","position":1,"name":"Inicio","item":"https:\/\/www.todanelo.com\/es\/"},{"@type":"ListItem","position":2,"name":"Precintia International levanta su concurso voluntario de acreedores"}]},{"@type":"WebSite","@id":"https:\/\/www.todanelo.com\/es\/#website","url":"https:\/\/www.todanelo.com\/es\/","name":"Toda &amp; Nel-lo Abogados","description":"Despacho Jur\u00eddico Barcelona y Madrid","publisher":{"@id":"https:\/\/www.todanelo.com\/es\/#organization"},"potentialAction":[{"@type":"SearchAction","target":{"@type":"EntryPoint","urlTemplate":"https:\/\/www.todanelo.com\/es\/?s={search_term_string}"},"query-input":{"@type":"PropertyValueSpecification","valueRequired":true,"valueName":"search_term_string"}}],"inLanguage":"es"},{"@type":"Organization","@id":"https:\/\/www.todanelo.com\/es\/#organization","name":"Toda &amp; Nel-lo Abogados","url":"https:\/\/www.todanelo.com\/es\/","logo":{"@type":"ImageObject","inLanguage":"es","@id":"https:\/\/www.todanelo.com\/es\/#\/schema\/logo\/image\/","url":"https:\/\/www.todanelo.com\/wp-content\/uploads\/logo-todanelo.png","contentUrl":"https:\/\/www.todanelo.com\/wp-content\/uploads\/logo-todanelo.png","width":390,"height":161,"caption":"Toda &amp; Nel-lo Abogados"},"image":{"@id":"https:\/\/www.todanelo.com\/es\/#\/schema\/logo\/image\/"}},{"@type":"Person","@id":"https:\/\/www.todanelo.com\/es\/#\/schema\/person\/403e6ed9d856044c44f52763ead94c6a","name":"emfasi","sameAs":["https:\/\/www.todanelo.com"],"url":"https:\/\/www.todanelo.com\/es\/noticias\/author\/emfasi\/"}]}},"_links":{"self":[{"href":"https:\/\/www.todanelo.com\/es\/wp-json\/wp\/v2\/posts\/2511","targetHints":{"allow":["GET"]}}],"collection":[{"href":"https:\/\/www.todanelo.com\/es\/wp-json\/wp\/v2\/posts"}],"about":[{"href":"https:\/\/www.todanelo.com\/es\/wp-json\/wp\/v2\/types\/post"}],"author":[{"embeddable":true,"href":"https:\/\/www.todanelo.com\/es\/wp-json\/wp\/v2\/users\/1"}],"replies":[{"embeddable":true,"href":"https:\/\/www.todanelo.com\/es\/wp-json\/wp\/v2\/comments?post=2511"}],"version-history":[{"count":0,"href":"https:\/\/www.todanelo.com\/es\/wp-json\/wp\/v2\/posts\/2511\/revisions"}],"wp:attachment":[{"href":"https:\/\/www.todanelo.com\/es\/wp-json\/wp\/v2\/media?parent=2511"}],"wp:term":[{"taxonomy":"category","embeddable":true,"href":"https:\/\/www.todanelo.com\/es\/wp-json\/wp\/v2\/categories?post=2511"},{"taxonomy":"post_tag","embeddable":true,"href":"https:\/\/www.todanelo.com\/es\/wp-json\/wp\/v2\/tags?post=2511"}],"curies":[{"name":"wp","href":"https:\/\/api.w.org\/{rel}","templated":true}]}}