{"id":2508,"date":"2015-04-30T11:15:00","date_gmt":"2015-04-30T11:15:00","guid":{"rendered":"https:\/\/beta.todanelo.com\/blog\/estrategias-de-optimizacion-fiscal-y-patrimonial-partir-del-17-de-agosto-2015\/"},"modified":"2015-04-30T11:15:00","modified_gmt":"2015-04-30T11:15:00","slug":"estrategias-de-optimizacion-fiscal-y-patrimonial-partir-del-17-de-agosto-2015","status":"publish","type":"post","link":"https:\/\/www.todanelo.com\/es\/noticias\/estrategias-de-optimizacion-fiscal-y-patrimonial-partir-del-17-de-agosto-2015\/","title":{"rendered":"ESTRATEGIAS DE OPTIMIZACI\u00d3N FISCAL Y PATRIMONIAL A PARTIR DEL 17 DE AGOSTO 2015"},"content":{"rendered":"<p>Un Reglamento europeo modificar\u00e1 de manera significativa las reglas aplicables a las sucesiones transnacionales a partir del 17 de agosto de 2015.<\/p>\n<p>La nueva reglamentaci\u00f3n afectar\u00e1 a m\u00e1s de 12 millones de ciudadanos residentes en alg\u00fan Estado de la UE diferente al de su nacionalidad, as\u00ed como a las parejas de distinta nacionalidad, cada vez m\u00e1s frecuentes en el seno de la Uni\u00f3n.<\/p>\n<p>El Reglamento ofrece a los ciudadanos la posibilidad de elegir, bajo determinados requisitos, la Ley aplicable a su sucesi\u00f3n.<\/p>\n<p>Con el fin de analizar en profundidad los cambios que el Reglamento introduce, el pr\u00f3ximo 18 de junio de 2015 se celebrar\u00e1 en Par\u00eds una jornada monogr\u00e1fica, en la que TODA &#038; NEL-LO participar\u00e1 activamente como ponente, aportando su experiencia en el marco de las sucesiones internacionales.<\/p>\n<p>Consulte el programa \u00edntegro de la jornada <a href=\"http:\/\/www.efe.fr\/formation\/actualite\/successions-internationales.html\" target=\"_blank\" rel=\"noopener\">aqu\u00ed<\/a><\/p>\n<p>\u00a0 \u00a0 \u00a0 \u00a0 \u00a0 \u00a0 \u00a0 \u00a0 \u00a0 \u00a0 \u00a0 \u00a0 \u00a0 \u00a0 \u00a0 \u00a0 \u00a0 \u00a0 \u00a0 \u00a0 \u00a0 \u00a0 \u00a0 \u00a0\u00a0<img decoding=\"async\" alt=\"\" src=\"\/wp-content\/uploads\/common\/successions_internationales_jornada_18jun15.jpg\" style=\"font-size: 13.0080003738403px; line-height: 1.538em; width: 600px; height: 850px;\" \/><\/p>\n","protected":false},"excerpt":{"rendered":"<p>Un Reglamento europeo modificar\u00e1 de manera significativa las reglas aplicables a las sucesiones transnacionales a partir del 17 de agosto de 2015. La nueva reglamentaci\u00f3n afectar\u00e1 a m\u00e1s de 12 &hellip;<\/p>\n","protected":false},"author":1,"featured_media":0,"comment_status":"open","ping_status":"open","sticky":false,"template":"","format":"standard","meta":{"_acf_changed":false,"footnotes":""},"categories":[],"tags":[],"class_list":["post-2508","post","type-post","status-publish","format-standard","hentry"],"acf":[],"yoast_head":"<!-- This site is optimized with the Yoast SEO plugin v27.4 - https:\/\/yoast.com\/product\/yoast-seo-wordpress\/ -->\n<title>ESTRATEGIAS DE OPTIMIZACI\u00d3N FISCAL Y PATRIMONIAL A PARTIR DEL 17 DE AGOSTO 2015 - Toda &amp; Nel-lo Abogados<\/title>\n<meta name=\"description\" content=\"Un Reglamento europeo modificar\u00e1 de manera significativa las reglas aplicables a las sucesiones transnacionales a partir del 17 de agosto de 2015. La\" \/>\n<meta name=\"robots\" content=\"index, follow, max-snippet:-1, max-image-preview:large, max-video-preview:-1\" \/>\n<link rel=\"canonical\" href=\"https:\/\/www.todanelo.com\/es\/noticias\/estrategias-de-optimizacion-fiscal-y-patrimonial-partir-del-17-de-agosto-2015\/\" \/>\n<meta property=\"og:locale\" content=\"es_ES\" \/>\n<meta property=\"og:type\" content=\"article\" \/>\n<meta property=\"og:title\" content=\"ESTRATEGIAS DE OPTIMIZACI\u00d3N FISCAL Y PATRIMONIAL A PARTIR DEL 17 DE AGOSTO 2015 - Toda &amp; Nel-lo Abogados\" \/>\n<meta property=\"og:description\" content=\"Un Reglamento europeo modificar\u00e1 de manera significativa las reglas aplicables a las sucesiones transnacionales a partir del 17 de agosto de 2015. La\" \/>\n<meta property=\"og:url\" content=\"https:\/\/www.todanelo.com\/es\/noticias\/estrategias-de-optimizacion-fiscal-y-patrimonial-partir-del-17-de-agosto-2015\/\" \/>\n<meta property=\"og:site_name\" content=\"Toda &amp; Nel-lo Abogados\" \/>\n<meta property=\"article:published_time\" content=\"2015-04-30T11:15:00+00:00\" \/>\n<meta name=\"author\" content=\"emfasi\" \/>\n<meta name=\"twitter:card\" content=\"summary_large_image\" \/>\n<meta name=\"twitter:label1\" content=\"Escrito por\" \/>\n\t<meta name=\"twitter:data1\" content=\"emfasi\" \/>\n\t<meta name=\"twitter:label2\" content=\"Tiempo de lectura\" \/>\n\t<meta name=\"twitter:data2\" content=\"1 minuto\" \/>\n<script type=\"application\/ld+json\" class=\"yoast-schema-graph\">{\"@context\":\"https:\\\/\\\/schema.org\",\"@graph\":[{\"@type\":\"Article\",\"@id\":\"https:\\\/\\\/www.todanelo.com\\\/es\\\/noticias\\\/estrategias-de-optimizacion-fiscal-y-patrimonial-partir-del-17-de-agosto-2015\\\/#article\",\"isPartOf\":{\"@id\":\"https:\\\/\\\/www.todanelo.com\\\/es\\\/noticias\\\/estrategias-de-optimizacion-fiscal-y-patrimonial-partir-del-17-de-agosto-2015\\\/\"},\"author\":{\"name\":\"emfasi\",\"@id\":\"https:\\\/\\\/www.todanelo.com\\\/es\\\/#\\\/schema\\\/person\\\/403e6ed9d856044c44f52763ead94c6a\"},\"headline\":\"ESTRATEGIAS DE OPTIMIZACI\u00d3N FISCAL Y PATRIMONIAL A PARTIR DEL 17 DE AGOSTO 2015\",\"datePublished\":\"2015-04-30T11:15:00+00:00\",\"mainEntityOfPage\":{\"@id\":\"https:\\\/\\\/www.todanelo.com\\\/es\\\/noticias\\\/estrategias-de-optimizacion-fiscal-y-patrimonial-partir-del-17-de-agosto-2015\\\/\"},\"wordCount\":152,\"commentCount\":3,\"publisher\":{\"@id\":\"https:\\\/\\\/www.todanelo.com\\\/es\\\/#organization\"},\"inLanguage\":\"es\",\"potentialAction\":[{\"@type\":\"CommentAction\",\"name\":\"Comment\",\"target\":[\"https:\\\/\\\/www.todanelo.com\\\/es\\\/noticias\\\/estrategias-de-optimizacion-fiscal-y-patrimonial-partir-del-17-de-agosto-2015\\\/#respond\"]}]},{\"@type\":\"WebPage\",\"@id\":\"https:\\\/\\\/www.todanelo.com\\\/es\\\/noticias\\\/estrategias-de-optimizacion-fiscal-y-patrimonial-partir-del-17-de-agosto-2015\\\/\",\"url\":\"https:\\\/\\\/www.todanelo.com\\\/es\\\/noticias\\\/estrategias-de-optimizacion-fiscal-y-patrimonial-partir-del-17-de-agosto-2015\\\/\",\"name\":\"ESTRATEGIAS DE OPTIMIZACI\u00d3N FISCAL Y PATRIMONIAL A PARTIR DEL 17 DE AGOSTO 2015 - Toda &amp; Nel-lo Abogados\",\"isPartOf\":{\"@id\":\"https:\\\/\\\/www.todanelo.com\\\/es\\\/#website\"},\"datePublished\":\"2015-04-30T11:15:00+00:00\",\"description\":\"Un Reglamento europeo modificar\u00e1 de manera significativa las reglas aplicables a las sucesiones transnacionales a partir del 17 de agosto de 2015. La\",\"breadcrumb\":{\"@id\":\"https:\\\/\\\/www.todanelo.com\\\/es\\\/noticias\\\/estrategias-de-optimizacion-fiscal-y-patrimonial-partir-del-17-de-agosto-2015\\\/#breadcrumb\"},\"inLanguage\":\"es\",\"potentialAction\":[{\"@type\":\"ReadAction\",\"target\":[\"https:\\\/\\\/www.todanelo.com\\\/es\\\/noticias\\\/estrategias-de-optimizacion-fiscal-y-patrimonial-partir-del-17-de-agosto-2015\\\/\"]}]},{\"@type\":\"BreadcrumbList\",\"@id\":\"https:\\\/\\\/www.todanelo.com\\\/es\\\/noticias\\\/estrategias-de-optimizacion-fiscal-y-patrimonial-partir-del-17-de-agosto-2015\\\/#breadcrumb\",\"itemListElement\":[{\"@type\":\"ListItem\",\"position\":1,\"name\":\"Inicio\",\"item\":\"https:\\\/\\\/www.todanelo.com\\\/es\\\/\"},{\"@type\":\"ListItem\",\"position\":2,\"name\":\"ESTRATEGIAS DE OPTIMIZACI\u00d3N FISCAL Y PATRIMONIAL A PARTIR DEL 17 DE AGOSTO 2015\"}]},{\"@type\":\"WebSite\",\"@id\":\"https:\\\/\\\/www.todanelo.com\\\/es\\\/#website\",\"url\":\"https:\\\/\\\/www.todanelo.com\\\/es\\\/\",\"name\":\"Toda &amp; Nel-lo Abogados\",\"description\":\"Despacho Jur\u00eddico Barcelona y Madrid\",\"publisher\":{\"@id\":\"https:\\\/\\\/www.todanelo.com\\\/es\\\/#organization\"},\"potentialAction\":[{\"@type\":\"SearchAction\",\"target\":{\"@type\":\"EntryPoint\",\"urlTemplate\":\"https:\\\/\\\/www.todanelo.com\\\/es\\\/?s={search_term_string}\"},\"query-input\":{\"@type\":\"PropertyValueSpecification\",\"valueRequired\":true,\"valueName\":\"search_term_string\"}}],\"inLanguage\":\"es\"},{\"@type\":\"Organization\",\"@id\":\"https:\\\/\\\/www.todanelo.com\\\/es\\\/#organization\",\"name\":\"Toda &amp; Nel-lo Abogados\",\"url\":\"https:\\\/\\\/www.todanelo.com\\\/es\\\/\",\"logo\":{\"@type\":\"ImageObject\",\"inLanguage\":\"es\",\"@id\":\"https:\\\/\\\/www.todanelo.com\\\/es\\\/#\\\/schema\\\/logo\\\/image\\\/\",\"url\":\"https:\\\/\\\/www.todanelo.com\\\/wp-content\\\/uploads\\\/logo-todanelo.png\",\"contentUrl\":\"https:\\\/\\\/www.todanelo.com\\\/wp-content\\\/uploads\\\/logo-todanelo.png\",\"width\":390,\"height\":161,\"caption\":\"Toda &amp; Nel-lo Abogados\"},\"image\":{\"@id\":\"https:\\\/\\\/www.todanelo.com\\\/es\\\/#\\\/schema\\\/logo\\\/image\\\/\"}},{\"@type\":\"Person\",\"@id\":\"https:\\\/\\\/www.todanelo.com\\\/es\\\/#\\\/schema\\\/person\\\/403e6ed9d856044c44f52763ead94c6a\",\"name\":\"emfasi\",\"sameAs\":[\"https:\\\/\\\/www.todanelo.com\"],\"url\":\"https:\\\/\\\/www.todanelo.com\\\/es\\\/noticias\\\/author\\\/emfasi\\\/\"}]}<\/script>\n<!-- \/ Yoast SEO plugin. -->","yoast_head_json":{"title":"ESTRATEGIAS DE OPTIMIZACI\u00d3N FISCAL Y PATRIMONIAL A PARTIR DEL 17 DE AGOSTO 2015 - Toda &amp; Nel-lo Abogados","description":"Un Reglamento europeo modificar\u00e1 de manera significativa las reglas aplicables a las sucesiones transnacionales a partir del 17 de agosto de 2015. La","robots":{"index":"index","follow":"follow","max-snippet":"max-snippet:-1","max-image-preview":"max-image-preview:large","max-video-preview":"max-video-preview:-1"},"canonical":"https:\/\/www.todanelo.com\/es\/noticias\/estrategias-de-optimizacion-fiscal-y-patrimonial-partir-del-17-de-agosto-2015\/","og_locale":"es_ES","og_type":"article","og_title":"ESTRATEGIAS DE OPTIMIZACI\u00d3N FISCAL Y PATRIMONIAL A PARTIR DEL 17 DE AGOSTO 2015 - Toda &amp; Nel-lo Abogados","og_description":"Un Reglamento europeo modificar\u00e1 de manera significativa las reglas aplicables a las sucesiones transnacionales a partir del 17 de agosto de 2015. La","og_url":"https:\/\/www.todanelo.com\/es\/noticias\/estrategias-de-optimizacion-fiscal-y-patrimonial-partir-del-17-de-agosto-2015\/","og_site_name":"Toda &amp; Nel-lo Abogados","article_published_time":"2015-04-30T11:15:00+00:00","author":"emfasi","twitter_card":"summary_large_image","twitter_misc":{"Escrito por":"emfasi","Tiempo de lectura":"1 minuto"},"schema":{"@context":"https:\/\/schema.org","@graph":[{"@type":"Article","@id":"https:\/\/www.todanelo.com\/es\/noticias\/estrategias-de-optimizacion-fiscal-y-patrimonial-partir-del-17-de-agosto-2015\/#article","isPartOf":{"@id":"https:\/\/www.todanelo.com\/es\/noticias\/estrategias-de-optimizacion-fiscal-y-patrimonial-partir-del-17-de-agosto-2015\/"},"author":{"name":"emfasi","@id":"https:\/\/www.todanelo.com\/es\/#\/schema\/person\/403e6ed9d856044c44f52763ead94c6a"},"headline":"ESTRATEGIAS DE OPTIMIZACI\u00d3N FISCAL Y PATRIMONIAL A PARTIR DEL 17 DE AGOSTO 2015","datePublished":"2015-04-30T11:15:00+00:00","mainEntityOfPage":{"@id":"https:\/\/www.todanelo.com\/es\/noticias\/estrategias-de-optimizacion-fiscal-y-patrimonial-partir-del-17-de-agosto-2015\/"},"wordCount":152,"commentCount":3,"publisher":{"@id":"https:\/\/www.todanelo.com\/es\/#organization"},"inLanguage":"es","potentialAction":[{"@type":"CommentAction","name":"Comment","target":["https:\/\/www.todanelo.com\/es\/noticias\/estrategias-de-optimizacion-fiscal-y-patrimonial-partir-del-17-de-agosto-2015\/#respond"]}]},{"@type":"WebPage","@id":"https:\/\/www.todanelo.com\/es\/noticias\/estrategias-de-optimizacion-fiscal-y-patrimonial-partir-del-17-de-agosto-2015\/","url":"https:\/\/www.todanelo.com\/es\/noticias\/estrategias-de-optimizacion-fiscal-y-patrimonial-partir-del-17-de-agosto-2015\/","name":"ESTRATEGIAS DE OPTIMIZACI\u00d3N FISCAL Y PATRIMONIAL A PARTIR DEL 17 DE AGOSTO 2015 - Toda &amp; Nel-lo Abogados","isPartOf":{"@id":"https:\/\/www.todanelo.com\/es\/#website"},"datePublished":"2015-04-30T11:15:00+00:00","description":"Un Reglamento europeo modificar\u00e1 de manera significativa las reglas aplicables a las sucesiones transnacionales a partir del 17 de agosto de 2015. La","breadcrumb":{"@id":"https:\/\/www.todanelo.com\/es\/noticias\/estrategias-de-optimizacion-fiscal-y-patrimonial-partir-del-17-de-agosto-2015\/#breadcrumb"},"inLanguage":"es","potentialAction":[{"@type":"ReadAction","target":["https:\/\/www.todanelo.com\/es\/noticias\/estrategias-de-optimizacion-fiscal-y-patrimonial-partir-del-17-de-agosto-2015\/"]}]},{"@type":"BreadcrumbList","@id":"https:\/\/www.todanelo.com\/es\/noticias\/estrategias-de-optimizacion-fiscal-y-patrimonial-partir-del-17-de-agosto-2015\/#breadcrumb","itemListElement":[{"@type":"ListItem","position":1,"name":"Inicio","item":"https:\/\/www.todanelo.com\/es\/"},{"@type":"ListItem","position":2,"name":"ESTRATEGIAS DE OPTIMIZACI\u00d3N FISCAL Y PATRIMONIAL A PARTIR DEL 17 DE AGOSTO 2015"}]},{"@type":"WebSite","@id":"https:\/\/www.todanelo.com\/es\/#website","url":"https:\/\/www.todanelo.com\/es\/","name":"Toda &amp; Nel-lo Abogados","description":"Despacho Jur\u00eddico Barcelona y Madrid","publisher":{"@id":"https:\/\/www.todanelo.com\/es\/#organization"},"potentialAction":[{"@type":"SearchAction","target":{"@type":"EntryPoint","urlTemplate":"https:\/\/www.todanelo.com\/es\/?s={search_term_string}"},"query-input":{"@type":"PropertyValueSpecification","valueRequired":true,"valueName":"search_term_string"}}],"inLanguage":"es"},{"@type":"Organization","@id":"https:\/\/www.todanelo.com\/es\/#organization","name":"Toda &amp; Nel-lo Abogados","url":"https:\/\/www.todanelo.com\/es\/","logo":{"@type":"ImageObject","inLanguage":"es","@id":"https:\/\/www.todanelo.com\/es\/#\/schema\/logo\/image\/","url":"https:\/\/www.todanelo.com\/wp-content\/uploads\/logo-todanelo.png","contentUrl":"https:\/\/www.todanelo.com\/wp-content\/uploads\/logo-todanelo.png","width":390,"height":161,"caption":"Toda &amp; Nel-lo Abogados"},"image":{"@id":"https:\/\/www.todanelo.com\/es\/#\/schema\/logo\/image\/"}},{"@type":"Person","@id":"https:\/\/www.todanelo.com\/es\/#\/schema\/person\/403e6ed9d856044c44f52763ead94c6a","name":"emfasi","sameAs":["https:\/\/www.todanelo.com"],"url":"https:\/\/www.todanelo.com\/es\/noticias\/author\/emfasi\/"}]}},"_links":{"self":[{"href":"https:\/\/www.todanelo.com\/es\/wp-json\/wp\/v2\/posts\/2508","targetHints":{"allow":["GET"]}}],"collection":[{"href":"https:\/\/www.todanelo.com\/es\/wp-json\/wp\/v2\/posts"}],"about":[{"href":"https:\/\/www.todanelo.com\/es\/wp-json\/wp\/v2\/types\/post"}],"author":[{"embeddable":true,"href":"https:\/\/www.todanelo.com\/es\/wp-json\/wp\/v2\/users\/1"}],"replies":[{"embeddable":true,"href":"https:\/\/www.todanelo.com\/es\/wp-json\/wp\/v2\/comments?post=2508"}],"version-history":[{"count":0,"href":"https:\/\/www.todanelo.com\/es\/wp-json\/wp\/v2\/posts\/2508\/revisions"}],"wp:attachment":[{"href":"https:\/\/www.todanelo.com\/es\/wp-json\/wp\/v2\/media?parent=2508"}],"wp:term":[{"taxonomy":"category","embeddable":true,"href":"https:\/\/www.todanelo.com\/es\/wp-json\/wp\/v2\/categories?post=2508"},{"taxonomy":"post_tag","embeddable":true,"href":"https:\/\/www.todanelo.com\/es\/wp-json\/wp\/v2\/tags?post=2508"}],"curies":[{"name":"wp","href":"https:\/\/api.w.org\/{rel}","templated":true}]}}