{"id":2501,"date":"2016-04-07T10:15:00","date_gmt":"2016-04-07T10:15:00","guid":{"rendered":"https:\/\/beta.todanelo.com\/blog\/si-eres-abogado-interno-asistir-este-desayuno-de-trabajo-te-puede-interesar\/"},"modified":"2016-04-07T10:15:00","modified_gmt":"2016-04-07T10:15:00","slug":"si-eres-abogado-interno-asistir-este-desayuno-de-trabajo-te-puede-interesar","status":"publish","type":"post","link":"https:\/\/www.todanelo.com\/es\/noticias\/si-eres-abogado-interno-asistir-este-desayuno-de-trabajo-te-puede-interesar\/","title":{"rendered":"SI ERES ABOGADO INTERNO, ASISTIR A ESTE DESAYUNO DE TRABAJO TE PUEDE INTERESAR"},"content":{"rendered":"<p>El pr\u00f3ximo d\u00eda 21 de abril, de 9:00 a 10:30, se llevar\u00e1 a cabo el desayuno de trabajo para abogados internos de empresa en la sede de la firma Toda &#038; Nel-lo Abogados en Barcelona (Avda. Diagonal 520 5\u00ba 2\u00aa) y organizado por The Association of Corporate Counsel Europe (ACC Europe), donde se abordar\u00e1n las razones y la metodolog\u00eda para construir una marca personal potente.<\/p>\n<p>La reputaci\u00f3n es clave para la construcci\u00f3n de la confianza. Al igual que para el abogado externo, para el abogado interno, es imprescindible generar confianza en sus clientes y compa\u00f1eros como mecanismo para ser incluido en la cadena de valor y en la toma de decisiones, as\u00ed como establecer relaciones duraderas y s\u00f3lidas. Adem\u00e1s, el desarrollo profesional y la inestabilidad del mercado laboral hacen necesario estar preparado para \u201creinventarse profesionalmente\u201d. Quien cuenta con una buena reputaci\u00f3n lo tiene mucho m\u00e1s f\u00e1cil para poder hacerlo.<\/p>\n<p>A fin de desarrollar una reputaci\u00f3n adecuada, es clave entender tu propia situaci\u00f3n, contar con una buena estrategia que recoja acciones concretas (t\u00e1cticas) y llevar \u00e9stas a la pr\u00e1ctica. Internet ha tra\u00eddo consigo muchos cambios en este campo, dotando al profesional de muchas m\u00e1s opciones, pero a la vez aumentando los riesgos reputacionales y el esfuerzo que hay que dedicar a la construcci\u00f3n de la marca personal.<\/p>\n<p>En esta charla de aproximadamente una hora repasaremos las caracter\u00edsticas del entorno econ\u00f3mico actual, los conceptos b\u00e1sicos del \u201cbranding personal\u201d y las herramientas para dise\u00f1ar e implementar un plan de marca personal potente. Haremos menci\u00f3n especial a las basadas en el entorno on-line, que por un lado han aumentado exponencialmente el abanico de posibilidades pero por otro tambi\u00e9n incrementan el riesgo reputacional.<\/p>\n<p>Un <strong>evento exclusivo para abogados de empresa <\/strong>y mediante invitaci\u00f3n, en el que Mar\u00eda Jes\u00fas Gonz\u00e1lez Espejo, socia directora de Emprendelaw, repasar\u00e1 las caracter\u00edsticas del entorno econ\u00f3mico actual, los conceptos b\u00e1sicos del \u201cbranding personal\u201d y las herramientas clave para dise\u00f1ar e implementar un plan de marca personal potente, haciendo menci\u00f3n especial a la marca personal on line.<\/p>\n<p>Si desea asistir, le rogamos nos lo confirme enviando un correo electr\u00f3nico lo antes posible a Elena Gonz\u00e1lez (<a href=\"mailto:info@todanel-lo.com\" target=\"_blank\" rel=\"noopener\">info@todanel-lo.com<\/a>) o por tel\u00e9fono: <a href=\"tel:%2B34%2093%20363%2040%2000\" target=\"_blank\" rel=\"noopener\">+34 93 363 40 00<\/a>, indicando su nombre, cargo y empresa. \u00a0<\/p>\n<p>Esperamos tener el privilegio de contar con su presencia.<\/p>\n<p>Programa<\/p>\n<p>9:00 a 9:10:\u00a0\u00a0\u00a0\u00a0\u00a0\u00a0\u00a0 Acreditaciones<\/p>\n<p>9:10 a 9:15:\u00a0\u00a0\u00a0\u00a0\u00a0\u00a0\u00a0 Apertura por\u00a0Antonio Delgado<\/p>\n<p>9:15 a 10.15:\u00a0\u00a0\u00a0\u00a0\u00a0 Conferencia por Mar\u00eda Jes\u00fas Gonz\u00e1lez-Espejo, Socia Directora de\u00a0Emprendelaw<\/p>\n<p>10:15 a 10.25:\u00a0\u00a0\u00a0 Ruegos y preguntas<\/p>\n<p>10.25 a 10.30:\u00a0\u00a0\u00a0 Clausura por Socio Director de Toda &#038; Nel-lo Abogados<\/p>\n<p>\u00a0<\/p>\n<p>\u00a0<\/p>\n","protected":false},"excerpt":{"rendered":"<p>El pr\u00f3ximo d\u00eda 21 de abril, de 9:00 a 10:30, se llevar\u00e1 a cabo el desayuno de trabajo para abogados internos de empresa en la sede de la firma Toda &hellip;<\/p>\n","protected":false},"author":1,"featured_media":0,"comment_status":"open","ping_status":"open","sticky":false,"template":"","format":"standard","meta":{"_acf_changed":false,"footnotes":""},"categories":[],"tags":[],"class_list":["post-2501","post","type-post","status-publish","format-standard","hentry"],"acf":[],"yoast_head":"<!-- This site is optimized with the Yoast SEO plugin v27.4 - https:\/\/yoast.com\/product\/yoast-seo-wordpress\/ -->\n<title>SI ERES ABOGADO INTERNO, ASISTIR A ESTE DESAYUNO DE TRABAJO TE PUEDE INTERESAR - Toda &amp; Nel-lo Abogados<\/title>\n<meta name=\"description\" content=\"El pr\u00f3ximo d\u00eda 21 de abril, de 9:00 a 10:30, se llevar\u00e1 a cabo el desayuno de trabajo para abogados internos de empresa en la sede de la firma Toda &amp;\" \/>\n<meta name=\"robots\" content=\"index, follow, max-snippet:-1, max-image-preview:large, max-video-preview:-1\" \/>\n<link rel=\"canonical\" href=\"https:\/\/www.todanelo.com\/es\/noticias\/si-eres-abogado-interno-asistir-este-desayuno-de-trabajo-te-puede-interesar\/\" \/>\n<meta property=\"og:locale\" content=\"es_ES\" \/>\n<meta property=\"og:type\" content=\"article\" \/>\n<meta property=\"og:title\" content=\"SI ERES ABOGADO INTERNO, ASISTIR A ESTE DESAYUNO DE TRABAJO TE PUEDE INTERESAR - Toda &amp; Nel-lo Abogados\" \/>\n<meta property=\"og:description\" content=\"El pr\u00f3ximo d\u00eda 21 de abril, de 9:00 a 10:30, se llevar\u00e1 a cabo el desayuno de trabajo para abogados internos de empresa en la sede de la firma Toda &amp;\" \/>\n<meta property=\"og:url\" content=\"https:\/\/www.todanelo.com\/es\/noticias\/si-eres-abogado-interno-asistir-este-desayuno-de-trabajo-te-puede-interesar\/\" \/>\n<meta property=\"og:site_name\" content=\"Toda &amp; Nel-lo Abogados\" \/>\n<meta property=\"article:published_time\" content=\"2016-04-07T10:15:00+00:00\" \/>\n<meta name=\"author\" content=\"emfasi\" \/>\n<meta name=\"twitter:card\" content=\"summary_large_image\" \/>\n<meta name=\"twitter:label1\" content=\"Escrito por\" \/>\n\t<meta name=\"twitter:data1\" content=\"emfasi\" \/>\n\t<meta name=\"twitter:label2\" content=\"Tiempo de lectura\" \/>\n\t<meta name=\"twitter:data2\" content=\"2 minutos\" \/>\n<script type=\"application\/ld+json\" class=\"yoast-schema-graph\">{\"@context\":\"https:\\\/\\\/schema.org\",\"@graph\":[{\"@type\":\"Article\",\"@id\":\"https:\\\/\\\/www.todanelo.com\\\/es\\\/noticias\\\/si-eres-abogado-interno-asistir-este-desayuno-de-trabajo-te-puede-interesar\\\/#article\",\"isPartOf\":{\"@id\":\"https:\\\/\\\/www.todanelo.com\\\/es\\\/noticias\\\/si-eres-abogado-interno-asistir-este-desayuno-de-trabajo-te-puede-interesar\\\/\"},\"author\":{\"name\":\"emfasi\",\"@id\":\"https:\\\/\\\/www.todanelo.com\\\/es\\\/#\\\/schema\\\/person\\\/403e6ed9d856044c44f52763ead94c6a\"},\"headline\":\"SI ERES ABOGADO INTERNO, ASISTIR A ESTE DESAYUNO DE TRABAJO TE PUEDE INTERESAR\",\"datePublished\":\"2016-04-07T10:15:00+00:00\",\"mainEntityOfPage\":{\"@id\":\"https:\\\/\\\/www.todanelo.com\\\/es\\\/noticias\\\/si-eres-abogado-interno-asistir-este-desayuno-de-trabajo-te-puede-interesar\\\/\"},\"wordCount\":451,\"commentCount\":3,\"publisher\":{\"@id\":\"https:\\\/\\\/www.todanelo.com\\\/es\\\/#organization\"},\"inLanguage\":\"es\",\"potentialAction\":[{\"@type\":\"CommentAction\",\"name\":\"Comment\",\"target\":[\"https:\\\/\\\/www.todanelo.com\\\/es\\\/noticias\\\/si-eres-abogado-interno-asistir-este-desayuno-de-trabajo-te-puede-interesar\\\/#respond\"]}]},{\"@type\":\"WebPage\",\"@id\":\"https:\\\/\\\/www.todanelo.com\\\/es\\\/noticias\\\/si-eres-abogado-interno-asistir-este-desayuno-de-trabajo-te-puede-interesar\\\/\",\"url\":\"https:\\\/\\\/www.todanelo.com\\\/es\\\/noticias\\\/si-eres-abogado-interno-asistir-este-desayuno-de-trabajo-te-puede-interesar\\\/\",\"name\":\"SI ERES ABOGADO INTERNO, ASISTIR A ESTE DESAYUNO DE TRABAJO TE PUEDE INTERESAR - Toda &amp; Nel-lo Abogados\",\"isPartOf\":{\"@id\":\"https:\\\/\\\/www.todanelo.com\\\/es\\\/#website\"},\"datePublished\":\"2016-04-07T10:15:00+00:00\",\"description\":\"El pr\u00f3ximo d\u00eda 21 de abril, de 9:00 a 10:30, se llevar\u00e1 a cabo el desayuno de trabajo para abogados internos de empresa en la sede de la firma Toda &\",\"breadcrumb\":{\"@id\":\"https:\\\/\\\/www.todanelo.com\\\/es\\\/noticias\\\/si-eres-abogado-interno-asistir-este-desayuno-de-trabajo-te-puede-interesar\\\/#breadcrumb\"},\"inLanguage\":\"es\",\"potentialAction\":[{\"@type\":\"ReadAction\",\"target\":[\"https:\\\/\\\/www.todanelo.com\\\/es\\\/noticias\\\/si-eres-abogado-interno-asistir-este-desayuno-de-trabajo-te-puede-interesar\\\/\"]}]},{\"@type\":\"BreadcrumbList\",\"@id\":\"https:\\\/\\\/www.todanelo.com\\\/es\\\/noticias\\\/si-eres-abogado-interno-asistir-este-desayuno-de-trabajo-te-puede-interesar\\\/#breadcrumb\",\"itemListElement\":[{\"@type\":\"ListItem\",\"position\":1,\"name\":\"Inicio\",\"item\":\"https:\\\/\\\/www.todanelo.com\\\/es\\\/\"},{\"@type\":\"ListItem\",\"position\":2,\"name\":\"SI ERES ABOGADO INTERNO, ASISTIR A ESTE DESAYUNO DE TRABAJO TE PUEDE INTERESAR\"}]},{\"@type\":\"WebSite\",\"@id\":\"https:\\\/\\\/www.todanelo.com\\\/es\\\/#website\",\"url\":\"https:\\\/\\\/www.todanelo.com\\\/es\\\/\",\"name\":\"Toda &amp; Nel-lo Abogados\",\"description\":\"Despacho Jur\u00eddico Barcelona y Madrid\",\"publisher\":{\"@id\":\"https:\\\/\\\/www.todanelo.com\\\/es\\\/#organization\"},\"potentialAction\":[{\"@type\":\"SearchAction\",\"target\":{\"@type\":\"EntryPoint\",\"urlTemplate\":\"https:\\\/\\\/www.todanelo.com\\\/es\\\/?s={search_term_string}\"},\"query-input\":{\"@type\":\"PropertyValueSpecification\",\"valueRequired\":true,\"valueName\":\"search_term_string\"}}],\"inLanguage\":\"es\"},{\"@type\":\"Organization\",\"@id\":\"https:\\\/\\\/www.todanelo.com\\\/es\\\/#organization\",\"name\":\"Toda &amp; Nel-lo Abogados\",\"url\":\"https:\\\/\\\/www.todanelo.com\\\/es\\\/\",\"logo\":{\"@type\":\"ImageObject\",\"inLanguage\":\"es\",\"@id\":\"https:\\\/\\\/www.todanelo.com\\\/es\\\/#\\\/schema\\\/logo\\\/image\\\/\",\"url\":\"https:\\\/\\\/www.todanelo.com\\\/wp-content\\\/uploads\\\/logo-todanelo.png\",\"contentUrl\":\"https:\\\/\\\/www.todanelo.com\\\/wp-content\\\/uploads\\\/logo-todanelo.png\",\"width\":390,\"height\":161,\"caption\":\"Toda &amp; Nel-lo Abogados\"},\"image\":{\"@id\":\"https:\\\/\\\/www.todanelo.com\\\/es\\\/#\\\/schema\\\/logo\\\/image\\\/\"}},{\"@type\":\"Person\",\"@id\":\"https:\\\/\\\/www.todanelo.com\\\/es\\\/#\\\/schema\\\/person\\\/403e6ed9d856044c44f52763ead94c6a\",\"name\":\"emfasi\",\"sameAs\":[\"https:\\\/\\\/www.todanelo.com\"],\"url\":\"https:\\\/\\\/www.todanelo.com\\\/es\\\/noticias\\\/author\\\/emfasi\\\/\"}]}<\/script>\n<!-- \/ Yoast SEO plugin. -->","yoast_head_json":{"title":"SI ERES ABOGADO INTERNO, ASISTIR A ESTE DESAYUNO DE TRABAJO TE PUEDE INTERESAR - Toda &amp; Nel-lo Abogados","description":"El pr\u00f3ximo d\u00eda 21 de abril, de 9:00 a 10:30, se llevar\u00e1 a cabo el desayuno de trabajo para abogados internos de empresa en la sede de la firma Toda &","robots":{"index":"index","follow":"follow","max-snippet":"max-snippet:-1","max-image-preview":"max-image-preview:large","max-video-preview":"max-video-preview:-1"},"canonical":"https:\/\/www.todanelo.com\/es\/noticias\/si-eres-abogado-interno-asistir-este-desayuno-de-trabajo-te-puede-interesar\/","og_locale":"es_ES","og_type":"article","og_title":"SI ERES ABOGADO INTERNO, ASISTIR A ESTE DESAYUNO DE TRABAJO TE PUEDE INTERESAR - Toda &amp; Nel-lo Abogados","og_description":"El pr\u00f3ximo d\u00eda 21 de abril, de 9:00 a 10:30, se llevar\u00e1 a cabo el desayuno de trabajo para abogados internos de empresa en la sede de la firma Toda &","og_url":"https:\/\/www.todanelo.com\/es\/noticias\/si-eres-abogado-interno-asistir-este-desayuno-de-trabajo-te-puede-interesar\/","og_site_name":"Toda &amp; Nel-lo Abogados","article_published_time":"2016-04-07T10:15:00+00:00","author":"emfasi","twitter_card":"summary_large_image","twitter_misc":{"Escrito por":"emfasi","Tiempo de lectura":"2 minutos"},"schema":{"@context":"https:\/\/schema.org","@graph":[{"@type":"Article","@id":"https:\/\/www.todanelo.com\/es\/noticias\/si-eres-abogado-interno-asistir-este-desayuno-de-trabajo-te-puede-interesar\/#article","isPartOf":{"@id":"https:\/\/www.todanelo.com\/es\/noticias\/si-eres-abogado-interno-asistir-este-desayuno-de-trabajo-te-puede-interesar\/"},"author":{"name":"emfasi","@id":"https:\/\/www.todanelo.com\/es\/#\/schema\/person\/403e6ed9d856044c44f52763ead94c6a"},"headline":"SI ERES ABOGADO INTERNO, ASISTIR A ESTE DESAYUNO DE TRABAJO TE PUEDE INTERESAR","datePublished":"2016-04-07T10:15:00+00:00","mainEntityOfPage":{"@id":"https:\/\/www.todanelo.com\/es\/noticias\/si-eres-abogado-interno-asistir-este-desayuno-de-trabajo-te-puede-interesar\/"},"wordCount":451,"commentCount":3,"publisher":{"@id":"https:\/\/www.todanelo.com\/es\/#organization"},"inLanguage":"es","potentialAction":[{"@type":"CommentAction","name":"Comment","target":["https:\/\/www.todanelo.com\/es\/noticias\/si-eres-abogado-interno-asistir-este-desayuno-de-trabajo-te-puede-interesar\/#respond"]}]},{"@type":"WebPage","@id":"https:\/\/www.todanelo.com\/es\/noticias\/si-eres-abogado-interno-asistir-este-desayuno-de-trabajo-te-puede-interesar\/","url":"https:\/\/www.todanelo.com\/es\/noticias\/si-eres-abogado-interno-asistir-este-desayuno-de-trabajo-te-puede-interesar\/","name":"SI ERES ABOGADO INTERNO, ASISTIR A ESTE DESAYUNO DE TRABAJO TE PUEDE INTERESAR - Toda &amp; Nel-lo Abogados","isPartOf":{"@id":"https:\/\/www.todanelo.com\/es\/#website"},"datePublished":"2016-04-07T10:15:00+00:00","description":"El pr\u00f3ximo d\u00eda 21 de abril, de 9:00 a 10:30, se llevar\u00e1 a cabo el desayuno de trabajo para abogados internos de empresa en la sede de la firma Toda &","breadcrumb":{"@id":"https:\/\/www.todanelo.com\/es\/noticias\/si-eres-abogado-interno-asistir-este-desayuno-de-trabajo-te-puede-interesar\/#breadcrumb"},"inLanguage":"es","potentialAction":[{"@type":"ReadAction","target":["https:\/\/www.todanelo.com\/es\/noticias\/si-eres-abogado-interno-asistir-este-desayuno-de-trabajo-te-puede-interesar\/"]}]},{"@type":"BreadcrumbList","@id":"https:\/\/www.todanelo.com\/es\/noticias\/si-eres-abogado-interno-asistir-este-desayuno-de-trabajo-te-puede-interesar\/#breadcrumb","itemListElement":[{"@type":"ListItem","position":1,"name":"Inicio","item":"https:\/\/www.todanelo.com\/es\/"},{"@type":"ListItem","position":2,"name":"SI ERES ABOGADO INTERNO, ASISTIR A ESTE DESAYUNO DE TRABAJO TE PUEDE INTERESAR"}]},{"@type":"WebSite","@id":"https:\/\/www.todanelo.com\/es\/#website","url":"https:\/\/www.todanelo.com\/es\/","name":"Toda &amp; Nel-lo Abogados","description":"Despacho Jur\u00eddico Barcelona y Madrid","publisher":{"@id":"https:\/\/www.todanelo.com\/es\/#organization"},"potentialAction":[{"@type":"SearchAction","target":{"@type":"EntryPoint","urlTemplate":"https:\/\/www.todanelo.com\/es\/?s={search_term_string}"},"query-input":{"@type":"PropertyValueSpecification","valueRequired":true,"valueName":"search_term_string"}}],"inLanguage":"es"},{"@type":"Organization","@id":"https:\/\/www.todanelo.com\/es\/#organization","name":"Toda &amp; Nel-lo Abogados","url":"https:\/\/www.todanelo.com\/es\/","logo":{"@type":"ImageObject","inLanguage":"es","@id":"https:\/\/www.todanelo.com\/es\/#\/schema\/logo\/image\/","url":"https:\/\/www.todanelo.com\/wp-content\/uploads\/logo-todanelo.png","contentUrl":"https:\/\/www.todanelo.com\/wp-content\/uploads\/logo-todanelo.png","width":390,"height":161,"caption":"Toda &amp; Nel-lo Abogados"},"image":{"@id":"https:\/\/www.todanelo.com\/es\/#\/schema\/logo\/image\/"}},{"@type":"Person","@id":"https:\/\/www.todanelo.com\/es\/#\/schema\/person\/403e6ed9d856044c44f52763ead94c6a","name":"emfasi","sameAs":["https:\/\/www.todanelo.com"],"url":"https:\/\/www.todanelo.com\/es\/noticias\/author\/emfasi\/"}]}},"_links":{"self":[{"href":"https:\/\/www.todanelo.com\/es\/wp-json\/wp\/v2\/posts\/2501","targetHints":{"allow":["GET"]}}],"collection":[{"href":"https:\/\/www.todanelo.com\/es\/wp-json\/wp\/v2\/posts"}],"about":[{"href":"https:\/\/www.todanelo.com\/es\/wp-json\/wp\/v2\/types\/post"}],"author":[{"embeddable":true,"href":"https:\/\/www.todanelo.com\/es\/wp-json\/wp\/v2\/users\/1"}],"replies":[{"embeddable":true,"href":"https:\/\/www.todanelo.com\/es\/wp-json\/wp\/v2\/comments?post=2501"}],"version-history":[{"count":0,"href":"https:\/\/www.todanelo.com\/es\/wp-json\/wp\/v2\/posts\/2501\/revisions"}],"wp:attachment":[{"href":"https:\/\/www.todanelo.com\/es\/wp-json\/wp\/v2\/media?parent=2501"}],"wp:term":[{"taxonomy":"category","embeddable":true,"href":"https:\/\/www.todanelo.com\/es\/wp-json\/wp\/v2\/categories?post=2501"},{"taxonomy":"post_tag","embeddable":true,"href":"https:\/\/www.todanelo.com\/es\/wp-json\/wp\/v2\/tags?post=2501"}],"curies":[{"name":"wp","href":"https:\/\/api.w.org\/{rel}","templated":true}]}}