{"id":3241,"date":"2014-11-07T11:30:00","date_gmt":"2014-11-07T11:30:00","guid":{"rendered":"https:\/\/beta.todanelo.com\/legal-news\/rd-8762014-aprobacion-del-reglamento-general-de-costas\/"},"modified":"2014-11-07T11:30:00","modified_gmt":"2014-11-07T11:30:00","slug":"rd-8762014-aprobacion-del-reglamento-general-de-costas","status":"publish","type":"legal-news","link":"https:\/\/www.todanelo.com\/es\/actualidad-juridica\/rd-8762014-aprobacion-del-reglamento-general-de-costas\/","title":{"rendered":"RD 876\/2014, aprobaci\u00f3n del Reglamento General de Costas"},"content":{"rendered":"<p>El presente reglamento tiene por objeto el desarrollo y ejecuci\u00f3n de la Ley 22\/1988, de 28 de julio, de Costas, y la Ley 2\/2013, de 29 de mayo, de protecci\u00f3n y uso sostenible del litoral y que la modifica.<\/p>\n<p>Como principales novedades del reglamento de Costas podemos se\u00f1alar:<\/p>\n<ul>\n<li>La revisi\u00f3n de los criterios t\u00e9cnicos para la determinaci\u00f3n del dominio p\u00fablico mar\u00edtimo-terrestre, basados en un amplio debate t\u00e9cnico y en la experiencia acumulada en la realizaci\u00f3n de los deslindes.<\/li>\n<li>Regulaci\u00f3n de la intervenci\u00f3n del Registro de la Propiedad y el Catastro en los deslindes, para lograr la seguridad jur\u00eddica con la que han de contar los interesados a la hora de conocer si los bienes forman parte del dominio p\u00fablico mar\u00edtimo terrestre.<\/li>\n<li>Desarrollo del r\u00e9gimen de la pr\u00f3rroga extraordinaria de las concesiones a las que se refiere el art\u00edculo 2 de la Ley 2\/2013, de 29 de mayo, de protecci\u00f3n y uso sostenible del litoral y de modificaci\u00f3n de la Ley 22\/1988, de 28 de julio, de Costas, fijando, en el caso de las concesiones ordinarias, el plazo m\u00e1ximo de duraci\u00f3n de la pr\u00f3rroga en funci\u00f3n de los usos, que en ning\u00fan caso podr\u00e1 exceder de los setenta y cinco a\u00f1os.<\/li>\n<\/ul>\n<p><a href=\"http:\/\/www.boe.es\/boe\/dias\/2014\/10\/11\/pdfs\/BOE-A-2014-10345.pdf\" target=\"_blank\" rel=\"noopener\">BOE 11 octubre 2014, n\u00fam. 247<\/a><\/p>\n","protected":false},"excerpt":{"rendered":"<p>El presente reglamento tiene por objeto el desarrollo y ejecuci\u00f3n de la Ley 22\/1988, de 28 de julio, de Costas, y la Ley 2\/2013, de 29 de mayo, de protecci\u00f3n &hellip;<\/p>\n","protected":false},"featured_media":0,"template":"","meta":{"_acf_changed":false,"footnotes":""},"class_list":["post-3241","legal-news","type-legal-news","status-publish","hentry"],"acf":[],"yoast_head":"<!-- This site is optimized with the Yoast SEO plugin v27.4 - https:\/\/yoast.com\/product\/yoast-seo-wordpress\/ -->\n<title>RD 876\/2014, aprobaci\u00f3n del Reglamento General de Costas - Toda &amp; Nel-lo Abogados<\/title>\n<meta name=\"description\" content=\"El presente reglamento tiene por objeto el desarrollo y ejecuci\u00f3n de la Ley 22\/1988, de 28 de julio, de Costas, y la Ley 2\/2013, de 29 de mayo, de\" \/>\n<meta name=\"robots\" content=\"index, follow, max-snippet:-1, max-image-preview:large, max-video-preview:-1\" \/>\n<link rel=\"canonical\" href=\"https:\/\/www.todanelo.com\/es\/actualidad-juridica\/rd-8762014-aprobacion-del-reglamento-general-de-costas\/\" \/>\n<meta property=\"og:locale\" content=\"es_ES\" \/>\n<meta property=\"og:type\" content=\"article\" \/>\n<meta property=\"og:title\" content=\"RD 876\/2014, aprobaci\u00f3n del Reglamento General de Costas - Toda &amp; Nel-lo Abogados\" \/>\n<meta property=\"og:description\" content=\"El presente reglamento tiene por objeto el desarrollo y ejecuci\u00f3n de la Ley 22\/1988, de 28 de julio, de Costas, y la Ley 2\/2013, de 29 de mayo, de\" \/>\n<meta property=\"og:url\" content=\"https:\/\/www.todanelo.com\/es\/actualidad-juridica\/rd-8762014-aprobacion-del-reglamento-general-de-costas\/\" \/>\n<meta property=\"og:site_name\" content=\"Toda &amp; Nel-lo Abogados\" \/>\n<meta name=\"twitter:card\" content=\"summary_large_image\" \/>\n<meta name=\"twitter:label1\" content=\"Tiempo de lectura\" \/>\n\t<meta name=\"twitter:data1\" content=\"1 minuto\" \/>\n<script type=\"application\/ld+json\" class=\"yoast-schema-graph\">{\"@context\":\"https:\\\/\\\/schema.org\",\"@graph\":[{\"@type\":[\"WebPage\",\"ItemPage\"],\"@id\":\"https:\\\/\\\/www.todanelo.com\\\/es\\\/actualidad-juridica\\\/rd-8762014-aprobacion-del-reglamento-general-de-costas\\\/\",\"url\":\"https:\\\/\\\/www.todanelo.com\\\/es\\\/actualidad-juridica\\\/rd-8762014-aprobacion-del-reglamento-general-de-costas\\\/\",\"name\":\"RD 876\\\/2014, aprobaci\u00f3n del Reglamento General de Costas - Toda &amp; Nel-lo Abogados\",\"isPartOf\":{\"@id\":\"https:\\\/\\\/www.todanelo.com\\\/es\\\/#website\"},\"datePublished\":\"2014-11-07T11:30:00+00:00\",\"description\":\"El presente reglamento tiene por objeto el desarrollo y ejecuci\u00f3n de la Ley 22\\\/1988, de 28 de julio, de Costas, y la Ley 2\\\/2013, de 29 de mayo, de\",\"breadcrumb\":{\"@id\":\"https:\\\/\\\/www.todanelo.com\\\/es\\\/actualidad-juridica\\\/rd-8762014-aprobacion-del-reglamento-general-de-costas\\\/#breadcrumb\"},\"inLanguage\":\"es\",\"potentialAction\":[{\"@type\":\"ReadAction\",\"target\":[\"https:\\\/\\\/www.todanelo.com\\\/es\\\/actualidad-juridica\\\/rd-8762014-aprobacion-del-reglamento-general-de-costas\\\/\"]}]},{\"@type\":\"BreadcrumbList\",\"@id\":\"https:\\\/\\\/www.todanelo.com\\\/es\\\/actualidad-juridica\\\/rd-8762014-aprobacion-del-reglamento-general-de-costas\\\/#breadcrumb\",\"itemListElement\":[{\"@type\":\"ListItem\",\"position\":1,\"name\":\"Inicio\",\"item\":\"https:\\\/\\\/www.todanelo.com\\\/es\\\/\"},{\"@type\":\"ListItem\",\"position\":2,\"name\":\"Actualidad jur\u00eddica\",\"item\":\"https:\\\/\\\/www.todanelo.com\\\/es\\\/actualidad-juridica\\\/\"},{\"@type\":\"ListItem\",\"position\":3,\"name\":\"RD 876\\\/2014, aprobaci\u00f3n del Reglamento General de Costas\"}]},{\"@type\":\"WebSite\",\"@id\":\"https:\\\/\\\/www.todanelo.com\\\/es\\\/#website\",\"url\":\"https:\\\/\\\/www.todanelo.com\\\/es\\\/\",\"name\":\"Toda &amp; Nel-lo Abogados\",\"description\":\"Despacho Jur\u00eddico Barcelona y Madrid\",\"publisher\":{\"@id\":\"https:\\\/\\\/www.todanelo.com\\\/es\\\/#organization\"},\"potentialAction\":[{\"@type\":\"SearchAction\",\"target\":{\"@type\":\"EntryPoint\",\"urlTemplate\":\"https:\\\/\\\/www.todanelo.com\\\/es\\\/?s={search_term_string}\"},\"query-input\":{\"@type\":\"PropertyValueSpecification\",\"valueRequired\":true,\"valueName\":\"search_term_string\"}}],\"inLanguage\":\"es\"},{\"@type\":\"Organization\",\"@id\":\"https:\\\/\\\/www.todanelo.com\\\/es\\\/#organization\",\"name\":\"Toda &amp; Nel-lo Abogados\",\"url\":\"https:\\\/\\\/www.todanelo.com\\\/es\\\/\",\"logo\":{\"@type\":\"ImageObject\",\"inLanguage\":\"es\",\"@id\":\"https:\\\/\\\/www.todanelo.com\\\/es\\\/#\\\/schema\\\/logo\\\/image\\\/\",\"url\":\"https:\\\/\\\/www.todanelo.com\\\/wp-content\\\/uploads\\\/logo-todanelo.png\",\"contentUrl\":\"https:\\\/\\\/www.todanelo.com\\\/wp-content\\\/uploads\\\/logo-todanelo.png\",\"width\":390,\"height\":161,\"caption\":\"Toda &amp; Nel-lo Abogados\"},\"image\":{\"@id\":\"https:\\\/\\\/www.todanelo.com\\\/es\\\/#\\\/schema\\\/logo\\\/image\\\/\"}}]}<\/script>\n<!-- \/ Yoast SEO plugin. -->","yoast_head_json":{"title":"RD 876\/2014, aprobaci\u00f3n del Reglamento General de Costas - Toda &amp; Nel-lo Abogados","description":"El presente reglamento tiene por objeto el desarrollo y ejecuci\u00f3n de la Ley 22\/1988, de 28 de julio, de Costas, y la Ley 2\/2013, de 29 de mayo, de","robots":{"index":"index","follow":"follow","max-snippet":"max-snippet:-1","max-image-preview":"max-image-preview:large","max-video-preview":"max-video-preview:-1"},"canonical":"https:\/\/www.todanelo.com\/es\/actualidad-juridica\/rd-8762014-aprobacion-del-reglamento-general-de-costas\/","og_locale":"es_ES","og_type":"article","og_title":"RD 876\/2014, aprobaci\u00f3n del Reglamento General de Costas - Toda &amp; Nel-lo Abogados","og_description":"El presente reglamento tiene por objeto el desarrollo y ejecuci\u00f3n de la Ley 22\/1988, de 28 de julio, de Costas, y la Ley 2\/2013, de 29 de mayo, de","og_url":"https:\/\/www.todanelo.com\/es\/actualidad-juridica\/rd-8762014-aprobacion-del-reglamento-general-de-costas\/","og_site_name":"Toda &amp; Nel-lo Abogados","twitter_card":"summary_large_image","twitter_misc":{"Tiempo de lectura":"1 minuto"},"schema":{"@context":"https:\/\/schema.org","@graph":[{"@type":["WebPage","ItemPage"],"@id":"https:\/\/www.todanelo.com\/es\/actualidad-juridica\/rd-8762014-aprobacion-del-reglamento-general-de-costas\/","url":"https:\/\/www.todanelo.com\/es\/actualidad-juridica\/rd-8762014-aprobacion-del-reglamento-general-de-costas\/","name":"RD 876\/2014, aprobaci\u00f3n del Reglamento General de Costas - Toda &amp; Nel-lo Abogados","isPartOf":{"@id":"https:\/\/www.todanelo.com\/es\/#website"},"datePublished":"2014-11-07T11:30:00+00:00","description":"El presente reglamento tiene por objeto el desarrollo y ejecuci\u00f3n de la Ley 22\/1988, de 28 de julio, de Costas, y la Ley 2\/2013, de 29 de mayo, de","breadcrumb":{"@id":"https:\/\/www.todanelo.com\/es\/actualidad-juridica\/rd-8762014-aprobacion-del-reglamento-general-de-costas\/#breadcrumb"},"inLanguage":"es","potentialAction":[{"@type":"ReadAction","target":["https:\/\/www.todanelo.com\/es\/actualidad-juridica\/rd-8762014-aprobacion-del-reglamento-general-de-costas\/"]}]},{"@type":"BreadcrumbList","@id":"https:\/\/www.todanelo.com\/es\/actualidad-juridica\/rd-8762014-aprobacion-del-reglamento-general-de-costas\/#breadcrumb","itemListElement":[{"@type":"ListItem","position":1,"name":"Inicio","item":"https:\/\/www.todanelo.com\/es\/"},{"@type":"ListItem","position":2,"name":"Actualidad jur\u00eddica","item":"https:\/\/www.todanelo.com\/es\/actualidad-juridica\/"},{"@type":"ListItem","position":3,"name":"RD 876\/2014, aprobaci\u00f3n del Reglamento General de Costas"}]},{"@type":"WebSite","@id":"https:\/\/www.todanelo.com\/es\/#website","url":"https:\/\/www.todanelo.com\/es\/","name":"Toda &amp; Nel-lo Abogados","description":"Despacho Jur\u00eddico Barcelona y Madrid","publisher":{"@id":"https:\/\/www.todanelo.com\/es\/#organization"},"potentialAction":[{"@type":"SearchAction","target":{"@type":"EntryPoint","urlTemplate":"https:\/\/www.todanelo.com\/es\/?s={search_term_string}"},"query-input":{"@type":"PropertyValueSpecification","valueRequired":true,"valueName":"search_term_string"}}],"inLanguage":"es"},{"@type":"Organization","@id":"https:\/\/www.todanelo.com\/es\/#organization","name":"Toda &amp; Nel-lo Abogados","url":"https:\/\/www.todanelo.com\/es\/","logo":{"@type":"ImageObject","inLanguage":"es","@id":"https:\/\/www.todanelo.com\/es\/#\/schema\/logo\/image\/","url":"https:\/\/www.todanelo.com\/wp-content\/uploads\/logo-todanelo.png","contentUrl":"https:\/\/www.todanelo.com\/wp-content\/uploads\/logo-todanelo.png","width":390,"height":161,"caption":"Toda &amp; Nel-lo Abogados"},"image":{"@id":"https:\/\/www.todanelo.com\/es\/#\/schema\/logo\/image\/"}}]}},"_links":{"self":[{"href":"https:\/\/www.todanelo.com\/es\/wp-json\/wp\/v2\/legal-news\/3241","targetHints":{"allow":["GET"]}}],"collection":[{"href":"https:\/\/www.todanelo.com\/es\/wp-json\/wp\/v2\/legal-news"}],"about":[{"href":"https:\/\/www.todanelo.com\/es\/wp-json\/wp\/v2\/types\/legal-news"}],"version-history":[{"count":0,"href":"https:\/\/www.todanelo.com\/es\/wp-json\/wp\/v2\/legal-news\/3241\/revisions"}],"wp:attachment":[{"href":"https:\/\/www.todanelo.com\/es\/wp-json\/wp\/v2\/media?parent=3241"}],"curies":[{"name":"wp","href":"https:\/\/api.w.org\/{rel}","templated":true}]}}