{"id":3237,"date":"2014-11-20T18:45:00","date_gmt":"2014-11-20T18:45:00","guid":{"rendered":"https:\/\/beta.todanelo.com\/legal-news\/nulidad-de-despido-colectivo-por-vulneracion-de-la-libertad-sindical\/"},"modified":"2014-11-20T18:45:00","modified_gmt":"2014-11-20T18:45:00","slug":"nulidad-de-despido-colectivo-por-vulneracion-de-la-libertad-sindical","status":"publish","type":"legal-news","link":"https:\/\/www.todanelo.com\/es\/actualidad-juridica\/nulidad-de-despido-colectivo-por-vulneracion-de-la-libertad-sindical\/","title":{"rendered":"Nulidad de despido colectivo por vulneraci\u00f3n de la libertad sindical"},"content":{"rendered":"<p><span style=\"font-size: 13.3333339691162px; line-height: 1.538em;\">La Audiencia Nacional ha declarado nulo un despido colectivo que deb\u00eda afectar a 672 trabajadores, pese a existir un acuerdo entre la empresa y las secciones sindicales que ostentaban la mayor\u00eda en la mesa negociadora. La Audiencia nacional estim\u00f3 la nulidad por no haber participado las secciones sindicales no firmantes del acuerdo en el refer\u00e9ndum entre los trabajadores afectados que el pacto estableci\u00f3 como preceptivo para llevar a cabo la medida extintiva.<\/span><\/p>\n<p><span style=\"font-size: 13.3333339691162px; line-height: 1.538em;\">En el caso enjuiciado, resuelto por la Audiencia Nacional en su sentencia de 11 de noviembre de 2014, la empresa y tres de las secciones sindicales componentes de la mesa negociadora llegaron a un acuerdo a la finalizaci\u00f3n del periodo de consultas, al que se opusieron las otras tres secciones sindicales representadas en la negociaci\u00f3n por el lado social. El acuerdo inclu\u00eda el requisito de someter la decisi\u00f3n sobre el despido colectivo al refrendo de la asamblea de trabajadores afectados. El mencionado refer\u00e9ndum fue organizado conjuntamente por la empresa y las secciones sindicales firmantes de dicho acuerdo.<\/span><\/p>\n<p><span style=\"font-size: 13.3333339691162px; line-height: 1.538em;\">Las secciones que no firmaron el acuerdo impugnaron el despido colectivo, solicitando la nulidad de la medida extintiva entre otros motivos porque en el refer\u00e9ndum de ratificaci\u00f3n por parte de la asamblea se cometieron diversas irregularidades: la no publicaci\u00f3n de censos ni de las composiciones de las mesas, el no quedar asegurada la libertad y el secreto del voto y, sobre todo, el hecho de convocar a la votaci\u00f3n solo al censo compuesto por los 672 trabajadores que ser\u00edan despedidos en caso de aceptaci\u00f3n de la oferta en lugar de a los 826 que lo ser\u00edan en caso contrario.<\/span><\/p>\n<p><span style=\"font-size: 13.3333339691162px; line-height: 1.538em;\">Estas circunstancias, unidas a la absoluta falta de traslado de informaci\u00f3n a las tres secciones negociadoras pero no firmantes, a quienes no se les facilitaron censos, ni se les explic\u00f3 la composici\u00f3n de las mesas, ni el procedimiento de votaci\u00f3n, ni se les permiti\u00f3 su presencia durante el escrutinio, hacen que la Sala determine que concurre un ataque frontal a la libertad sindical de estas secciones al no permit\u00edrseles influir eficientemente sobre sus afiliados y el resto de trabajadores afectados para que, en su caso, pudiesen votar en contra de la propuesta trasladada. A ra\u00edz de esta vulneraci\u00f3n de la libertad sindical, el fallo considera el despido nulo, pese a que el resultado del refer\u00e9ndum fuese a favor de la propuesta.<\/span><\/p>\n<p><a href=\"http:\/\/www.poderjudicial.es\/search\/doAction?action=contentpdf&#038;databasematch=AN&#038;reference=7206359&#038;links=ATENTO&#038;optimize=20141113&#038;publicinterface=true\" target=\"_blank\" rel=\"noopener\"><span style=\"font-size: 13.3333339691162px; line-height: 1.538em;\">Texto \u00edntegro de la SAN de 11 de noviembre de 2014<\/span><\/a><\/p>\n","protected":false},"excerpt":{"rendered":"<p>La Audiencia Nacional ha declarado nulo un despido colectivo que deb\u00eda afectar a 672 trabajadores, pese a existir un acuerdo entre la empresa y las secciones sindicales que ostentaban la &hellip;<\/p>\n","protected":false},"featured_media":0,"template":"","meta":{"_acf_changed":false,"footnotes":""},"class_list":["post-3237","legal-news","type-legal-news","status-publish","hentry"],"acf":[],"yoast_head":"<!-- This site is optimized with the Yoast SEO plugin v27.4 - https:\/\/yoast.com\/product\/yoast-seo-wordpress\/ -->\n<title>Nulidad de despido colectivo por vulneraci\u00f3n de la libertad sindical - Toda &amp; Nel-lo Abogados<\/title>\n<meta name=\"description\" content=\"La Audiencia Nacional ha declarado nulo un despido colectivo que deb\u00eda afectar a 672 trabajadores, pese a existir un acuerdo entre la empresa y las\" \/>\n<meta name=\"robots\" content=\"index, follow, max-snippet:-1, max-image-preview:large, max-video-preview:-1\" \/>\n<link rel=\"canonical\" href=\"https:\/\/www.todanelo.com\/es\/actualidad-juridica\/nulidad-de-despido-colectivo-por-vulneracion-de-la-libertad-sindical\/\" \/>\n<meta property=\"og:locale\" content=\"es_ES\" \/>\n<meta property=\"og:type\" content=\"article\" \/>\n<meta property=\"og:title\" content=\"Nulidad de despido colectivo por vulneraci\u00f3n de la libertad sindical - Toda &amp; Nel-lo Abogados\" \/>\n<meta property=\"og:description\" content=\"La Audiencia Nacional ha declarado nulo un despido colectivo que deb\u00eda afectar a 672 trabajadores, pese a existir un acuerdo entre la empresa y las\" \/>\n<meta property=\"og:url\" content=\"https:\/\/www.todanelo.com\/es\/actualidad-juridica\/nulidad-de-despido-colectivo-por-vulneracion-de-la-libertad-sindical\/\" \/>\n<meta property=\"og:site_name\" content=\"Toda &amp; Nel-lo Abogados\" \/>\n<meta name=\"twitter:card\" content=\"summary_large_image\" \/>\n<meta name=\"twitter:label1\" content=\"Tiempo de lectura\" \/>\n\t<meta name=\"twitter:data1\" content=\"2 minutos\" \/>\n<script type=\"application\/ld+json\" class=\"yoast-schema-graph\">{\"@context\":\"https:\\\/\\\/schema.org\",\"@graph\":[{\"@type\":[\"WebPage\",\"ItemPage\"],\"@id\":\"https:\\\/\\\/www.todanelo.com\\\/es\\\/actualidad-juridica\\\/nulidad-de-despido-colectivo-por-vulneracion-de-la-libertad-sindical\\\/\",\"url\":\"https:\\\/\\\/www.todanelo.com\\\/es\\\/actualidad-juridica\\\/nulidad-de-despido-colectivo-por-vulneracion-de-la-libertad-sindical\\\/\",\"name\":\"Nulidad de despido colectivo por vulneraci\u00f3n de la libertad sindical - Toda &amp; Nel-lo Abogados\",\"isPartOf\":{\"@id\":\"https:\\\/\\\/www.todanelo.com\\\/es\\\/#website\"},\"datePublished\":\"2014-11-20T18:45:00+00:00\",\"description\":\"La Audiencia Nacional ha declarado nulo un despido colectivo que deb\u00eda afectar a 672 trabajadores, pese a existir un acuerdo entre la empresa y las\",\"breadcrumb\":{\"@id\":\"https:\\\/\\\/www.todanelo.com\\\/es\\\/actualidad-juridica\\\/nulidad-de-despido-colectivo-por-vulneracion-de-la-libertad-sindical\\\/#breadcrumb\"},\"inLanguage\":\"es\",\"potentialAction\":[{\"@type\":\"ReadAction\",\"target\":[\"https:\\\/\\\/www.todanelo.com\\\/es\\\/actualidad-juridica\\\/nulidad-de-despido-colectivo-por-vulneracion-de-la-libertad-sindical\\\/\"]}]},{\"@type\":\"BreadcrumbList\",\"@id\":\"https:\\\/\\\/www.todanelo.com\\\/es\\\/actualidad-juridica\\\/nulidad-de-despido-colectivo-por-vulneracion-de-la-libertad-sindical\\\/#breadcrumb\",\"itemListElement\":[{\"@type\":\"ListItem\",\"position\":1,\"name\":\"Inicio\",\"item\":\"https:\\\/\\\/www.todanelo.com\\\/es\\\/\"},{\"@type\":\"ListItem\",\"position\":2,\"name\":\"Actualidad jur\u00eddica\",\"item\":\"https:\\\/\\\/www.todanelo.com\\\/es\\\/actualidad-juridica\\\/\"},{\"@type\":\"ListItem\",\"position\":3,\"name\":\"Nulidad de despido colectivo por vulneraci\u00f3n de la libertad sindical\"}]},{\"@type\":\"WebSite\",\"@id\":\"https:\\\/\\\/www.todanelo.com\\\/es\\\/#website\",\"url\":\"https:\\\/\\\/www.todanelo.com\\\/es\\\/\",\"name\":\"Toda &amp; Nel-lo Abogados\",\"description\":\"Despacho Jur\u00eddico Barcelona y Madrid\",\"publisher\":{\"@id\":\"https:\\\/\\\/www.todanelo.com\\\/es\\\/#organization\"},\"potentialAction\":[{\"@type\":\"SearchAction\",\"target\":{\"@type\":\"EntryPoint\",\"urlTemplate\":\"https:\\\/\\\/www.todanelo.com\\\/es\\\/?s={search_term_string}\"},\"query-input\":{\"@type\":\"PropertyValueSpecification\",\"valueRequired\":true,\"valueName\":\"search_term_string\"}}],\"inLanguage\":\"es\"},{\"@type\":\"Organization\",\"@id\":\"https:\\\/\\\/www.todanelo.com\\\/es\\\/#organization\",\"name\":\"Toda &amp; Nel-lo Abogados\",\"url\":\"https:\\\/\\\/www.todanelo.com\\\/es\\\/\",\"logo\":{\"@type\":\"ImageObject\",\"inLanguage\":\"es\",\"@id\":\"https:\\\/\\\/www.todanelo.com\\\/es\\\/#\\\/schema\\\/logo\\\/image\\\/\",\"url\":\"https:\\\/\\\/www.todanelo.com\\\/wp-content\\\/uploads\\\/logo-todanelo.png\",\"contentUrl\":\"https:\\\/\\\/www.todanelo.com\\\/wp-content\\\/uploads\\\/logo-todanelo.png\",\"width\":390,\"height\":161,\"caption\":\"Toda &amp; Nel-lo Abogados\"},\"image\":{\"@id\":\"https:\\\/\\\/www.todanelo.com\\\/es\\\/#\\\/schema\\\/logo\\\/image\\\/\"}}]}<\/script>\n<!-- \/ Yoast SEO plugin. -->","yoast_head_json":{"title":"Nulidad de despido colectivo por vulneraci\u00f3n de la libertad sindical - Toda &amp; Nel-lo Abogados","description":"La Audiencia Nacional ha declarado nulo un despido colectivo que deb\u00eda afectar a 672 trabajadores, pese a existir un acuerdo entre la empresa y las","robots":{"index":"index","follow":"follow","max-snippet":"max-snippet:-1","max-image-preview":"max-image-preview:large","max-video-preview":"max-video-preview:-1"},"canonical":"https:\/\/www.todanelo.com\/es\/actualidad-juridica\/nulidad-de-despido-colectivo-por-vulneracion-de-la-libertad-sindical\/","og_locale":"es_ES","og_type":"article","og_title":"Nulidad de despido colectivo por vulneraci\u00f3n de la libertad sindical - Toda &amp; Nel-lo Abogados","og_description":"La Audiencia Nacional ha declarado nulo un despido colectivo que deb\u00eda afectar a 672 trabajadores, pese a existir un acuerdo entre la empresa y las","og_url":"https:\/\/www.todanelo.com\/es\/actualidad-juridica\/nulidad-de-despido-colectivo-por-vulneracion-de-la-libertad-sindical\/","og_site_name":"Toda &amp; Nel-lo Abogados","twitter_card":"summary_large_image","twitter_misc":{"Tiempo de lectura":"2 minutos"},"schema":{"@context":"https:\/\/schema.org","@graph":[{"@type":["WebPage","ItemPage"],"@id":"https:\/\/www.todanelo.com\/es\/actualidad-juridica\/nulidad-de-despido-colectivo-por-vulneracion-de-la-libertad-sindical\/","url":"https:\/\/www.todanelo.com\/es\/actualidad-juridica\/nulidad-de-despido-colectivo-por-vulneracion-de-la-libertad-sindical\/","name":"Nulidad de despido colectivo por vulneraci\u00f3n de la libertad sindical - Toda &amp; Nel-lo Abogados","isPartOf":{"@id":"https:\/\/www.todanelo.com\/es\/#website"},"datePublished":"2014-11-20T18:45:00+00:00","description":"La Audiencia Nacional ha declarado nulo un despido colectivo que deb\u00eda afectar a 672 trabajadores, pese a existir un acuerdo entre la empresa y las","breadcrumb":{"@id":"https:\/\/www.todanelo.com\/es\/actualidad-juridica\/nulidad-de-despido-colectivo-por-vulneracion-de-la-libertad-sindical\/#breadcrumb"},"inLanguage":"es","potentialAction":[{"@type":"ReadAction","target":["https:\/\/www.todanelo.com\/es\/actualidad-juridica\/nulidad-de-despido-colectivo-por-vulneracion-de-la-libertad-sindical\/"]}]},{"@type":"BreadcrumbList","@id":"https:\/\/www.todanelo.com\/es\/actualidad-juridica\/nulidad-de-despido-colectivo-por-vulneracion-de-la-libertad-sindical\/#breadcrumb","itemListElement":[{"@type":"ListItem","position":1,"name":"Inicio","item":"https:\/\/www.todanelo.com\/es\/"},{"@type":"ListItem","position":2,"name":"Actualidad jur\u00eddica","item":"https:\/\/www.todanelo.com\/es\/actualidad-juridica\/"},{"@type":"ListItem","position":3,"name":"Nulidad de despido colectivo por vulneraci\u00f3n de la libertad sindical"}]},{"@type":"WebSite","@id":"https:\/\/www.todanelo.com\/es\/#website","url":"https:\/\/www.todanelo.com\/es\/","name":"Toda &amp; Nel-lo Abogados","description":"Despacho Jur\u00eddico Barcelona y Madrid","publisher":{"@id":"https:\/\/www.todanelo.com\/es\/#organization"},"potentialAction":[{"@type":"SearchAction","target":{"@type":"EntryPoint","urlTemplate":"https:\/\/www.todanelo.com\/es\/?s={search_term_string}"},"query-input":{"@type":"PropertyValueSpecification","valueRequired":true,"valueName":"search_term_string"}}],"inLanguage":"es"},{"@type":"Organization","@id":"https:\/\/www.todanelo.com\/es\/#organization","name":"Toda &amp; Nel-lo Abogados","url":"https:\/\/www.todanelo.com\/es\/","logo":{"@type":"ImageObject","inLanguage":"es","@id":"https:\/\/www.todanelo.com\/es\/#\/schema\/logo\/image\/","url":"https:\/\/www.todanelo.com\/wp-content\/uploads\/logo-todanelo.png","contentUrl":"https:\/\/www.todanelo.com\/wp-content\/uploads\/logo-todanelo.png","width":390,"height":161,"caption":"Toda &amp; Nel-lo Abogados"},"image":{"@id":"https:\/\/www.todanelo.com\/es\/#\/schema\/logo\/image\/"}}]}},"_links":{"self":[{"href":"https:\/\/www.todanelo.com\/es\/wp-json\/wp\/v2\/legal-news\/3237","targetHints":{"allow":["GET"]}}],"collection":[{"href":"https:\/\/www.todanelo.com\/es\/wp-json\/wp\/v2\/legal-news"}],"about":[{"href":"https:\/\/www.todanelo.com\/es\/wp-json\/wp\/v2\/types\/legal-news"}],"version-history":[{"count":0,"href":"https:\/\/www.todanelo.com\/es\/wp-json\/wp\/v2\/legal-news\/3237\/revisions"}],"wp:attachment":[{"href":"https:\/\/www.todanelo.com\/es\/wp-json\/wp\/v2\/media?parent=3237"}],"curies":[{"name":"wp","href":"https:\/\/api.w.org\/{rel}","templated":true}]}}