{"id":3216,"date":"2015-02-12T13:00:00","date_gmt":"2015-02-12T13:00:00","guid":{"rendered":"https:\/\/beta.todanelo.com\/legal-news\/rdgrn-reduccion-del-capital-social-por-perdidas\/"},"modified":"2015-02-12T13:00:00","modified_gmt":"2015-02-12T13:00:00","slug":"rdgrn-reduccion-del-capital-social-por-perdidas","status":"publish","type":"legal-news","link":"https:\/\/www.todanelo.com\/es\/actualidad-juridica\/rdgrn-reduccion-del-capital-social-por-perdidas\/","title":{"rendered":"RDGRN. REDUCCI\u00d3N DEL CAPITAL SOCIAL POR P\u00c9RDIDAS"},"content":{"rendered":"<p>Se discute si es posible inscribir una escritura de reducci\u00f3n del capital de una sociedad de responsabilidad limitada con la finalidad de restablecer el equilibrio entre el capital y el patrimonio neto disminuido como consecuencia de p\u00e9rdidas cuando en el balance que se incorpora consta una partida de pasivo de signo positivo denominada \u201csubvenciones, donaciones y legados recibidos\u201d.<\/p>\n<p>La Direcci\u00f3n General estima el recurso se\u00f1alando que no cabe equiparar la partida de \u201csubvenciones, donaciones y legados\u201d con una correspondiente a reservas a efectos de impedir la reducci\u00f3n de capital por p\u00e9rdidas (Resoluci\u00f3n de 7 de enero de 2015).<\/p>\n<p>Ver el texto de la Resoluci\u00f3n\u00a0<a href=\"http:\/\/boe.es\/boe\/dias\/2015\/02\/11\/pdfs\/BOE-A-2015-1331.pdf\" target=\"_blank\" rel=\"noopener\">aqu\u00ed<\/a><\/p>\n","protected":false},"excerpt":{"rendered":"<p>Se discute si es posible inscribir una escritura de reducci\u00f3n del capital de una sociedad de responsabilidad limitada con la finalidad de restablecer el equilibrio entre el capital y el &hellip;<\/p>\n","protected":false},"featured_media":0,"template":"","meta":{"_acf_changed":false,"footnotes":""},"class_list":["post-3216","legal-news","type-legal-news","status-publish","hentry"],"acf":[],"yoast_head":"<!-- This site is optimized with the Yoast SEO plugin v27.4 - https:\/\/yoast.com\/product\/yoast-seo-wordpress\/ -->\n<title>RDGRN. REDUCCI\u00d3N DEL CAPITAL SOCIAL POR P\u00c9RDIDAS - Toda &amp; Nel-lo Abogados<\/title>\n<meta name=\"description\" content=\"Se discute si es posible inscribir una escritura de reducci\u00f3n del capital de una sociedad de responsabilidad limitada con la finalidad de restablecer el\" \/>\n<meta name=\"robots\" content=\"index, follow, max-snippet:-1, max-image-preview:large, max-video-preview:-1\" \/>\n<link rel=\"canonical\" href=\"https:\/\/www.todanelo.com\/es\/actualidad-juridica\/rdgrn-reduccion-del-capital-social-por-perdidas\/\" \/>\n<meta property=\"og:locale\" content=\"es_ES\" \/>\n<meta property=\"og:type\" content=\"article\" \/>\n<meta property=\"og:title\" content=\"RDGRN. REDUCCI\u00d3N DEL CAPITAL SOCIAL POR P\u00c9RDIDAS - Toda &amp; Nel-lo Abogados\" \/>\n<meta property=\"og:description\" content=\"Se discute si es posible inscribir una escritura de reducci\u00f3n del capital de una sociedad de responsabilidad limitada con la finalidad de restablecer el\" \/>\n<meta property=\"og:url\" content=\"https:\/\/www.todanelo.com\/es\/actualidad-juridica\/rdgrn-reduccion-del-capital-social-por-perdidas\/\" \/>\n<meta property=\"og:site_name\" content=\"Toda &amp; Nel-lo Abogados\" \/>\n<meta name=\"twitter:card\" content=\"summary_large_image\" \/>\n<meta name=\"twitter:label1\" content=\"Tiempo de lectura\" \/>\n\t<meta name=\"twitter:data1\" content=\"1 minuto\" \/>\n<script type=\"application\/ld+json\" class=\"yoast-schema-graph\">{\"@context\":\"https:\\\/\\\/schema.org\",\"@graph\":[{\"@type\":[\"WebPage\",\"ItemPage\"],\"@id\":\"https:\\\/\\\/www.todanelo.com\\\/es\\\/actualidad-juridica\\\/rdgrn-reduccion-del-capital-social-por-perdidas\\\/\",\"url\":\"https:\\\/\\\/www.todanelo.com\\\/es\\\/actualidad-juridica\\\/rdgrn-reduccion-del-capital-social-por-perdidas\\\/\",\"name\":\"RDGRN. REDUCCI\u00d3N DEL CAPITAL SOCIAL POR P\u00c9RDIDAS - Toda &amp; Nel-lo Abogados\",\"isPartOf\":{\"@id\":\"https:\\\/\\\/www.todanelo.com\\\/es\\\/#website\"},\"datePublished\":\"2015-02-12T13:00:00+00:00\",\"description\":\"Se discute si es posible inscribir una escritura de reducci\u00f3n del capital de una sociedad de responsabilidad limitada con la finalidad de restablecer el\",\"breadcrumb\":{\"@id\":\"https:\\\/\\\/www.todanelo.com\\\/es\\\/actualidad-juridica\\\/rdgrn-reduccion-del-capital-social-por-perdidas\\\/#breadcrumb\"},\"inLanguage\":\"es\",\"potentialAction\":[{\"@type\":\"ReadAction\",\"target\":[\"https:\\\/\\\/www.todanelo.com\\\/es\\\/actualidad-juridica\\\/rdgrn-reduccion-del-capital-social-por-perdidas\\\/\"]}]},{\"@type\":\"BreadcrumbList\",\"@id\":\"https:\\\/\\\/www.todanelo.com\\\/es\\\/actualidad-juridica\\\/rdgrn-reduccion-del-capital-social-por-perdidas\\\/#breadcrumb\",\"itemListElement\":[{\"@type\":\"ListItem\",\"position\":1,\"name\":\"Inicio\",\"item\":\"https:\\\/\\\/www.todanelo.com\\\/es\\\/\"},{\"@type\":\"ListItem\",\"position\":2,\"name\":\"Actualidad jur\u00eddica\",\"item\":\"https:\\\/\\\/www.todanelo.com\\\/es\\\/actualidad-juridica\\\/\"},{\"@type\":\"ListItem\",\"position\":3,\"name\":\"RDGRN. REDUCCI\u00d3N DEL CAPITAL SOCIAL POR P\u00c9RDIDAS\"}]},{\"@type\":\"WebSite\",\"@id\":\"https:\\\/\\\/www.todanelo.com\\\/es\\\/#website\",\"url\":\"https:\\\/\\\/www.todanelo.com\\\/es\\\/\",\"name\":\"Toda &amp; Nel-lo Abogados\",\"description\":\"Despacho Jur\u00eddico Barcelona y Madrid\",\"publisher\":{\"@id\":\"https:\\\/\\\/www.todanelo.com\\\/es\\\/#organization\"},\"potentialAction\":[{\"@type\":\"SearchAction\",\"target\":{\"@type\":\"EntryPoint\",\"urlTemplate\":\"https:\\\/\\\/www.todanelo.com\\\/es\\\/?s={search_term_string}\"},\"query-input\":{\"@type\":\"PropertyValueSpecification\",\"valueRequired\":true,\"valueName\":\"search_term_string\"}}],\"inLanguage\":\"es\"},{\"@type\":\"Organization\",\"@id\":\"https:\\\/\\\/www.todanelo.com\\\/es\\\/#organization\",\"name\":\"Toda &amp; Nel-lo Abogados\",\"url\":\"https:\\\/\\\/www.todanelo.com\\\/es\\\/\",\"logo\":{\"@type\":\"ImageObject\",\"inLanguage\":\"es\",\"@id\":\"https:\\\/\\\/www.todanelo.com\\\/es\\\/#\\\/schema\\\/logo\\\/image\\\/\",\"url\":\"https:\\\/\\\/www.todanelo.com\\\/wp-content\\\/uploads\\\/logo-todanelo.png\",\"contentUrl\":\"https:\\\/\\\/www.todanelo.com\\\/wp-content\\\/uploads\\\/logo-todanelo.png\",\"width\":390,\"height\":161,\"caption\":\"Toda &amp; Nel-lo Abogados\"},\"image\":{\"@id\":\"https:\\\/\\\/www.todanelo.com\\\/es\\\/#\\\/schema\\\/logo\\\/image\\\/\"}}]}<\/script>\n<!-- \/ Yoast SEO plugin. -->","yoast_head_json":{"title":"RDGRN. REDUCCI\u00d3N DEL CAPITAL SOCIAL POR P\u00c9RDIDAS - Toda &amp; Nel-lo Abogados","description":"Se discute si es posible inscribir una escritura de reducci\u00f3n del capital de una sociedad de responsabilidad limitada con la finalidad de restablecer el","robots":{"index":"index","follow":"follow","max-snippet":"max-snippet:-1","max-image-preview":"max-image-preview:large","max-video-preview":"max-video-preview:-1"},"canonical":"https:\/\/www.todanelo.com\/es\/actualidad-juridica\/rdgrn-reduccion-del-capital-social-por-perdidas\/","og_locale":"es_ES","og_type":"article","og_title":"RDGRN. REDUCCI\u00d3N DEL CAPITAL SOCIAL POR P\u00c9RDIDAS - Toda &amp; Nel-lo Abogados","og_description":"Se discute si es posible inscribir una escritura de reducci\u00f3n del capital de una sociedad de responsabilidad limitada con la finalidad de restablecer el","og_url":"https:\/\/www.todanelo.com\/es\/actualidad-juridica\/rdgrn-reduccion-del-capital-social-por-perdidas\/","og_site_name":"Toda &amp; Nel-lo Abogados","twitter_card":"summary_large_image","twitter_misc":{"Tiempo de lectura":"1 minuto"},"schema":{"@context":"https:\/\/schema.org","@graph":[{"@type":["WebPage","ItemPage"],"@id":"https:\/\/www.todanelo.com\/es\/actualidad-juridica\/rdgrn-reduccion-del-capital-social-por-perdidas\/","url":"https:\/\/www.todanelo.com\/es\/actualidad-juridica\/rdgrn-reduccion-del-capital-social-por-perdidas\/","name":"RDGRN. REDUCCI\u00d3N DEL CAPITAL SOCIAL POR P\u00c9RDIDAS - Toda &amp; Nel-lo Abogados","isPartOf":{"@id":"https:\/\/www.todanelo.com\/es\/#website"},"datePublished":"2015-02-12T13:00:00+00:00","description":"Se discute si es posible inscribir una escritura de reducci\u00f3n del capital de una sociedad de responsabilidad limitada con la finalidad de restablecer el","breadcrumb":{"@id":"https:\/\/www.todanelo.com\/es\/actualidad-juridica\/rdgrn-reduccion-del-capital-social-por-perdidas\/#breadcrumb"},"inLanguage":"es","potentialAction":[{"@type":"ReadAction","target":["https:\/\/www.todanelo.com\/es\/actualidad-juridica\/rdgrn-reduccion-del-capital-social-por-perdidas\/"]}]},{"@type":"BreadcrumbList","@id":"https:\/\/www.todanelo.com\/es\/actualidad-juridica\/rdgrn-reduccion-del-capital-social-por-perdidas\/#breadcrumb","itemListElement":[{"@type":"ListItem","position":1,"name":"Inicio","item":"https:\/\/www.todanelo.com\/es\/"},{"@type":"ListItem","position":2,"name":"Actualidad jur\u00eddica","item":"https:\/\/www.todanelo.com\/es\/actualidad-juridica\/"},{"@type":"ListItem","position":3,"name":"RDGRN. REDUCCI\u00d3N DEL CAPITAL SOCIAL POR P\u00c9RDIDAS"}]},{"@type":"WebSite","@id":"https:\/\/www.todanelo.com\/es\/#website","url":"https:\/\/www.todanelo.com\/es\/","name":"Toda &amp; Nel-lo Abogados","description":"Despacho Jur\u00eddico Barcelona y Madrid","publisher":{"@id":"https:\/\/www.todanelo.com\/es\/#organization"},"potentialAction":[{"@type":"SearchAction","target":{"@type":"EntryPoint","urlTemplate":"https:\/\/www.todanelo.com\/es\/?s={search_term_string}"},"query-input":{"@type":"PropertyValueSpecification","valueRequired":true,"valueName":"search_term_string"}}],"inLanguage":"es"},{"@type":"Organization","@id":"https:\/\/www.todanelo.com\/es\/#organization","name":"Toda &amp; Nel-lo Abogados","url":"https:\/\/www.todanelo.com\/es\/","logo":{"@type":"ImageObject","inLanguage":"es","@id":"https:\/\/www.todanelo.com\/es\/#\/schema\/logo\/image\/","url":"https:\/\/www.todanelo.com\/wp-content\/uploads\/logo-todanelo.png","contentUrl":"https:\/\/www.todanelo.com\/wp-content\/uploads\/logo-todanelo.png","width":390,"height":161,"caption":"Toda &amp; Nel-lo Abogados"},"image":{"@id":"https:\/\/www.todanelo.com\/es\/#\/schema\/logo\/image\/"}}]}},"_links":{"self":[{"href":"https:\/\/www.todanelo.com\/es\/wp-json\/wp\/v2\/legal-news\/3216","targetHints":{"allow":["GET"]}}],"collection":[{"href":"https:\/\/www.todanelo.com\/es\/wp-json\/wp\/v2\/legal-news"}],"about":[{"href":"https:\/\/www.todanelo.com\/es\/wp-json\/wp\/v2\/types\/legal-news"}],"version-history":[{"count":0,"href":"https:\/\/www.todanelo.com\/es\/wp-json\/wp\/v2\/legal-news\/3216\/revisions"}],"wp:attachment":[{"href":"https:\/\/www.todanelo.com\/es\/wp-json\/wp\/v2\/media?parent=3216"}],"curies":[{"name":"wp","href":"https:\/\/api.w.org\/{rel}","templated":true}]}}