{"id":3210,"date":"2015-03-23T10:30:00","date_gmt":"2015-03-23T10:30:00","guid":{"rendered":"https:\/\/beta.todanelo.com\/legal-news\/incidencia-en-el-iva-de-la-calificacion-del-rendimiento-obtenido-por-socios\/"},"modified":"2025-01-02T12:46:34","modified_gmt":"2025-01-02T12:46:34","slug":"incidencia-en-el-iva-de-la-calificacion-del-rendimiento-obtenido-por-socios","status":"publish","type":"legal-news","link":"https:\/\/www.todanelo.com\/es\/actualidad-juridica\/incidencia-en-el-iva-de-la-calificacion-del-rendimiento-obtenido-por-socios\/","title":{"rendered":"Incidencia en el IVA de la calificaci\u00f3n del rendimiento obtenido por socios profesionales como procedente de actividad econ\u00f3mica"},"content":{"rendered":"<p>La pol\u00e9mica suscitada por la nueva redacci\u00f3n del art\u00edculo 27 de la Ley del IRPF ha motivado la emisi\u00f3n de una nueva Nota Informativa por parte de la Subdirecci\u00f3n General de Informaci\u00f3n y Asistencia Tributaria de la AEAT, en relaci\u00f3n con la incidencia en el IVA de la calificaci\u00f3n del rendimiento obtenido por socios profesionales, que modifica, en parte, el criterio emitido por este \u00f3rgano Administrativo en la primera versi\u00f3n de la Nota, publicada hace tan s\u00f3lo unas semanas.<\/p>\n<p>Si no exist\u00eda ya suficiente confusi\u00f3n al respecto, la AEAT se contradice, indicando que no existe obligaci\u00f3n de darse da alta en el censo de empresarios, profesionales y retenedores a trav\u00e9s del correspondiente modelo 036\/037 cuando no exista sujeci\u00f3n al IVA. De este modo, los socios profesionales, cuya relaci\u00f3n socio-sociedad deba calificarse como laboral por concurrir los requisitos de dependencia y ajenidad, y que no est\u00e1n obligados a expedir facturas ya que no se consideran sujetos pasivos de IVA, no deber\u00e1n darse de alta en el censo de empresarios.<\/p>\n<p>Adem\u00e1s, la Nota Informativa es calificada por la propia AEAT como provisional, a la espera de emisi\u00f3n de informe o Consulta Vinculante por parte de la Direcci\u00f3n General de Tributos, circunstancia que no hace mas que a\u00f1adir, si cabe, mayor inseguridad jur\u00eddica al asunto.<\/p>\n<p>Por lo dem\u00e1s, la Nota Informativa transcribe el texto de la Nota anterior, extrayendo las siguientes conclusiones:<\/p>\n<p>El concepto de empresario o profesional a efectos del IVA se encuentra armonizado a nivel europeo, por lo que el tratamiento fiscal nacional de los ingresos percibidos por el contribuyente no es determinante a la hora de calificar sus actividades como actividades econ\u00f3micas a efectos de la Directiva IVA. Por tanto:<\/p>\n<p style=\"margin-left: 40px;\">a)\u00a0\u00a0 El hecho de que el rendimiento obtenido por el socio se califique como actividad profesional en IRPF sobre la base de su inclusi\u00f3n en el RETA no implica que autom\u00e1ticamente sea sujeto pasivo del IVA, aunque se trata de un indicio a tener en cuenta dados los requisitos que la Seguridad Social exige para la inclusi\u00f3n en este r\u00e9gimen especial; en todo caso habr\u00e1 que analizar las circunstancias que concurren en cada caso concreto.<\/p>\n<p style=\"margin-left: 40px;\">b)\u00a0\u00a0 Si el socio lleva a cabo la ordenaci\u00f3n por cuenta propia de factores de producci\u00f3n\u00a0 para el desarrollo de su actividad profesional, las prestaciones de servicios efectuadas por el mismo a la sociedad estar\u00e1n sujetas al IVA.<\/p>\n<p style=\"margin-left: 40px;\">La calificaci\u00f3n como empresario o profesional a efectos, tanto del IRPF como del IVA, supondr\u00e1 que deber\u00e1 estar dado de alta en el censo de empresarios, profesionales y retenedores mediante la presentaci\u00f3n de la correspondiente declaraci\u00f3n censal.<\/p>\n<p style=\"margin-left: 40px;\">Por otra parte, como sujeto pasivo del IVA, estar\u00e1 obligado a emitir factura por los servicios prestados a la sociedad o, en su caso, a los clientes de la misma, y presentar las autoliquidaciones por dicho impuesto.<\/p>\n<p style=\"margin-left: 40px;\">c)\u00a0\u00a0\u00a0 Si la relaci\u00f3n socio-sociedad debe calificarse como laboral, por concurrir las notas de dependencia y ajenidad, los servicios prestados por el socio a la sociedad estar\u00e1n no sujetos al IVA en virtud de lo dispuesto en el art\u00edculo 7.5\u00ba de la Ley del IVA.<\/p>\n<p style=\"margin-left: 40px;\">Aunque a efectos del IRPF calificar\u00e1 sus rendimientos como de actividad econ\u00f3mica, no deber\u00e1 darse de alta en el censo de empresarios, profesionales y retenedores, dado que el art\u00edculo 3.2 a) y la Disposici\u00f3n Adicional und\u00e9cima del RGAT establecen que se entender\u00e1 por actividad empresarial o profesional aquella cuya realizaci\u00f3n confiera la consideraci\u00f3n de empresarios y profesionales de acuerdo con las disposiciones propias del IVA. Esto supone que no deber\u00e1 presentar un Modelo 036\/037 por ese motivo.<\/p>\n<p style=\"margin-left: 40px;\">El contribuyente no tendr\u00e1 obligaci\u00f3n de expedir factura de sus operaciones ya que no se considera sujeto pasivo del IVA.<\/p>\n<p><span style=\"font-size: 13.0080003738403px; line-height: 1.538em;\">Estaremos atentos a la emisi\u00f3n de informe o Consulta Vinculante por parte de la Direcci\u00f3n General de Tributos que pudiera modificar o matizar este criterio.<\/span><\/p>\n<p>\u00a0<\/p>\n","protected":false},"excerpt":{"rendered":"<p>La calificaci\u00f3n del rendimiento obtenido por socios profesionales como procedente de actividad econ\u00f3mica, introducida en el art\u00edculo 27.1 de la Ley del IRPF por la Ley 26\/2014, de 27 de noviembre, ha generado gran inseguridad jur\u00eddica en cuanto a su interpretaci\u00f3n y aplicaci\u00f3n t\u00e9cnica. Por ello, la Agencia tributaria ha emitido recientemente una nota aclaratoria sobre la incidencia en el IVA de dicha calificaci\u00f3n, en la que concluye que si la relaci\u00f3n socio-sociedad debe calificarse como laboral, los servicios prestados por el socio a la sociedad no estar\u00e1n sujetos a IVA.<\/p>\n","protected":false},"featured_media":0,"template":"","meta":{"_acf_changed":false,"footnotes":""},"class_list":["post-3210","legal-news","type-legal-news","status-publish","hentry"],"acf":[],"yoast_head":"<!-- This site is optimized with the Yoast SEO plugin v27.4 - https:\/\/yoast.com\/product\/yoast-seo-wordpress\/ -->\n<title>Incidencia en el IVA de la calificaci\u00f3n del rendimiento obtenido por socios profesionales como procedente de actividad econ\u00f3mica - Toda &amp; Nel-lo Abogados<\/title>\n<meta name=\"description\" content=\"La calificaci\u00f3n del rendimiento obtenido por socios profesionales como procedente de actividad econ\u00f3mica, introducida en el art\u00edculo 27.1 de la Ley del IRPF por la Ley 26\/2014, de 27 de noviembre, ha generado gran inseguridad jur\u00eddica en cuanto a su interpretaci\u00f3n y aplicaci\u00f3n t\u00e9cnica. Por ello, la Agencia tributaria ha emitido recientemente una nota aclaratoria sobre la incidencia en el IVA de dicha calificaci\u00f3n, en la que concluye que si la relaci\u00f3n socio-sociedad debe calificarse como laboral, los servicios prestados por el socio a la sociedad no estar\u00e1n sujetos a IVA.\" \/>\n<meta name=\"robots\" content=\"index, follow, max-snippet:-1, max-image-preview:large, max-video-preview:-1\" \/>\n<link rel=\"canonical\" href=\"https:\/\/www.todanelo.com\/es\/actualidad-juridica\/incidencia-en-el-iva-de-la-calificacion-del-rendimiento-obtenido-por-socios\/\" \/>\n<meta property=\"og:locale\" content=\"es_ES\" \/>\n<meta property=\"og:type\" content=\"article\" \/>\n<meta property=\"og:title\" content=\"Incidencia en el IVA de la calificaci\u00f3n del rendimiento obtenido por socios profesionales como procedente de actividad econ\u00f3mica - Toda &amp; Nel-lo Abogados\" \/>\n<meta property=\"og:description\" content=\"La calificaci\u00f3n del rendimiento obtenido por socios profesionales como procedente de actividad econ\u00f3mica, introducida en el art\u00edculo 27.1 de la Ley del IRPF por la Ley 26\/2014, de 27 de noviembre, ha generado gran inseguridad jur\u00eddica en cuanto a su interpretaci\u00f3n y aplicaci\u00f3n t\u00e9cnica. Por ello, la Agencia tributaria ha emitido recientemente una nota aclaratoria sobre la incidencia en el IVA de dicha calificaci\u00f3n, en la que concluye que si la relaci\u00f3n socio-sociedad debe calificarse como laboral, los servicios prestados por el socio a la sociedad no estar\u00e1n sujetos a IVA.\" \/>\n<meta property=\"og:url\" content=\"https:\/\/www.todanelo.com\/es\/actualidad-juridica\/incidencia-en-el-iva-de-la-calificacion-del-rendimiento-obtenido-por-socios\/\" \/>\n<meta property=\"og:site_name\" content=\"Toda &amp; Nel-lo Abogados\" \/>\n<meta property=\"article:modified_time\" content=\"2025-01-02T12:46:34+00:00\" \/>\n<meta name=\"twitter:card\" content=\"summary_large_image\" \/>\n<meta name=\"twitter:label1\" content=\"Tiempo de lectura\" \/>\n\t<meta name=\"twitter:data1\" content=\"3 minutos\" \/>\n<script type=\"application\/ld+json\" class=\"yoast-schema-graph\">{\"@context\":\"https:\\\/\\\/schema.org\",\"@graph\":[{\"@type\":[\"WebPage\",\"ItemPage\"],\"@id\":\"https:\\\/\\\/www.todanelo.com\\\/es\\\/actualidad-juridica\\\/incidencia-en-el-iva-de-la-calificacion-del-rendimiento-obtenido-por-socios\\\/\",\"url\":\"https:\\\/\\\/www.todanelo.com\\\/es\\\/actualidad-juridica\\\/incidencia-en-el-iva-de-la-calificacion-del-rendimiento-obtenido-por-socios\\\/\",\"name\":\"Incidencia en el IVA de la calificaci\u00f3n del rendimiento obtenido por socios profesionales como procedente de actividad econ\u00f3mica - Toda &amp; Nel-lo Abogados\",\"isPartOf\":{\"@id\":\"https:\\\/\\\/www.todanelo.com\\\/es\\\/#website\"},\"datePublished\":\"2015-03-23T10:30:00+00:00\",\"dateModified\":\"2025-01-02T12:46:34+00:00\",\"description\":\"La calificaci\u00f3n del rendimiento obtenido por socios profesionales como procedente de actividad econ\u00f3mica, introducida en el art\u00edculo 27.1 de la Ley del IRPF por la Ley 26\\\/2014, de 27 de noviembre, ha generado gran inseguridad jur\u00eddica en cuanto a su interpretaci\u00f3n y aplicaci\u00f3n t\u00e9cnica. Por ello, la Agencia tributaria ha emitido recientemente una nota aclaratoria sobre la incidencia en el IVA de dicha calificaci\u00f3n, en la que concluye que si la relaci\u00f3n socio-sociedad debe calificarse como laboral, los servicios prestados por el socio a la sociedad no estar\u00e1n sujetos a IVA.\",\"breadcrumb\":{\"@id\":\"https:\\\/\\\/www.todanelo.com\\\/es\\\/actualidad-juridica\\\/incidencia-en-el-iva-de-la-calificacion-del-rendimiento-obtenido-por-socios\\\/#breadcrumb\"},\"inLanguage\":\"es\",\"potentialAction\":[{\"@type\":\"ReadAction\",\"target\":[\"https:\\\/\\\/www.todanelo.com\\\/es\\\/actualidad-juridica\\\/incidencia-en-el-iva-de-la-calificacion-del-rendimiento-obtenido-por-socios\\\/\"]}]},{\"@type\":\"BreadcrumbList\",\"@id\":\"https:\\\/\\\/www.todanelo.com\\\/es\\\/actualidad-juridica\\\/incidencia-en-el-iva-de-la-calificacion-del-rendimiento-obtenido-por-socios\\\/#breadcrumb\",\"itemListElement\":[{\"@type\":\"ListItem\",\"position\":1,\"name\":\"Inicio\",\"item\":\"https:\\\/\\\/www.todanelo.com\\\/es\\\/\"},{\"@type\":\"ListItem\",\"position\":2,\"name\":\"Actualidad jur\u00eddica\",\"item\":\"https:\\\/\\\/www.todanelo.com\\\/es\\\/actualidad-juridica\\\/\"},{\"@type\":\"ListItem\",\"position\":3,\"name\":\"Incidencia en el IVA de la calificaci\u00f3n del rendimiento obtenido por socios profesionales como procedente de actividad econ\u00f3mica\"}]},{\"@type\":\"WebSite\",\"@id\":\"https:\\\/\\\/www.todanelo.com\\\/es\\\/#website\",\"url\":\"https:\\\/\\\/www.todanelo.com\\\/es\\\/\",\"name\":\"Toda &amp; Nel-lo Abogados\",\"description\":\"Despacho Jur\u00eddico Barcelona y Madrid\",\"publisher\":{\"@id\":\"https:\\\/\\\/www.todanelo.com\\\/es\\\/#organization\"},\"potentialAction\":[{\"@type\":\"SearchAction\",\"target\":{\"@type\":\"EntryPoint\",\"urlTemplate\":\"https:\\\/\\\/www.todanelo.com\\\/es\\\/?s={search_term_string}\"},\"query-input\":{\"@type\":\"PropertyValueSpecification\",\"valueRequired\":true,\"valueName\":\"search_term_string\"}}],\"inLanguage\":\"es\"},{\"@type\":\"Organization\",\"@id\":\"https:\\\/\\\/www.todanelo.com\\\/es\\\/#organization\",\"name\":\"Toda &amp; Nel-lo Abogados\",\"url\":\"https:\\\/\\\/www.todanelo.com\\\/es\\\/\",\"logo\":{\"@type\":\"ImageObject\",\"inLanguage\":\"es\",\"@id\":\"https:\\\/\\\/www.todanelo.com\\\/es\\\/#\\\/schema\\\/logo\\\/image\\\/\",\"url\":\"https:\\\/\\\/www.todanelo.com\\\/wp-content\\\/uploads\\\/logo-todanelo.png\",\"contentUrl\":\"https:\\\/\\\/www.todanelo.com\\\/wp-content\\\/uploads\\\/logo-todanelo.png\",\"width\":390,\"height\":161,\"caption\":\"Toda &amp; Nel-lo Abogados\"},\"image\":{\"@id\":\"https:\\\/\\\/www.todanelo.com\\\/es\\\/#\\\/schema\\\/logo\\\/image\\\/\"}}]}<\/script>\n<!-- \/ Yoast SEO plugin. -->","yoast_head_json":{"title":"Incidencia en el IVA de la calificaci\u00f3n del rendimiento obtenido por socios profesionales como procedente de actividad econ\u00f3mica - Toda &amp; Nel-lo Abogados","description":"La calificaci\u00f3n del rendimiento obtenido por socios profesionales como procedente de actividad econ\u00f3mica, introducida en el art\u00edculo 27.1 de la Ley del IRPF por la Ley 26\/2014, de 27 de noviembre, ha generado gran inseguridad jur\u00eddica en cuanto a su interpretaci\u00f3n y aplicaci\u00f3n t\u00e9cnica. Por ello, la Agencia tributaria ha emitido recientemente una nota aclaratoria sobre la incidencia en el IVA de dicha calificaci\u00f3n, en la que concluye que si la relaci\u00f3n socio-sociedad debe calificarse como laboral, los servicios prestados por el socio a la sociedad no estar\u00e1n sujetos a IVA.","robots":{"index":"index","follow":"follow","max-snippet":"max-snippet:-1","max-image-preview":"max-image-preview:large","max-video-preview":"max-video-preview:-1"},"canonical":"https:\/\/www.todanelo.com\/es\/actualidad-juridica\/incidencia-en-el-iva-de-la-calificacion-del-rendimiento-obtenido-por-socios\/","og_locale":"es_ES","og_type":"article","og_title":"Incidencia en el IVA de la calificaci\u00f3n del rendimiento obtenido por socios profesionales como procedente de actividad econ\u00f3mica - Toda &amp; Nel-lo Abogados","og_description":"La calificaci\u00f3n del rendimiento obtenido por socios profesionales como procedente de actividad econ\u00f3mica, introducida en el art\u00edculo 27.1 de la Ley del IRPF por la Ley 26\/2014, de 27 de noviembre, ha generado gran inseguridad jur\u00eddica en cuanto a su interpretaci\u00f3n y aplicaci\u00f3n t\u00e9cnica. Por ello, la Agencia tributaria ha emitido recientemente una nota aclaratoria sobre la incidencia en el IVA de dicha calificaci\u00f3n, en la que concluye que si la relaci\u00f3n socio-sociedad debe calificarse como laboral, los servicios prestados por el socio a la sociedad no estar\u00e1n sujetos a IVA.","og_url":"https:\/\/www.todanelo.com\/es\/actualidad-juridica\/incidencia-en-el-iva-de-la-calificacion-del-rendimiento-obtenido-por-socios\/","og_site_name":"Toda &amp; Nel-lo Abogados","article_modified_time":"2025-01-02T12:46:34+00:00","twitter_card":"summary_large_image","twitter_misc":{"Tiempo de lectura":"3 minutos"},"schema":{"@context":"https:\/\/schema.org","@graph":[{"@type":["WebPage","ItemPage"],"@id":"https:\/\/www.todanelo.com\/es\/actualidad-juridica\/incidencia-en-el-iva-de-la-calificacion-del-rendimiento-obtenido-por-socios\/","url":"https:\/\/www.todanelo.com\/es\/actualidad-juridica\/incidencia-en-el-iva-de-la-calificacion-del-rendimiento-obtenido-por-socios\/","name":"Incidencia en el IVA de la calificaci\u00f3n del rendimiento obtenido por socios profesionales como procedente de actividad econ\u00f3mica - Toda &amp; Nel-lo Abogados","isPartOf":{"@id":"https:\/\/www.todanelo.com\/es\/#website"},"datePublished":"2015-03-23T10:30:00+00:00","dateModified":"2025-01-02T12:46:34+00:00","description":"La calificaci\u00f3n del rendimiento obtenido por socios profesionales como procedente de actividad econ\u00f3mica, introducida en el art\u00edculo 27.1 de la Ley del IRPF por la Ley 26\/2014, de 27 de noviembre, ha generado gran inseguridad jur\u00eddica en cuanto a su interpretaci\u00f3n y aplicaci\u00f3n t\u00e9cnica. Por ello, la Agencia tributaria ha emitido recientemente una nota aclaratoria sobre la incidencia en el IVA de dicha calificaci\u00f3n, en la que concluye que si la relaci\u00f3n socio-sociedad debe calificarse como laboral, los servicios prestados por el socio a la sociedad no estar\u00e1n sujetos a IVA.","breadcrumb":{"@id":"https:\/\/www.todanelo.com\/es\/actualidad-juridica\/incidencia-en-el-iva-de-la-calificacion-del-rendimiento-obtenido-por-socios\/#breadcrumb"},"inLanguage":"es","potentialAction":[{"@type":"ReadAction","target":["https:\/\/www.todanelo.com\/es\/actualidad-juridica\/incidencia-en-el-iva-de-la-calificacion-del-rendimiento-obtenido-por-socios\/"]}]},{"@type":"BreadcrumbList","@id":"https:\/\/www.todanelo.com\/es\/actualidad-juridica\/incidencia-en-el-iva-de-la-calificacion-del-rendimiento-obtenido-por-socios\/#breadcrumb","itemListElement":[{"@type":"ListItem","position":1,"name":"Inicio","item":"https:\/\/www.todanelo.com\/es\/"},{"@type":"ListItem","position":2,"name":"Actualidad jur\u00eddica","item":"https:\/\/www.todanelo.com\/es\/actualidad-juridica\/"},{"@type":"ListItem","position":3,"name":"Incidencia en el IVA de la calificaci\u00f3n del rendimiento obtenido por socios profesionales como procedente de actividad econ\u00f3mica"}]},{"@type":"WebSite","@id":"https:\/\/www.todanelo.com\/es\/#website","url":"https:\/\/www.todanelo.com\/es\/","name":"Toda &amp; Nel-lo Abogados","description":"Despacho Jur\u00eddico Barcelona y Madrid","publisher":{"@id":"https:\/\/www.todanelo.com\/es\/#organization"},"potentialAction":[{"@type":"SearchAction","target":{"@type":"EntryPoint","urlTemplate":"https:\/\/www.todanelo.com\/es\/?s={search_term_string}"},"query-input":{"@type":"PropertyValueSpecification","valueRequired":true,"valueName":"search_term_string"}}],"inLanguage":"es"},{"@type":"Organization","@id":"https:\/\/www.todanelo.com\/es\/#organization","name":"Toda &amp; Nel-lo Abogados","url":"https:\/\/www.todanelo.com\/es\/","logo":{"@type":"ImageObject","inLanguage":"es","@id":"https:\/\/www.todanelo.com\/es\/#\/schema\/logo\/image\/","url":"https:\/\/www.todanelo.com\/wp-content\/uploads\/logo-todanelo.png","contentUrl":"https:\/\/www.todanelo.com\/wp-content\/uploads\/logo-todanelo.png","width":390,"height":161,"caption":"Toda &amp; Nel-lo Abogados"},"image":{"@id":"https:\/\/www.todanelo.com\/es\/#\/schema\/logo\/image\/"}}]}},"_links":{"self":[{"href":"https:\/\/www.todanelo.com\/es\/wp-json\/wp\/v2\/legal-news\/3210","targetHints":{"allow":["GET"]}}],"collection":[{"href":"https:\/\/www.todanelo.com\/es\/wp-json\/wp\/v2\/legal-news"}],"about":[{"href":"https:\/\/www.todanelo.com\/es\/wp-json\/wp\/v2\/types\/legal-news"}],"version-history":[{"count":0,"href":"https:\/\/www.todanelo.com\/es\/wp-json\/wp\/v2\/legal-news\/3210\/revisions"}],"wp:attachment":[{"href":"https:\/\/www.todanelo.com\/es\/wp-json\/wp\/v2\/media?parent=3210"}],"curies":[{"name":"wp","href":"https:\/\/api.w.org\/{rel}","templated":true}]}}