{"id":3209,"date":"2015-03-27T10:15:00","date_gmt":"2015-03-27T10:15:00","guid":{"rendered":"https:\/\/beta.todanelo.com\/legal-news\/el-congreso-aprueba-la-reforma-del-codigo-penal\/"},"modified":"2015-03-27T10:15:00","modified_gmt":"2015-03-27T10:15:00","slug":"el-congreso-aprueba-la-reforma-del-codigo-penal","status":"publish","type":"legal-news","link":"https:\/\/www.todanelo.com\/es\/actualidad-juridica\/el-congreso-aprueba-la-reforma-del-codigo-penal\/","title":{"rendered":"EL CONGRESO APRUEBA LA REFORMA DEL C\u00d3DIGO PENAL"},"content":{"rendered":"<p>El Pleno del Congreso aprob\u00f3 ayer, definitivamente, la Ley Org\u00e1nica de reforma del C\u00f3digo Penal.<\/p>\n<p>El texto aprobado recoge importantes novedades en materia de responsabilidad penal de las personas jur\u00eddicas que quedar\u00e1n exentas por los delitos cometidos en su organizaci\u00f3n si adoptan programas de prevenci\u00f3n de riesgos penales de acuerdo con los requisitos previstos en el mismo.<\/p>\n<p>La norma entrar\u00e1 en vigor a partir del pr\u00f3ximo 1 de julio.\u00a0<\/p>\n","protected":false},"excerpt":{"rendered":"<p>El Pleno del Congreso aprob\u00f3 ayer, definitivamente, la Ley Org\u00e1nica de reforma del C\u00f3digo Penal. El texto aprobado recoge importantes novedades en materia de responsabilidad penal de las personas jur\u00eddicas &hellip;<\/p>\n","protected":false},"featured_media":0,"template":"","meta":{"_acf_changed":false,"footnotes":""},"class_list":["post-3209","legal-news","type-legal-news","status-publish","hentry"],"acf":[],"yoast_head":"<!-- This site is optimized with the Yoast SEO plugin v27.4 - https:\/\/yoast.com\/product\/yoast-seo-wordpress\/ -->\n<title>EL CONGRESO APRUEBA LA REFORMA DEL C\u00d3DIGO PENAL - Toda &amp; Nel-lo Abogados<\/title>\n<meta name=\"description\" content=\"El Pleno del Congreso aprob\u00f3 ayer, definitivamente, la Ley Org\u00e1nica de reforma del C\u00f3digo Penal. El texto aprobado recoge importantes novedades en materia\" \/>\n<meta name=\"robots\" content=\"index, follow, max-snippet:-1, max-image-preview:large, max-video-preview:-1\" \/>\n<link rel=\"canonical\" href=\"https:\/\/www.todanelo.com\/es\/actualidad-juridica\/el-congreso-aprueba-la-reforma-del-codigo-penal\/\" \/>\n<meta property=\"og:locale\" content=\"es_ES\" \/>\n<meta property=\"og:type\" content=\"article\" \/>\n<meta property=\"og:title\" content=\"EL CONGRESO APRUEBA LA REFORMA DEL C\u00d3DIGO PENAL - Toda &amp; Nel-lo Abogados\" \/>\n<meta property=\"og:description\" content=\"El Pleno del Congreso aprob\u00f3 ayer, definitivamente, la Ley Org\u00e1nica de reforma del C\u00f3digo Penal. El texto aprobado recoge importantes novedades en materia\" \/>\n<meta property=\"og:url\" content=\"https:\/\/www.todanelo.com\/es\/actualidad-juridica\/el-congreso-aprueba-la-reforma-del-codigo-penal\/\" \/>\n<meta property=\"og:site_name\" content=\"Toda &amp; Nel-lo Abogados\" \/>\n<meta name=\"twitter:card\" content=\"summary_large_image\" \/>\n<script type=\"application\/ld+json\" class=\"yoast-schema-graph\">{\"@context\":\"https:\\\/\\\/schema.org\",\"@graph\":[{\"@type\":[\"WebPage\",\"ItemPage\"],\"@id\":\"https:\\\/\\\/www.todanelo.com\\\/es\\\/actualidad-juridica\\\/el-congreso-aprueba-la-reforma-del-codigo-penal\\\/\",\"url\":\"https:\\\/\\\/www.todanelo.com\\\/es\\\/actualidad-juridica\\\/el-congreso-aprueba-la-reforma-del-codigo-penal\\\/\",\"name\":\"EL CONGRESO APRUEBA LA REFORMA DEL C\u00d3DIGO PENAL - Toda &amp; Nel-lo Abogados\",\"isPartOf\":{\"@id\":\"https:\\\/\\\/www.todanelo.com\\\/es\\\/#website\"},\"datePublished\":\"2015-03-27T10:15:00+00:00\",\"description\":\"El Pleno del Congreso aprob\u00f3 ayer, definitivamente, la Ley Org\u00e1nica de reforma del C\u00f3digo Penal. El texto aprobado recoge importantes novedades en materia\",\"breadcrumb\":{\"@id\":\"https:\\\/\\\/www.todanelo.com\\\/es\\\/actualidad-juridica\\\/el-congreso-aprueba-la-reforma-del-codigo-penal\\\/#breadcrumb\"},\"inLanguage\":\"es\",\"potentialAction\":[{\"@type\":\"ReadAction\",\"target\":[\"https:\\\/\\\/www.todanelo.com\\\/es\\\/actualidad-juridica\\\/el-congreso-aprueba-la-reforma-del-codigo-penal\\\/\"]}]},{\"@type\":\"BreadcrumbList\",\"@id\":\"https:\\\/\\\/www.todanelo.com\\\/es\\\/actualidad-juridica\\\/el-congreso-aprueba-la-reforma-del-codigo-penal\\\/#breadcrumb\",\"itemListElement\":[{\"@type\":\"ListItem\",\"position\":1,\"name\":\"Inicio\",\"item\":\"https:\\\/\\\/www.todanelo.com\\\/es\\\/\"},{\"@type\":\"ListItem\",\"position\":2,\"name\":\"Actualidad jur\u00eddica\",\"item\":\"https:\\\/\\\/www.todanelo.com\\\/es\\\/actualidad-juridica\\\/\"},{\"@type\":\"ListItem\",\"position\":3,\"name\":\"EL CONGRESO APRUEBA LA REFORMA DEL C\u00d3DIGO PENAL\"}]},{\"@type\":\"WebSite\",\"@id\":\"https:\\\/\\\/www.todanelo.com\\\/es\\\/#website\",\"url\":\"https:\\\/\\\/www.todanelo.com\\\/es\\\/\",\"name\":\"Toda &amp; Nel-lo Abogados\",\"description\":\"Despacho Jur\u00eddico Barcelona y Madrid\",\"publisher\":{\"@id\":\"https:\\\/\\\/www.todanelo.com\\\/es\\\/#organization\"},\"potentialAction\":[{\"@type\":\"SearchAction\",\"target\":{\"@type\":\"EntryPoint\",\"urlTemplate\":\"https:\\\/\\\/www.todanelo.com\\\/es\\\/?s={search_term_string}\"},\"query-input\":{\"@type\":\"PropertyValueSpecification\",\"valueRequired\":true,\"valueName\":\"search_term_string\"}}],\"inLanguage\":\"es\"},{\"@type\":\"Organization\",\"@id\":\"https:\\\/\\\/www.todanelo.com\\\/es\\\/#organization\",\"name\":\"Toda &amp; Nel-lo Abogados\",\"url\":\"https:\\\/\\\/www.todanelo.com\\\/es\\\/\",\"logo\":{\"@type\":\"ImageObject\",\"inLanguage\":\"es\",\"@id\":\"https:\\\/\\\/www.todanelo.com\\\/es\\\/#\\\/schema\\\/logo\\\/image\\\/\",\"url\":\"https:\\\/\\\/www.todanelo.com\\\/wp-content\\\/uploads\\\/logo-todanelo.png\",\"contentUrl\":\"https:\\\/\\\/www.todanelo.com\\\/wp-content\\\/uploads\\\/logo-todanelo.png\",\"width\":390,\"height\":161,\"caption\":\"Toda &amp; Nel-lo Abogados\"},\"image\":{\"@id\":\"https:\\\/\\\/www.todanelo.com\\\/es\\\/#\\\/schema\\\/logo\\\/image\\\/\"}}]}<\/script>\n<!-- \/ Yoast SEO plugin. -->","yoast_head_json":{"title":"EL CONGRESO APRUEBA LA REFORMA DEL C\u00d3DIGO PENAL - Toda &amp; Nel-lo Abogados","description":"El Pleno del Congreso aprob\u00f3 ayer, definitivamente, la Ley Org\u00e1nica de reforma del C\u00f3digo Penal. El texto aprobado recoge importantes novedades en materia","robots":{"index":"index","follow":"follow","max-snippet":"max-snippet:-1","max-image-preview":"max-image-preview:large","max-video-preview":"max-video-preview:-1"},"canonical":"https:\/\/www.todanelo.com\/es\/actualidad-juridica\/el-congreso-aprueba-la-reforma-del-codigo-penal\/","og_locale":"es_ES","og_type":"article","og_title":"EL CONGRESO APRUEBA LA REFORMA DEL C\u00d3DIGO PENAL - Toda &amp; Nel-lo Abogados","og_description":"El Pleno del Congreso aprob\u00f3 ayer, definitivamente, la Ley Org\u00e1nica de reforma del C\u00f3digo Penal. El texto aprobado recoge importantes novedades en materia","og_url":"https:\/\/www.todanelo.com\/es\/actualidad-juridica\/el-congreso-aprueba-la-reforma-del-codigo-penal\/","og_site_name":"Toda &amp; Nel-lo Abogados","twitter_card":"summary_large_image","schema":{"@context":"https:\/\/schema.org","@graph":[{"@type":["WebPage","ItemPage"],"@id":"https:\/\/www.todanelo.com\/es\/actualidad-juridica\/el-congreso-aprueba-la-reforma-del-codigo-penal\/","url":"https:\/\/www.todanelo.com\/es\/actualidad-juridica\/el-congreso-aprueba-la-reforma-del-codigo-penal\/","name":"EL CONGRESO APRUEBA LA REFORMA DEL C\u00d3DIGO PENAL - Toda &amp; Nel-lo Abogados","isPartOf":{"@id":"https:\/\/www.todanelo.com\/es\/#website"},"datePublished":"2015-03-27T10:15:00+00:00","description":"El Pleno del Congreso aprob\u00f3 ayer, definitivamente, la Ley Org\u00e1nica de reforma del C\u00f3digo Penal. El texto aprobado recoge importantes novedades en materia","breadcrumb":{"@id":"https:\/\/www.todanelo.com\/es\/actualidad-juridica\/el-congreso-aprueba-la-reforma-del-codigo-penal\/#breadcrumb"},"inLanguage":"es","potentialAction":[{"@type":"ReadAction","target":["https:\/\/www.todanelo.com\/es\/actualidad-juridica\/el-congreso-aprueba-la-reforma-del-codigo-penal\/"]}]},{"@type":"BreadcrumbList","@id":"https:\/\/www.todanelo.com\/es\/actualidad-juridica\/el-congreso-aprueba-la-reforma-del-codigo-penal\/#breadcrumb","itemListElement":[{"@type":"ListItem","position":1,"name":"Inicio","item":"https:\/\/www.todanelo.com\/es\/"},{"@type":"ListItem","position":2,"name":"Actualidad jur\u00eddica","item":"https:\/\/www.todanelo.com\/es\/actualidad-juridica\/"},{"@type":"ListItem","position":3,"name":"EL CONGRESO APRUEBA LA REFORMA DEL C\u00d3DIGO PENAL"}]},{"@type":"WebSite","@id":"https:\/\/www.todanelo.com\/es\/#website","url":"https:\/\/www.todanelo.com\/es\/","name":"Toda &amp; Nel-lo Abogados","description":"Despacho Jur\u00eddico Barcelona y Madrid","publisher":{"@id":"https:\/\/www.todanelo.com\/es\/#organization"},"potentialAction":[{"@type":"SearchAction","target":{"@type":"EntryPoint","urlTemplate":"https:\/\/www.todanelo.com\/es\/?s={search_term_string}"},"query-input":{"@type":"PropertyValueSpecification","valueRequired":true,"valueName":"search_term_string"}}],"inLanguage":"es"},{"@type":"Organization","@id":"https:\/\/www.todanelo.com\/es\/#organization","name":"Toda &amp; Nel-lo Abogados","url":"https:\/\/www.todanelo.com\/es\/","logo":{"@type":"ImageObject","inLanguage":"es","@id":"https:\/\/www.todanelo.com\/es\/#\/schema\/logo\/image\/","url":"https:\/\/www.todanelo.com\/wp-content\/uploads\/logo-todanelo.png","contentUrl":"https:\/\/www.todanelo.com\/wp-content\/uploads\/logo-todanelo.png","width":390,"height":161,"caption":"Toda &amp; Nel-lo Abogados"},"image":{"@id":"https:\/\/www.todanelo.com\/es\/#\/schema\/logo\/image\/"}}]}},"_links":{"self":[{"href":"https:\/\/www.todanelo.com\/es\/wp-json\/wp\/v2\/legal-news\/3209","targetHints":{"allow":["GET"]}}],"collection":[{"href":"https:\/\/www.todanelo.com\/es\/wp-json\/wp\/v2\/legal-news"}],"about":[{"href":"https:\/\/www.todanelo.com\/es\/wp-json\/wp\/v2\/types\/legal-news"}],"version-history":[{"count":0,"href":"https:\/\/www.todanelo.com\/es\/wp-json\/wp\/v2\/legal-news\/3209\/revisions"}],"wp:attachment":[{"href":"https:\/\/www.todanelo.com\/es\/wp-json\/wp\/v2\/media?parent=3209"}],"curies":[{"name":"wp","href":"https:\/\/api.w.org\/{rel}","templated":true}]}}