{"id":2924,"date":"2020-04-14T14:30:00","date_gmt":"2020-04-14T14:30:00","guid":{"rendered":"https:\/\/beta.todanelo.com\/legal-news\/medidas-tributarias-adoptadas-por-la-generalitat-de-cataluna-en-el-decreto-ley\/"},"modified":"2020-04-14T14:30:00","modified_gmt":"2020-04-14T14:30:00","slug":"medidas-tributarias-adoptadas-por-la-generalitat-de-cataluna-en-el-decreto-ley","status":"publish","type":"legal-news","link":"https:\/\/www.todanelo.com\/es\/actualidad-juridica\/medidas-tributarias-adoptadas-por-la-generalitat-de-cataluna-en-el-decreto-ley\/","title":{"rendered":"Medidas tributarias adoptadas por la Generalitat de Catalu\u00f1a en el decreto ley 11\/2020"},"content":{"rendered":"<p>El pasado 9 de abril se public\u00f3 en el Diario Oficial de la Generalitat de Catalu\u00f1a (DOGC) el Decreto Ley 11\/2020, de 7 de abril, en virtud del cual se adoptan distintas medidas econ\u00f3micas, sociales y administrativas para paliar los efectos de la pandemia generada por el COVID-19, de las que, en materia tributaria, procede destacar las siguientes:<\/p>\n<p style=\"margin-left: 40px;\">&#8211; En relaci\u00f3n a la <strong>suspensi\u00f3n de los plazos de presentaci\u00f3n de autoliquidaciones y de pago de los tributos propios de la Generalitat de Catalu\u00f1a y de los tributos cedidos<\/strong> \u2013suspensi\u00f3n esta, establecida en el Decreto Ley 7\/2020, de 17 de marzo-, se viene a aclarar que debe entenderse que la fecha de inicio de la referida suspensi\u00f3n es el 14 de marzo de 2020 -d\u00eda en que se entr\u00f3 en vigor la declaraci\u00f3n del estado de alarma-.<\/p>\n<p style=\"margin-left: 40px;\">&#8211; Se establecen nuevos periodos de presentaci\u00f3n de autoliquidaciones y de ingreso en periodo voluntario para determinados tributos propios y cedidos \u2013tributos estos, que se encuentran suspendidos hasta la fecha en que se declare la finalizaci\u00f3n del estado de alarma-. En concreto:<\/p>\n<p style=\"margin-left: 80px;\">\u2022 En relaci\u00f3n al <strong>Impuesto sobre Sucesiones y Donaciones (ISD)<\/strong>, en la modalidad de sucesiones, en aquellos supuestos devengados con anterioridad al 14 de marzo de 2020 cuyo plazo de presentaci\u00f3n e ingreso en periodo voluntario no hubiera finalizado a\u00fan a esa fecha, se establece que el plazo comprender\u00e1 el tiempo que les restaba para presentar la autoliquidaci\u00f3n m\u00e1s dos meses adicionales.<\/p>\n<p style=\"margin-left: 80px;\">\u2022 En relaci\u00f3n con el <strong>Impuesto sobre las bebidas azucaradas envasadas<\/strong>, se determina que la presentaci\u00f3n e ingreso de la autoliquidaci\u00f3n correspondiente al primer trimestre del ejercicio 2020 se deber\u00e1 efectuar en el plazo comprendido entre el 1 y el 20 de julio de este a\u00f1o (en lugar del plazo habitual que ser\u00eda del 1 al 20 de abril).<\/p>\n<p style=\"margin-left: 40px;\">&#8211; En relaci\u00f3n con la <strong>Tasa sobre los juegos de suerte, envite o azar<\/strong>, se establece una bonificaci\u00f3n en la cuota en el porcentaje equivalente al n\u00famero de d\u00edas de duraci\u00f3n del estado de alarma respecto el total de d\u00edas naturales que tiene el primer trimestre correspondiente al primer plazo de autoliquidaci\u00f3n que se inicie despu\u00e9s de la finalizaci\u00f3n del referido estado. Esta bonificaci\u00f3n se aplicar\u00e1 una \u00fanica vez en el indicado per\u00edodo de liquidaci\u00f3n trimestral.<\/p>\n<p style=\"margin-left: 40px;\">\u00a0<\/p>\n<p>Puede consultar el texto completo del Decreto Ley 11\/2020 <strong><a href=\"https:\/\/portaldogc.gencat.cat\/utilsEADOP\/PDF\/8107\/1791798.pdf\" target=\"_blank\" rel=\"noopener\">aqu\u00ed<\/a><\/strong>.<\/p>\n","protected":false},"excerpt":{"rendered":"<p>Entra en vigor del Decreto Ley 11\/2020, de 7 de abril, por el que se adoptan medidas econ\u00f3micas, sociales y administrativas para paliar los efectos de la pandemia generada por el Covid-19. Los abogados de Derecho Tributario de Toda &#038; Nel-lo analizan las m\u00e1s significativas<\/p>\n","protected":false},"featured_media":2925,"template":"","meta":{"_acf_changed":false,"footnotes":""},"class_list":["post-2924","legal-news","type-legal-news","status-publish","has-post-thumbnail","hentry"],"acf":[],"yoast_head":"<!-- This site is optimized with the Yoast SEO plugin v27.4 - https:\/\/yoast.com\/product\/yoast-seo-wordpress\/ -->\n<title>Medidas tributarias adoptadas por la Generalitat de Catalu\u00f1a en el decreto ley 11\/2020 - Toda &amp; Nel-lo Abogados<\/title>\n<meta name=\"description\" content=\"Entra en vigor del Decreto Ley 11\/2020, de 7 de abril, por el que se adoptan medidas econ\u00f3micas, sociales y administrativas para paliar los efectos de la pandemia generada por el Covid-19. Los abogados de Derecho Tributario de Toda &amp; Nel-lo analizan las m\u00e1s significativas\" \/>\n<meta name=\"robots\" content=\"index, follow, max-snippet:-1, max-image-preview:large, max-video-preview:-1\" \/>\n<link rel=\"canonical\" href=\"https:\/\/www.todanelo.com\/es\/actualidad-juridica\/medidas-tributarias-adoptadas-por-la-generalitat-de-cataluna-en-el-decreto-ley\/\" \/>\n<meta property=\"og:locale\" content=\"es_ES\" \/>\n<meta property=\"og:type\" content=\"article\" \/>\n<meta property=\"og:title\" content=\"Medidas tributarias adoptadas por la Generalitat de Catalu\u00f1a en el decreto ley 11\/2020 - Toda &amp; Nel-lo Abogados\" \/>\n<meta property=\"og:description\" content=\"Entra en vigor del Decreto Ley 11\/2020, de 7 de abril, por el que se adoptan medidas econ\u00f3micas, sociales y administrativas para paliar los efectos de la pandemia generada por el Covid-19. Los abogados de Derecho Tributario de Toda &amp; Nel-lo analizan las m\u00e1s significativas\" \/>\n<meta property=\"og:url\" content=\"https:\/\/www.todanelo.com\/es\/actualidad-juridica\/medidas-tributarias-adoptadas-por-la-generalitat-de-cataluna-en-el-decreto-ley\/\" \/>\n<meta property=\"og:site_name\" content=\"Toda &amp; Nel-lo Abogados\" \/>\n<meta property=\"og:image\" content=\"https:\/\/www.todanelo.com\/wp-content\/uploads\/appointment-calendar-agenda-pen-calendar.jpg\" \/>\n\t<meta property=\"og:image:width\" content=\"910\" \/>\n\t<meta property=\"og:image:height\" content=\"607\" \/>\n\t<meta property=\"og:image:type\" content=\"image\/jpeg\" \/>\n<meta name=\"twitter:card\" content=\"summary_large_image\" \/>\n<meta name=\"twitter:label1\" content=\"Tiempo de lectura\" \/>\n\t<meta name=\"twitter:data1\" content=\"2 minutos\" \/>\n<script type=\"application\/ld+json\" class=\"yoast-schema-graph\">{\"@context\":\"https:\\\/\\\/schema.org\",\"@graph\":[{\"@type\":[\"WebPage\",\"ItemPage\"],\"@id\":\"https:\\\/\\\/www.todanelo.com\\\/es\\\/actualidad-juridica\\\/medidas-tributarias-adoptadas-por-la-generalitat-de-cataluna-en-el-decreto-ley\\\/\",\"url\":\"https:\\\/\\\/www.todanelo.com\\\/es\\\/actualidad-juridica\\\/medidas-tributarias-adoptadas-por-la-generalitat-de-cataluna-en-el-decreto-ley\\\/\",\"name\":\"Medidas tributarias adoptadas por la Generalitat de Catalu\u00f1a en el decreto ley 11\\\/2020 - Toda &amp; Nel-lo Abogados\",\"isPartOf\":{\"@id\":\"https:\\\/\\\/www.todanelo.com\\\/es\\\/#website\"},\"primaryImageOfPage\":{\"@id\":\"https:\\\/\\\/www.todanelo.com\\\/es\\\/actualidad-juridica\\\/medidas-tributarias-adoptadas-por-la-generalitat-de-cataluna-en-el-decreto-ley\\\/#primaryimage\"},\"image\":{\"@id\":\"https:\\\/\\\/www.todanelo.com\\\/es\\\/actualidad-juridica\\\/medidas-tributarias-adoptadas-por-la-generalitat-de-cataluna-en-el-decreto-ley\\\/#primaryimage\"},\"thumbnailUrl\":\"https:\\\/\\\/www.todanelo.com\\\/wp-content\\\/uploads\\\/appointment-calendar-agenda-pen-calendar.jpg\",\"datePublished\":\"2020-04-14T14:30:00+00:00\",\"description\":\"Entra en vigor del Decreto Ley 11\\\/2020, de 7 de abril, por el que se adoptan medidas econ\u00f3micas, sociales y administrativas para paliar los efectos de la pandemia generada por el Covid-19. Los abogados de Derecho Tributario de Toda & Nel-lo analizan las m\u00e1s significativas\",\"breadcrumb\":{\"@id\":\"https:\\\/\\\/www.todanelo.com\\\/es\\\/actualidad-juridica\\\/medidas-tributarias-adoptadas-por-la-generalitat-de-cataluna-en-el-decreto-ley\\\/#breadcrumb\"},\"inLanguage\":\"es\",\"potentialAction\":[{\"@type\":\"ReadAction\",\"target\":[\"https:\\\/\\\/www.todanelo.com\\\/es\\\/actualidad-juridica\\\/medidas-tributarias-adoptadas-por-la-generalitat-de-cataluna-en-el-decreto-ley\\\/\"]}]},{\"@type\":\"ImageObject\",\"inLanguage\":\"es\",\"@id\":\"https:\\\/\\\/www.todanelo.com\\\/es\\\/actualidad-juridica\\\/medidas-tributarias-adoptadas-por-la-generalitat-de-cataluna-en-el-decreto-ley\\\/#primaryimage\",\"url\":\"https:\\\/\\\/www.todanelo.com\\\/wp-content\\\/uploads\\\/appointment-calendar-agenda-pen-calendar.jpg\",\"contentUrl\":\"https:\\\/\\\/www.todanelo.com\\\/wp-content\\\/uploads\\\/appointment-calendar-agenda-pen-calendar.jpg\",\"width\":910,\"height\":607},{\"@type\":\"BreadcrumbList\",\"@id\":\"https:\\\/\\\/www.todanelo.com\\\/es\\\/actualidad-juridica\\\/medidas-tributarias-adoptadas-por-la-generalitat-de-cataluna-en-el-decreto-ley\\\/#breadcrumb\",\"itemListElement\":[{\"@type\":\"ListItem\",\"position\":1,\"name\":\"Inicio\",\"item\":\"https:\\\/\\\/www.todanelo.com\\\/es\\\/\"},{\"@type\":\"ListItem\",\"position\":2,\"name\":\"Actualidad jur\u00eddica\",\"item\":\"https:\\\/\\\/www.todanelo.com\\\/es\\\/actualidad-juridica\\\/\"},{\"@type\":\"ListItem\",\"position\":3,\"name\":\"Medidas tributarias adoptadas por la Generalitat de Catalu\u00f1a en el decreto ley 11\\\/2020\"}]},{\"@type\":\"WebSite\",\"@id\":\"https:\\\/\\\/www.todanelo.com\\\/es\\\/#website\",\"url\":\"https:\\\/\\\/www.todanelo.com\\\/es\\\/\",\"name\":\"Toda &amp; Nel-lo Abogados\",\"description\":\"Despacho Jur\u00eddico Barcelona y Madrid\",\"publisher\":{\"@id\":\"https:\\\/\\\/www.todanelo.com\\\/es\\\/#organization\"},\"potentialAction\":[{\"@type\":\"SearchAction\",\"target\":{\"@type\":\"EntryPoint\",\"urlTemplate\":\"https:\\\/\\\/www.todanelo.com\\\/es\\\/?s={search_term_string}\"},\"query-input\":{\"@type\":\"PropertyValueSpecification\",\"valueRequired\":true,\"valueName\":\"search_term_string\"}}],\"inLanguage\":\"es\"},{\"@type\":\"Organization\",\"@id\":\"https:\\\/\\\/www.todanelo.com\\\/es\\\/#organization\",\"name\":\"Toda &amp; Nel-lo Abogados\",\"url\":\"https:\\\/\\\/www.todanelo.com\\\/es\\\/\",\"logo\":{\"@type\":\"ImageObject\",\"inLanguage\":\"es\",\"@id\":\"https:\\\/\\\/www.todanelo.com\\\/es\\\/#\\\/schema\\\/logo\\\/image\\\/\",\"url\":\"https:\\\/\\\/www.todanelo.com\\\/wp-content\\\/uploads\\\/logo-todanelo.png\",\"contentUrl\":\"https:\\\/\\\/www.todanelo.com\\\/wp-content\\\/uploads\\\/logo-todanelo.png\",\"width\":390,\"height\":161,\"caption\":\"Toda &amp; Nel-lo Abogados\"},\"image\":{\"@id\":\"https:\\\/\\\/www.todanelo.com\\\/es\\\/#\\\/schema\\\/logo\\\/image\\\/\"}}]}<\/script>\n<!-- \/ Yoast SEO plugin. -->","yoast_head_json":{"title":"Medidas tributarias adoptadas por la Generalitat de Catalu\u00f1a en el decreto ley 11\/2020 - Toda &amp; Nel-lo Abogados","description":"Entra en vigor del Decreto Ley 11\/2020, de 7 de abril, por el que se adoptan medidas econ\u00f3micas, sociales y administrativas para paliar los efectos de la pandemia generada por el Covid-19. Los abogados de Derecho Tributario de Toda & Nel-lo analizan las m\u00e1s significativas","robots":{"index":"index","follow":"follow","max-snippet":"max-snippet:-1","max-image-preview":"max-image-preview:large","max-video-preview":"max-video-preview:-1"},"canonical":"https:\/\/www.todanelo.com\/es\/actualidad-juridica\/medidas-tributarias-adoptadas-por-la-generalitat-de-cataluna-en-el-decreto-ley\/","og_locale":"es_ES","og_type":"article","og_title":"Medidas tributarias adoptadas por la Generalitat de Catalu\u00f1a en el decreto ley 11\/2020 - Toda &amp; Nel-lo Abogados","og_description":"Entra en vigor del Decreto Ley 11\/2020, de 7 de abril, por el que se adoptan medidas econ\u00f3micas, sociales y administrativas para paliar los efectos de la pandemia generada por el Covid-19. Los abogados de Derecho Tributario de Toda & Nel-lo analizan las m\u00e1s significativas","og_url":"https:\/\/www.todanelo.com\/es\/actualidad-juridica\/medidas-tributarias-adoptadas-por-la-generalitat-de-cataluna-en-el-decreto-ley\/","og_site_name":"Toda &amp; Nel-lo Abogados","og_image":[{"width":910,"height":607,"url":"https:\/\/www.todanelo.com\/wp-content\/uploads\/appointment-calendar-agenda-pen-calendar.jpg","type":"image\/jpeg"}],"twitter_card":"summary_large_image","twitter_misc":{"Tiempo de lectura":"2 minutos"},"schema":{"@context":"https:\/\/schema.org","@graph":[{"@type":["WebPage","ItemPage"],"@id":"https:\/\/www.todanelo.com\/es\/actualidad-juridica\/medidas-tributarias-adoptadas-por-la-generalitat-de-cataluna-en-el-decreto-ley\/","url":"https:\/\/www.todanelo.com\/es\/actualidad-juridica\/medidas-tributarias-adoptadas-por-la-generalitat-de-cataluna-en-el-decreto-ley\/","name":"Medidas tributarias adoptadas por la Generalitat de Catalu\u00f1a en el decreto ley 11\/2020 - Toda &amp; Nel-lo Abogados","isPartOf":{"@id":"https:\/\/www.todanelo.com\/es\/#website"},"primaryImageOfPage":{"@id":"https:\/\/www.todanelo.com\/es\/actualidad-juridica\/medidas-tributarias-adoptadas-por-la-generalitat-de-cataluna-en-el-decreto-ley\/#primaryimage"},"image":{"@id":"https:\/\/www.todanelo.com\/es\/actualidad-juridica\/medidas-tributarias-adoptadas-por-la-generalitat-de-cataluna-en-el-decreto-ley\/#primaryimage"},"thumbnailUrl":"https:\/\/www.todanelo.com\/wp-content\/uploads\/appointment-calendar-agenda-pen-calendar.jpg","datePublished":"2020-04-14T14:30:00+00:00","description":"Entra en vigor del Decreto Ley 11\/2020, de 7 de abril, por el que se adoptan medidas econ\u00f3micas, sociales y administrativas para paliar los efectos de la pandemia generada por el Covid-19. Los abogados de Derecho Tributario de Toda & Nel-lo analizan las m\u00e1s significativas","breadcrumb":{"@id":"https:\/\/www.todanelo.com\/es\/actualidad-juridica\/medidas-tributarias-adoptadas-por-la-generalitat-de-cataluna-en-el-decreto-ley\/#breadcrumb"},"inLanguage":"es","potentialAction":[{"@type":"ReadAction","target":["https:\/\/www.todanelo.com\/es\/actualidad-juridica\/medidas-tributarias-adoptadas-por-la-generalitat-de-cataluna-en-el-decreto-ley\/"]}]},{"@type":"ImageObject","inLanguage":"es","@id":"https:\/\/www.todanelo.com\/es\/actualidad-juridica\/medidas-tributarias-adoptadas-por-la-generalitat-de-cataluna-en-el-decreto-ley\/#primaryimage","url":"https:\/\/www.todanelo.com\/wp-content\/uploads\/appointment-calendar-agenda-pen-calendar.jpg","contentUrl":"https:\/\/www.todanelo.com\/wp-content\/uploads\/appointment-calendar-agenda-pen-calendar.jpg","width":910,"height":607},{"@type":"BreadcrumbList","@id":"https:\/\/www.todanelo.com\/es\/actualidad-juridica\/medidas-tributarias-adoptadas-por-la-generalitat-de-cataluna-en-el-decreto-ley\/#breadcrumb","itemListElement":[{"@type":"ListItem","position":1,"name":"Inicio","item":"https:\/\/www.todanelo.com\/es\/"},{"@type":"ListItem","position":2,"name":"Actualidad jur\u00eddica","item":"https:\/\/www.todanelo.com\/es\/actualidad-juridica\/"},{"@type":"ListItem","position":3,"name":"Medidas tributarias adoptadas por la Generalitat de Catalu\u00f1a en el decreto ley 11\/2020"}]},{"@type":"WebSite","@id":"https:\/\/www.todanelo.com\/es\/#website","url":"https:\/\/www.todanelo.com\/es\/","name":"Toda &amp; Nel-lo Abogados","description":"Despacho Jur\u00eddico Barcelona y Madrid","publisher":{"@id":"https:\/\/www.todanelo.com\/es\/#organization"},"potentialAction":[{"@type":"SearchAction","target":{"@type":"EntryPoint","urlTemplate":"https:\/\/www.todanelo.com\/es\/?s={search_term_string}"},"query-input":{"@type":"PropertyValueSpecification","valueRequired":true,"valueName":"search_term_string"}}],"inLanguage":"es"},{"@type":"Organization","@id":"https:\/\/www.todanelo.com\/es\/#organization","name":"Toda &amp; Nel-lo Abogados","url":"https:\/\/www.todanelo.com\/es\/","logo":{"@type":"ImageObject","inLanguage":"es","@id":"https:\/\/www.todanelo.com\/es\/#\/schema\/logo\/image\/","url":"https:\/\/www.todanelo.com\/wp-content\/uploads\/logo-todanelo.png","contentUrl":"https:\/\/www.todanelo.com\/wp-content\/uploads\/logo-todanelo.png","width":390,"height":161,"caption":"Toda &amp; Nel-lo Abogados"},"image":{"@id":"https:\/\/www.todanelo.com\/es\/#\/schema\/logo\/image\/"}}]}},"_links":{"self":[{"href":"https:\/\/www.todanelo.com\/es\/wp-json\/wp\/v2\/legal-news\/2924","targetHints":{"allow":["GET"]}}],"collection":[{"href":"https:\/\/www.todanelo.com\/es\/wp-json\/wp\/v2\/legal-news"}],"about":[{"href":"https:\/\/www.todanelo.com\/es\/wp-json\/wp\/v2\/types\/legal-news"}],"version-history":[{"count":0,"href":"https:\/\/www.todanelo.com\/es\/wp-json\/wp\/v2\/legal-news\/2924\/revisions"}],"wp:featuredmedia":[{"embeddable":true,"href":"https:\/\/www.todanelo.com\/es\/wp-json\/wp\/v2\/media\/2925"}],"wp:attachment":[{"href":"https:\/\/www.todanelo.com\/es\/wp-json\/wp\/v2\/media?parent=2924"}],"curies":[{"name":"wp","href":"https:\/\/api.w.org\/{rel}","templated":true}]}}