{"id":2510,"date":"2015-02-05T15:45:00","date_gmt":"2015-02-05T15:45:00","guid":{"rendered":"https:\/\/beta.todanelo.com\/blog\/corporate-defense-prevencion-de-riesgos-penales-para-personas-juridicas-reforma-del-codigo\/"},"modified":"2015-02-05T15:45:00","modified_gmt":"2015-02-05T15:45:00","slug":"corporate-defense-prevencion-de-riesgos-penales-para-personas-juridicas-reforma-del-codigo","status":"publish","type":"post","link":"https:\/\/www.todanelo.com\/en\/noticias\/corporate-defense-prevencion-de-riesgos-penales-para-personas-juridicas-reforma-del-codigo\/","title":{"rendered":"CORPORATE DEFENSE: PREVENCI\u00d3N DE RIESGOS PENALES PARA PERSONAS JUR\u00cdDICAS &#8211; Reforma del C\u00f3digo Penal"},"content":{"rendered":"<p>El Pleno del Congreso de los Diputados aprob\u00f3 el pasado 21 de enero el texto con la reforma de la Ley Org\u00e1nica 10\/1995, de 23 de noviembre, del <strong>C\u00f3digo Penal<\/strong>.<\/p>\n<p>Ha sido un proceso largo y complejo teniendo en cuenta la cantidad de enmiendas presentadas por todos los grupos parlamentarios, pero todo parece indicar que finalmente la esperada reforma ver\u00e1 la luz en marzo de este a\u00f1o.<\/p>\n<p>En el \u00e1rea de la responsabilidad penal corporativa (<strong>\u201cCorporate Defense\u201d<\/strong>) esta reforma tiene una especial importancia debido a varios motivos entre los que destacar\u00edamos:<\/p>\n<ul style=\"margin-left: 40px;\">\n<li><strong>Los programas de prevenci\u00f3n de riesgos penales<\/strong> (tambi\u00e9n conocidos como programas de \u201ccompliance\u201d penal) <strong>exoneran<\/strong> a las personas jur\u00eddicas de la responsabilidad penal por los delitos cometidos en su organizaci\u00f3n.\u00a0<\/li>\n<li>Se establecen los requisitos m\u00ednimos y fundamentales que debe contener un programa de \u201ccompliance\u201d penal para poder considerar que la persona jur\u00eddica cuenta con un modelo de organizaci\u00f3n y control adecuado y acorde al <strong>debido control <\/strong>exigido por el propio C\u00f3digo Penal. \u00a0<\/li>\n<\/ul>\n<p>De esta manera, no cabe duda de que la inminente reforma refuerza la necesidad de todas las entidades jur\u00eddicas de fortalecer su cultura de gesti\u00f3n del riesgo empresarial que deber\u00e1 incluir, sin m\u00e1s dilaci\u00f3n,\u00a0 la prevenci\u00f3n de riesgos penales.<\/p>\n<p>Desde el \u00e1rea de Corporate Defense de Toda &#038; Nel-lo ofrecemos a nuestros clientes la elaboraci\u00f3n de un sistema de prevenci\u00f3n de riesgos penales personalizado para proteger de una posible responsabilidad penal a las entidades jur\u00eddicas as\u00ed como a sus representantes legales, \u00a0administradores, consejeros-delegados y altos directivos.<\/p>\n<p>Para m\u00e1s informaci\u00f3n pueden ponerse en contacto con Jordi Sot Ball-Llosera, Abogado Asociado y Director del \u00e1rea, y Berta Casas Sabata, Abogada, ambos especializados en Corporate Defense, a trav\u00e9s de las siguientes direcciones de correos:<\/p>\n<p>\u00a0<a href=\"mailto:jsot@todanel-lo.com\">jsot@todanel-lo.com<\/a> \u00a0 \u00a0\/ \u00a0 \u00a0\u00a0<a href=\"mailto:bertacasas@todanel-lo.com\">bertacasas@todanel-lo.com<\/a><\/p>\n","protected":false},"excerpt":{"rendered":"<p>El Pleno del Congreso de los Diputados aprob\u00f3 el pasado 21 de enero el texto con la reforma de la Ley Org\u00e1nica 10\/1995, de 23 de noviembre, del C\u00f3digo Penal. &hellip;<\/p>\n","protected":false},"author":1,"featured_media":0,"comment_status":"open","ping_status":"open","sticky":false,"template":"","format":"standard","meta":{"_acf_changed":false,"footnotes":""},"categories":[],"tags":[],"class_list":["post-2510","post","type-post","status-publish","format-standard","hentry"],"acf":[],"yoast_head":"<!-- This site is optimized with the Yoast SEO plugin v27.4 - https:\/\/yoast.com\/product\/yoast-seo-wordpress\/ -->\n<title>CORPORATE DEFENSE: PREVENCI\u00d3N DE RIESGOS PENALES PARA PERSONAS JUR\u00cdDICAS - Reforma del C\u00f3digo Penal - Toda &amp; Nel-lo Abogados<\/title>\n<meta name=\"description\" content=\"El Pleno del Congreso de los Diputados aprob\u00f3 el pasado 21 de enero el texto con la reforma de la Ley Org\u00e1nica 10\/1995, de 23 de noviembre, del C\u00f3digo\" \/>\n<meta name=\"robots\" content=\"index, follow, max-snippet:-1, max-image-preview:large, max-video-preview:-1\" \/>\n<link rel=\"canonical\" href=\"https:\/\/www.todanelo.com\/en\/noticias\/corporate-defense-prevencion-de-riesgos-penales-para-personas-juridicas-reforma-del-codigo\/\" \/>\n<meta property=\"og:locale\" content=\"en_US\" \/>\n<meta property=\"og:type\" content=\"article\" \/>\n<meta property=\"og:title\" content=\"CORPORATE DEFENSE: PREVENCI\u00d3N DE RIESGOS PENALES PARA PERSONAS JUR\u00cdDICAS - Reforma del C\u00f3digo Penal - Toda &amp; Nel-lo Abogados\" \/>\n<meta property=\"og:description\" content=\"El Pleno del Congreso de los Diputados aprob\u00f3 el pasado 21 de enero el texto con la reforma de la Ley Org\u00e1nica 10\/1995, de 23 de noviembre, del C\u00f3digo\" \/>\n<meta property=\"og:url\" content=\"https:\/\/www.todanelo.com\/en\/noticias\/corporate-defense-prevencion-de-riesgos-penales-para-personas-juridicas-reforma-del-codigo\/\" \/>\n<meta property=\"og:site_name\" content=\"Toda &amp; Nel-lo Abogados\" \/>\n<meta property=\"article:published_time\" content=\"2015-02-05T15:45:00+00:00\" \/>\n<meta name=\"author\" content=\"emfasi\" \/>\n<meta name=\"twitter:card\" content=\"summary_large_image\" \/>\n<meta name=\"twitter:label1\" content=\"Written by\" \/>\n\t<meta name=\"twitter:data1\" content=\"emfasi\" \/>\n\t<meta name=\"twitter:label2\" content=\"Est. reading time\" \/>\n\t<meta name=\"twitter:data2\" content=\"2 minutes\" \/>\n<script type=\"application\/ld+json\" class=\"yoast-schema-graph\">{\"@context\":\"https:\\\/\\\/schema.org\",\"@graph\":[{\"@type\":\"Article\",\"@id\":\"https:\\\/\\\/www.todanelo.com\\\/en\\\/noticias\\\/corporate-defense-prevencion-de-riesgos-penales-para-personas-juridicas-reforma-del-codigo\\\/#article\",\"isPartOf\":{\"@id\":\"https:\\\/\\\/www.todanelo.com\\\/en\\\/noticias\\\/corporate-defense-prevencion-de-riesgos-penales-para-personas-juridicas-reforma-del-codigo\\\/\"},\"author\":{\"name\":\"emfasi\",\"@id\":\"https:\\\/\\\/www.todanelo.com\\\/en\\\/#\\\/schema\\\/person\\\/403e6ed9d856044c44f52763ead94c6a\"},\"headline\":\"CORPORATE DEFENSE: PREVENCI\u00d3N DE RIESGOS PENALES PARA PERSONAS JUR\u00cdDICAS &#8211; Reforma del C\u00f3digo Penal\",\"datePublished\":\"2015-02-05T15:45:00+00:00\",\"mainEntityOfPage\":{\"@id\":\"https:\\\/\\\/www.todanelo.com\\\/en\\\/noticias\\\/corporate-defense-prevencion-de-riesgos-penales-para-personas-juridicas-reforma-del-codigo\\\/\"},\"wordCount\":326,\"commentCount\":7,\"publisher\":{\"@id\":\"https:\\\/\\\/www.todanelo.com\\\/en\\\/#organization\"},\"inLanguage\":\"en-US\",\"potentialAction\":[{\"@type\":\"CommentAction\",\"name\":\"Comment\",\"target\":[\"https:\\\/\\\/www.todanelo.com\\\/en\\\/noticias\\\/corporate-defense-prevencion-de-riesgos-penales-para-personas-juridicas-reforma-del-codigo\\\/#respond\"]}]},{\"@type\":\"WebPage\",\"@id\":\"https:\\\/\\\/www.todanelo.com\\\/en\\\/noticias\\\/corporate-defense-prevencion-de-riesgos-penales-para-personas-juridicas-reforma-del-codigo\\\/\",\"url\":\"https:\\\/\\\/www.todanelo.com\\\/en\\\/noticias\\\/corporate-defense-prevencion-de-riesgos-penales-para-personas-juridicas-reforma-del-codigo\\\/\",\"name\":\"CORPORATE DEFENSE: PREVENCI\u00d3N DE RIESGOS PENALES PARA PERSONAS JUR\u00cdDICAS - Reforma del C\u00f3digo Penal - Toda &amp; Nel-lo Abogados\",\"isPartOf\":{\"@id\":\"https:\\\/\\\/www.todanelo.com\\\/en\\\/#website\"},\"datePublished\":\"2015-02-05T15:45:00+00:00\",\"description\":\"El Pleno del Congreso de los Diputados aprob\u00f3 el pasado 21 de enero el texto con la reforma de la Ley Org\u00e1nica 10\\\/1995, de 23 de noviembre, del C\u00f3digo\",\"breadcrumb\":{\"@id\":\"https:\\\/\\\/www.todanelo.com\\\/en\\\/noticias\\\/corporate-defense-prevencion-de-riesgos-penales-para-personas-juridicas-reforma-del-codigo\\\/#breadcrumb\"},\"inLanguage\":\"en-US\",\"potentialAction\":[{\"@type\":\"ReadAction\",\"target\":[\"https:\\\/\\\/www.todanelo.com\\\/en\\\/noticias\\\/corporate-defense-prevencion-de-riesgos-penales-para-personas-juridicas-reforma-del-codigo\\\/\"]}]},{\"@type\":\"BreadcrumbList\",\"@id\":\"https:\\\/\\\/www.todanelo.com\\\/en\\\/noticias\\\/corporate-defense-prevencion-de-riesgos-penales-para-personas-juridicas-reforma-del-codigo\\\/#breadcrumb\",\"itemListElement\":[{\"@type\":\"ListItem\",\"position\":1,\"name\":\"Inicio\",\"item\":\"https:\\\/\\\/www.todanelo.com\\\/en\\\/\"},{\"@type\":\"ListItem\",\"position\":2,\"name\":\"CORPORATE DEFENSE: PREVENCI\u00d3N DE RIESGOS PENALES PARA PERSONAS JUR\u00cdDICAS &#8211; Reforma del C\u00f3digo Penal\"}]},{\"@type\":\"WebSite\",\"@id\":\"https:\\\/\\\/www.todanelo.com\\\/en\\\/#website\",\"url\":\"https:\\\/\\\/www.todanelo.com\\\/en\\\/\",\"name\":\"Toda &amp; Nel-lo Abogados\",\"description\":\"Legal firm in Barcelona and Madrid\",\"publisher\":{\"@id\":\"https:\\\/\\\/www.todanelo.com\\\/en\\\/#organization\"},\"potentialAction\":[{\"@type\":\"SearchAction\",\"target\":{\"@type\":\"EntryPoint\",\"urlTemplate\":\"https:\\\/\\\/www.todanelo.com\\\/en\\\/?s={search_term_string}\"},\"query-input\":{\"@type\":\"PropertyValueSpecification\",\"valueRequired\":true,\"valueName\":\"search_term_string\"}}],\"inLanguage\":\"en-US\"},{\"@type\":\"Organization\",\"@id\":\"https:\\\/\\\/www.todanelo.com\\\/en\\\/#organization\",\"name\":\"Toda &amp; Nel-lo Abogados\",\"url\":\"https:\\\/\\\/www.todanelo.com\\\/en\\\/\",\"logo\":{\"@type\":\"ImageObject\",\"inLanguage\":\"en-US\",\"@id\":\"https:\\\/\\\/www.todanelo.com\\\/en\\\/#\\\/schema\\\/logo\\\/image\\\/\",\"url\":\"https:\\\/\\\/www.todanelo.com\\\/wp-content\\\/uploads\\\/logo-todanelo.png\",\"contentUrl\":\"https:\\\/\\\/www.todanelo.com\\\/wp-content\\\/uploads\\\/logo-todanelo.png\",\"width\":390,\"height\":161,\"caption\":\"Toda &amp; Nel-lo Abogados\"},\"image\":{\"@id\":\"https:\\\/\\\/www.todanelo.com\\\/en\\\/#\\\/schema\\\/logo\\\/image\\\/\"}},{\"@type\":\"Person\",\"@id\":\"https:\\\/\\\/www.todanelo.com\\\/en\\\/#\\\/schema\\\/person\\\/403e6ed9d856044c44f52763ead94c6a\",\"name\":\"emfasi\",\"sameAs\":[\"https:\\\/\\\/www.todanelo.com\"],\"url\":\"https:\\\/\\\/www.todanelo.com\\\/en\\\/noticias\\\/author\\\/emfasi\\\/\"}]}<\/script>\n<!-- \/ Yoast SEO plugin. -->","yoast_head_json":{"title":"CORPORATE DEFENSE: PREVENCI\u00d3N DE RIESGOS PENALES PARA PERSONAS JUR\u00cdDICAS - Reforma del C\u00f3digo Penal - Toda &amp; Nel-lo Abogados","description":"El Pleno del Congreso de los Diputados aprob\u00f3 el pasado 21 de enero el texto con la reforma de la Ley Org\u00e1nica 10\/1995, de 23 de noviembre, del C\u00f3digo","robots":{"index":"index","follow":"follow","max-snippet":"max-snippet:-1","max-image-preview":"max-image-preview:large","max-video-preview":"max-video-preview:-1"},"canonical":"https:\/\/www.todanelo.com\/en\/noticias\/corporate-defense-prevencion-de-riesgos-penales-para-personas-juridicas-reforma-del-codigo\/","og_locale":"en_US","og_type":"article","og_title":"CORPORATE DEFENSE: PREVENCI\u00d3N DE RIESGOS PENALES PARA PERSONAS JUR\u00cdDICAS - Reforma del C\u00f3digo Penal - Toda &amp; Nel-lo Abogados","og_description":"El Pleno del Congreso de los Diputados aprob\u00f3 el pasado 21 de enero el texto con la reforma de la Ley Org\u00e1nica 10\/1995, de 23 de noviembre, del C\u00f3digo","og_url":"https:\/\/www.todanelo.com\/en\/noticias\/corporate-defense-prevencion-de-riesgos-penales-para-personas-juridicas-reforma-del-codigo\/","og_site_name":"Toda &amp; Nel-lo Abogados","article_published_time":"2015-02-05T15:45:00+00:00","author":"emfasi","twitter_card":"summary_large_image","twitter_misc":{"Written by":"emfasi","Est. reading time":"2 minutes"},"schema":{"@context":"https:\/\/schema.org","@graph":[{"@type":"Article","@id":"https:\/\/www.todanelo.com\/en\/noticias\/corporate-defense-prevencion-de-riesgos-penales-para-personas-juridicas-reforma-del-codigo\/#article","isPartOf":{"@id":"https:\/\/www.todanelo.com\/en\/noticias\/corporate-defense-prevencion-de-riesgos-penales-para-personas-juridicas-reforma-del-codigo\/"},"author":{"name":"emfasi","@id":"https:\/\/www.todanelo.com\/en\/#\/schema\/person\/403e6ed9d856044c44f52763ead94c6a"},"headline":"CORPORATE DEFENSE: PREVENCI\u00d3N DE RIESGOS PENALES PARA PERSONAS JUR\u00cdDICAS &#8211; Reforma del C\u00f3digo Penal","datePublished":"2015-02-05T15:45:00+00:00","mainEntityOfPage":{"@id":"https:\/\/www.todanelo.com\/en\/noticias\/corporate-defense-prevencion-de-riesgos-penales-para-personas-juridicas-reforma-del-codigo\/"},"wordCount":326,"commentCount":7,"publisher":{"@id":"https:\/\/www.todanelo.com\/en\/#organization"},"inLanguage":"en-US","potentialAction":[{"@type":"CommentAction","name":"Comment","target":["https:\/\/www.todanelo.com\/en\/noticias\/corporate-defense-prevencion-de-riesgos-penales-para-personas-juridicas-reforma-del-codigo\/#respond"]}]},{"@type":"WebPage","@id":"https:\/\/www.todanelo.com\/en\/noticias\/corporate-defense-prevencion-de-riesgos-penales-para-personas-juridicas-reforma-del-codigo\/","url":"https:\/\/www.todanelo.com\/en\/noticias\/corporate-defense-prevencion-de-riesgos-penales-para-personas-juridicas-reforma-del-codigo\/","name":"CORPORATE DEFENSE: PREVENCI\u00d3N DE RIESGOS PENALES PARA PERSONAS JUR\u00cdDICAS - Reforma del C\u00f3digo Penal - Toda &amp; Nel-lo Abogados","isPartOf":{"@id":"https:\/\/www.todanelo.com\/en\/#website"},"datePublished":"2015-02-05T15:45:00+00:00","description":"El Pleno del Congreso de los Diputados aprob\u00f3 el pasado 21 de enero el texto con la reforma de la Ley Org\u00e1nica 10\/1995, de 23 de noviembre, del C\u00f3digo","breadcrumb":{"@id":"https:\/\/www.todanelo.com\/en\/noticias\/corporate-defense-prevencion-de-riesgos-penales-para-personas-juridicas-reforma-del-codigo\/#breadcrumb"},"inLanguage":"en-US","potentialAction":[{"@type":"ReadAction","target":["https:\/\/www.todanelo.com\/en\/noticias\/corporate-defense-prevencion-de-riesgos-penales-para-personas-juridicas-reforma-del-codigo\/"]}]},{"@type":"BreadcrumbList","@id":"https:\/\/www.todanelo.com\/en\/noticias\/corporate-defense-prevencion-de-riesgos-penales-para-personas-juridicas-reforma-del-codigo\/#breadcrumb","itemListElement":[{"@type":"ListItem","position":1,"name":"Inicio","item":"https:\/\/www.todanelo.com\/en\/"},{"@type":"ListItem","position":2,"name":"CORPORATE DEFENSE: PREVENCI\u00d3N DE RIESGOS PENALES PARA PERSONAS JUR\u00cdDICAS &#8211; Reforma del C\u00f3digo Penal"}]},{"@type":"WebSite","@id":"https:\/\/www.todanelo.com\/en\/#website","url":"https:\/\/www.todanelo.com\/en\/","name":"Toda &amp; Nel-lo Abogados","description":"Legal firm in Barcelona and Madrid","publisher":{"@id":"https:\/\/www.todanelo.com\/en\/#organization"},"potentialAction":[{"@type":"SearchAction","target":{"@type":"EntryPoint","urlTemplate":"https:\/\/www.todanelo.com\/en\/?s={search_term_string}"},"query-input":{"@type":"PropertyValueSpecification","valueRequired":true,"valueName":"search_term_string"}}],"inLanguage":"en-US"},{"@type":"Organization","@id":"https:\/\/www.todanelo.com\/en\/#organization","name":"Toda &amp; Nel-lo Abogados","url":"https:\/\/www.todanelo.com\/en\/","logo":{"@type":"ImageObject","inLanguage":"en-US","@id":"https:\/\/www.todanelo.com\/en\/#\/schema\/logo\/image\/","url":"https:\/\/www.todanelo.com\/wp-content\/uploads\/logo-todanelo.png","contentUrl":"https:\/\/www.todanelo.com\/wp-content\/uploads\/logo-todanelo.png","width":390,"height":161,"caption":"Toda &amp; Nel-lo Abogados"},"image":{"@id":"https:\/\/www.todanelo.com\/en\/#\/schema\/logo\/image\/"}},{"@type":"Person","@id":"https:\/\/www.todanelo.com\/en\/#\/schema\/person\/403e6ed9d856044c44f52763ead94c6a","name":"emfasi","sameAs":["https:\/\/www.todanelo.com"],"url":"https:\/\/www.todanelo.com\/en\/noticias\/author\/emfasi\/"}]}},"_links":{"self":[{"href":"https:\/\/www.todanelo.com\/en\/wp-json\/wp\/v2\/posts\/2510","targetHints":{"allow":["GET"]}}],"collection":[{"href":"https:\/\/www.todanelo.com\/en\/wp-json\/wp\/v2\/posts"}],"about":[{"href":"https:\/\/www.todanelo.com\/en\/wp-json\/wp\/v2\/types\/post"}],"author":[{"embeddable":true,"href":"https:\/\/www.todanelo.com\/en\/wp-json\/wp\/v2\/users\/1"}],"replies":[{"embeddable":true,"href":"https:\/\/www.todanelo.com\/en\/wp-json\/wp\/v2\/comments?post=2510"}],"version-history":[{"count":0,"href":"https:\/\/www.todanelo.com\/en\/wp-json\/wp\/v2\/posts\/2510\/revisions"}],"wp:attachment":[{"href":"https:\/\/www.todanelo.com\/en\/wp-json\/wp\/v2\/media?parent=2510"}],"wp:term":[{"taxonomy":"category","embeddable":true,"href":"https:\/\/www.todanelo.com\/en\/wp-json\/wp\/v2\/categories?post=2510"},{"taxonomy":"post_tag","embeddable":true,"href":"https:\/\/www.todanelo.com\/en\/wp-json\/wp\/v2\/tags?post=2510"}],"curies":[{"name":"wp","href":"https:\/\/api.w.org\/{rel}","templated":true}]}}