{"id":2507,"date":"2015-05-29T11:00:00","date_gmt":"2015-05-29T11:00:00","guid":{"rendered":"https:\/\/beta.todanelo.com\/blog\/toda-nel-lo-abogados-acogera-la-asamblea-de-la-red-internacional-de-notarios-y-abogados\/"},"modified":"2015-05-29T11:00:00","modified_gmt":"2015-05-29T11:00:00","slug":"toda-nel-lo-abogados-acogera-la-asamblea-de-la-red-internacional-de-notarios-y-abogados","status":"publish","type":"post","link":"https:\/\/www.todanelo.com\/en\/noticias\/toda-nel-lo-abogados-acogera-la-asamblea-de-la-red-internacional-de-notarios-y-abogados\/","title":{"rendered":"TODA &#038; NEL-LO ABOGADOS ACOGER\u00c1 LA ASAMBLEA DE LA RED INTERNACIONAL DE NOTARIOS Y ABOGADOS MONASSIER"},"content":{"rendered":"<p>La firma de abogados Toda &#038; Nel-lo ser\u00e1 la anfitriona de la Asamblea de socios de Groupe Monassier que se celebrar\u00e1 en Barcelona entre el 11 y el 14 de junio.<\/p>\n<p>Toda &#038; Nel-lo Abogados es miembro de la red internacional Monassier, que agrupa a m\u00e1s de 800 profesionales (notarios, abogados y asesores). Groupe Monassier ha elegido la ciudad Condal para este encuentro.<\/p>\n<p>Groupe Monassier es la primera asociaci\u00f3n de notarios en Francia, compuesta por 28 despachos en territorio franc\u00e9s, 14 miembros en el extranjero e integrada por 800 profesionales del sector legal,\u00a0 notarios, abogados y asesores.\u00a0 Toda &#038; Nel-lo Abogados forma parte de esta red desde el a\u00f1o 2013.<\/p>\n<p>El encuentro englobar\u00e1 varias actividades, entre las que destacan las jornadas dirigidas, por un lado, a empresas espa\u00f1olas que deseen conocer los aspectos a tener en cuenta para invertir en Francia, y por otro, a los directivos de empresas francesas implantadas en Espa\u00f1a.<\/p>\n<p>En la jornada dirigida a quienes deseen invertir en Francia, representantes de Toda &#038; Nel-lo Abogados, Groupe Monassier, la Embajada de Francia, la entidad estatal Business France, La Caixa y la C\u00e1mara de Comercio de Barcelona,\u00a0 ofrecer\u00e1n\u00a0 su visi\u00f3n\u00a0 experta respectivamente sobre las aspectos legales clave, los mecanismos de financiaci\u00f3n para la expansi\u00f3n exterior y las oportunidades de negocio en el pa\u00eds vecino. Este encuentro tendr\u00e1 lugar el 10 de junio en el Edificio Media-TIC de Barcelona. <strong>Consulte el programa completo <a href=\"http:\/\/www.todanel-lo.com\/es\/noticias\/expandirse-en-francia-una-oportunidad-repensar\" target=\"_blank\" rel=\"noopener\">AQU\u00cd.<\/a><\/strong><\/p>\n<p>La segunda jornada, tiene por objeto informar al empresario franc\u00e9s, con inversiones localizadas en Espa\u00f1a, acerca del nuevo r\u00e9gimen de responsabilidad de las sociedades mercantiles y de sus dirigentes, as\u00ed como sobre las posibilidades de reorganizaci\u00f3n del estatuto personal del directivo ante situaciones de plurinacionalidad familiar y patrimonial. Este coloquio est\u00e1 previsto para el d\u00eda 11 de junio en el C\u00edrculo Ecuestre de Barcelona. <strong>Consulte el programa completo <a href=\"http:\/\/www.todanel-lo.com\/es\/noticias\/la-empresa-francesa-en-espana-y-sus-dirigentes\" target=\"_blank\" rel=\"noopener\">AQU\u00cd<\/a>.<\/strong><\/p>\n<p>Toda &#038; Nel-lo Abogados asesora a numerosas empresas francesas con intereses en Espa\u00f1a y a empresarios locales que invierten en Francia. Adem\u00e1s, a trav\u00e9s de la red Monassier puede ofrecer apoyo legal a quienes deciden invertir en \u00c1frica, un continente con enorme potencial de crecimiento y al que cada vez miran con mayor inter\u00e9s las empresas espa\u00f1olas.<\/p>\n","protected":false},"excerpt":{"rendered":"<p>La firma de abogados Toda &#038; Nel-lo ser\u00e1 la anfitriona de la Asamblea de socios de Groupe Monassier que se celebrar\u00e1 en Barcelona entre el 11 y el 14 de &hellip;<\/p>\n","protected":false},"author":1,"featured_media":0,"comment_status":"open","ping_status":"open","sticky":false,"template":"","format":"standard","meta":{"_acf_changed":false,"footnotes":""},"categories":[],"tags":[],"class_list":["post-2507","post","type-post","status-publish","format-standard","hentry"],"acf":[],"yoast_head":"<!-- This site is optimized with the Yoast SEO plugin v27.4 - https:\/\/yoast.com\/product\/yoast-seo-wordpress\/ -->\n<title>TODA &amp; NEL-LO ABOGADOS ACOGER\u00c1 LA ASAMBLEA DE LA RED INTERNACIONAL DE NOTARIOS Y ABOGADOS MONASSIER - Toda &amp; Nel-lo Abogados<\/title>\n<meta name=\"description\" content=\"La firma de abogados Toda &amp; Nel-lo ser\u00e1 la anfitriona de la Asamblea de socios de Groupe Monassier que se celebrar\u00e1 en Barcelona entre el 11 y el 14 de\" \/>\n<meta name=\"robots\" content=\"index, follow, max-snippet:-1, max-image-preview:large, max-video-preview:-1\" \/>\n<link rel=\"canonical\" href=\"https:\/\/www.todanelo.com\/en\/noticias\/toda-nel-lo-abogados-acogera-la-asamblea-de-la-red-internacional-de-notarios-y-abogados\/\" \/>\n<meta property=\"og:locale\" content=\"en_US\" \/>\n<meta property=\"og:type\" content=\"article\" \/>\n<meta property=\"og:title\" content=\"TODA &amp; NEL-LO ABOGADOS ACOGER\u00c1 LA ASAMBLEA DE LA RED INTERNACIONAL DE NOTARIOS Y ABOGADOS MONASSIER - Toda &amp; Nel-lo Abogados\" \/>\n<meta property=\"og:description\" content=\"La firma de abogados Toda &amp; Nel-lo ser\u00e1 la anfitriona de la Asamblea de socios de Groupe Monassier que se celebrar\u00e1 en Barcelona entre el 11 y el 14 de\" \/>\n<meta property=\"og:url\" content=\"https:\/\/www.todanelo.com\/en\/noticias\/toda-nel-lo-abogados-acogera-la-asamblea-de-la-red-internacional-de-notarios-y-abogados\/\" \/>\n<meta property=\"og:site_name\" content=\"Toda &amp; Nel-lo Abogados\" \/>\n<meta property=\"article:published_time\" content=\"2015-05-29T11:00:00+00:00\" \/>\n<meta name=\"author\" content=\"emfasi\" \/>\n<meta name=\"twitter:card\" content=\"summary_large_image\" \/>\n<meta name=\"twitter:label1\" content=\"Written by\" \/>\n\t<meta name=\"twitter:data1\" content=\"emfasi\" \/>\n\t<meta name=\"twitter:label2\" content=\"Est. reading time\" \/>\n\t<meta name=\"twitter:data2\" content=\"2 minutes\" \/>\n<script type=\"application\/ld+json\" class=\"yoast-schema-graph\">{\"@context\":\"https:\\\/\\\/schema.org\",\"@graph\":[{\"@type\":\"Article\",\"@id\":\"https:\\\/\\\/www.todanelo.com\\\/en\\\/noticias\\\/toda-nel-lo-abogados-acogera-la-asamblea-de-la-red-internacional-de-notarios-y-abogados\\\/#article\",\"isPartOf\":{\"@id\":\"https:\\\/\\\/www.todanelo.com\\\/en\\\/noticias\\\/toda-nel-lo-abogados-acogera-la-asamblea-de-la-red-internacional-de-notarios-y-abogados\\\/\"},\"author\":{\"name\":\"emfasi\",\"@id\":\"https:\\\/\\\/www.todanelo.com\\\/en\\\/#\\\/schema\\\/person\\\/403e6ed9d856044c44f52763ead94c6a\"},\"headline\":\"TODA &#038; NEL-LO ABOGADOS ACOGER\u00c1 LA ASAMBLEA DE LA RED INTERNACIONAL DE NOTARIOS Y ABOGADOS MONASSIER\",\"datePublished\":\"2015-05-29T11:00:00+00:00\",\"mainEntityOfPage\":{\"@id\":\"https:\\\/\\\/www.todanelo.com\\\/en\\\/noticias\\\/toda-nel-lo-abogados-acogera-la-asamblea-de-la-red-internacional-de-notarios-y-abogados\\\/\"},\"wordCount\":385,\"commentCount\":6,\"publisher\":{\"@id\":\"https:\\\/\\\/www.todanelo.com\\\/en\\\/#organization\"},\"inLanguage\":\"en-US\",\"potentialAction\":[{\"@type\":\"CommentAction\",\"name\":\"Comment\",\"target\":[\"https:\\\/\\\/www.todanelo.com\\\/en\\\/noticias\\\/toda-nel-lo-abogados-acogera-la-asamblea-de-la-red-internacional-de-notarios-y-abogados\\\/#respond\"]}]},{\"@type\":\"WebPage\",\"@id\":\"https:\\\/\\\/www.todanelo.com\\\/en\\\/noticias\\\/toda-nel-lo-abogados-acogera-la-asamblea-de-la-red-internacional-de-notarios-y-abogados\\\/\",\"url\":\"https:\\\/\\\/www.todanelo.com\\\/en\\\/noticias\\\/toda-nel-lo-abogados-acogera-la-asamblea-de-la-red-internacional-de-notarios-y-abogados\\\/\",\"name\":\"TODA & NEL-LO ABOGADOS ACOGER\u00c1 LA ASAMBLEA DE LA RED INTERNACIONAL DE NOTARIOS Y ABOGADOS MONASSIER - Toda &amp; Nel-lo Abogados\",\"isPartOf\":{\"@id\":\"https:\\\/\\\/www.todanelo.com\\\/en\\\/#website\"},\"datePublished\":\"2015-05-29T11:00:00+00:00\",\"description\":\"La firma de abogados Toda & Nel-lo ser\u00e1 la anfitriona de la Asamblea de socios de Groupe Monassier que se celebrar\u00e1 en Barcelona entre el 11 y el 14 de\",\"breadcrumb\":{\"@id\":\"https:\\\/\\\/www.todanelo.com\\\/en\\\/noticias\\\/toda-nel-lo-abogados-acogera-la-asamblea-de-la-red-internacional-de-notarios-y-abogados\\\/#breadcrumb\"},\"inLanguage\":\"en-US\",\"potentialAction\":[{\"@type\":\"ReadAction\",\"target\":[\"https:\\\/\\\/www.todanelo.com\\\/en\\\/noticias\\\/toda-nel-lo-abogados-acogera-la-asamblea-de-la-red-internacional-de-notarios-y-abogados\\\/\"]}]},{\"@type\":\"BreadcrumbList\",\"@id\":\"https:\\\/\\\/www.todanelo.com\\\/en\\\/noticias\\\/toda-nel-lo-abogados-acogera-la-asamblea-de-la-red-internacional-de-notarios-y-abogados\\\/#breadcrumb\",\"itemListElement\":[{\"@type\":\"ListItem\",\"position\":1,\"name\":\"Inicio\",\"item\":\"https:\\\/\\\/www.todanelo.com\\\/en\\\/\"},{\"@type\":\"ListItem\",\"position\":2,\"name\":\"TODA &#038; NEL-LO ABOGADOS ACOGER\u00c1 LA ASAMBLEA DE LA RED INTERNACIONAL DE NOTARIOS Y ABOGADOS MONASSIER\"}]},{\"@type\":\"WebSite\",\"@id\":\"https:\\\/\\\/www.todanelo.com\\\/en\\\/#website\",\"url\":\"https:\\\/\\\/www.todanelo.com\\\/en\\\/\",\"name\":\"Toda &amp; Nel-lo Abogados\",\"description\":\"Legal firm in Barcelona and Madrid\",\"publisher\":{\"@id\":\"https:\\\/\\\/www.todanelo.com\\\/en\\\/#organization\"},\"potentialAction\":[{\"@type\":\"SearchAction\",\"target\":{\"@type\":\"EntryPoint\",\"urlTemplate\":\"https:\\\/\\\/www.todanelo.com\\\/en\\\/?s={search_term_string}\"},\"query-input\":{\"@type\":\"PropertyValueSpecification\",\"valueRequired\":true,\"valueName\":\"search_term_string\"}}],\"inLanguage\":\"en-US\"},{\"@type\":\"Organization\",\"@id\":\"https:\\\/\\\/www.todanelo.com\\\/en\\\/#organization\",\"name\":\"Toda &amp; Nel-lo Abogados\",\"url\":\"https:\\\/\\\/www.todanelo.com\\\/en\\\/\",\"logo\":{\"@type\":\"ImageObject\",\"inLanguage\":\"en-US\",\"@id\":\"https:\\\/\\\/www.todanelo.com\\\/en\\\/#\\\/schema\\\/logo\\\/image\\\/\",\"url\":\"https:\\\/\\\/www.todanelo.com\\\/wp-content\\\/uploads\\\/logo-todanelo.png\",\"contentUrl\":\"https:\\\/\\\/www.todanelo.com\\\/wp-content\\\/uploads\\\/logo-todanelo.png\",\"width\":390,\"height\":161,\"caption\":\"Toda &amp; Nel-lo Abogados\"},\"image\":{\"@id\":\"https:\\\/\\\/www.todanelo.com\\\/en\\\/#\\\/schema\\\/logo\\\/image\\\/\"}},{\"@type\":\"Person\",\"@id\":\"https:\\\/\\\/www.todanelo.com\\\/en\\\/#\\\/schema\\\/person\\\/403e6ed9d856044c44f52763ead94c6a\",\"name\":\"emfasi\",\"sameAs\":[\"https:\\\/\\\/www.todanelo.com\"],\"url\":\"https:\\\/\\\/www.todanelo.com\\\/en\\\/noticias\\\/author\\\/emfasi\\\/\"}]}<\/script>\n<!-- \/ Yoast SEO plugin. -->","yoast_head_json":{"title":"TODA & NEL-LO ABOGADOS ACOGER\u00c1 LA ASAMBLEA DE LA RED INTERNACIONAL DE NOTARIOS Y ABOGADOS MONASSIER - Toda &amp; Nel-lo Abogados","description":"La firma de abogados Toda & Nel-lo ser\u00e1 la anfitriona de la Asamblea de socios de Groupe Monassier que se celebrar\u00e1 en Barcelona entre el 11 y el 14 de","robots":{"index":"index","follow":"follow","max-snippet":"max-snippet:-1","max-image-preview":"max-image-preview:large","max-video-preview":"max-video-preview:-1"},"canonical":"https:\/\/www.todanelo.com\/en\/noticias\/toda-nel-lo-abogados-acogera-la-asamblea-de-la-red-internacional-de-notarios-y-abogados\/","og_locale":"en_US","og_type":"article","og_title":"TODA & NEL-LO ABOGADOS ACOGER\u00c1 LA ASAMBLEA DE LA RED INTERNACIONAL DE NOTARIOS Y ABOGADOS MONASSIER - Toda &amp; Nel-lo Abogados","og_description":"La firma de abogados Toda & Nel-lo ser\u00e1 la anfitriona de la Asamblea de socios de Groupe Monassier que se celebrar\u00e1 en Barcelona entre el 11 y el 14 de","og_url":"https:\/\/www.todanelo.com\/en\/noticias\/toda-nel-lo-abogados-acogera-la-asamblea-de-la-red-internacional-de-notarios-y-abogados\/","og_site_name":"Toda &amp; Nel-lo Abogados","article_published_time":"2015-05-29T11:00:00+00:00","author":"emfasi","twitter_card":"summary_large_image","twitter_misc":{"Written by":"emfasi","Est. reading time":"2 minutes"},"schema":{"@context":"https:\/\/schema.org","@graph":[{"@type":"Article","@id":"https:\/\/www.todanelo.com\/en\/noticias\/toda-nel-lo-abogados-acogera-la-asamblea-de-la-red-internacional-de-notarios-y-abogados\/#article","isPartOf":{"@id":"https:\/\/www.todanelo.com\/en\/noticias\/toda-nel-lo-abogados-acogera-la-asamblea-de-la-red-internacional-de-notarios-y-abogados\/"},"author":{"name":"emfasi","@id":"https:\/\/www.todanelo.com\/en\/#\/schema\/person\/403e6ed9d856044c44f52763ead94c6a"},"headline":"TODA &#038; NEL-LO ABOGADOS ACOGER\u00c1 LA ASAMBLEA DE LA RED INTERNACIONAL DE NOTARIOS Y ABOGADOS MONASSIER","datePublished":"2015-05-29T11:00:00+00:00","mainEntityOfPage":{"@id":"https:\/\/www.todanelo.com\/en\/noticias\/toda-nel-lo-abogados-acogera-la-asamblea-de-la-red-internacional-de-notarios-y-abogados\/"},"wordCount":385,"commentCount":6,"publisher":{"@id":"https:\/\/www.todanelo.com\/en\/#organization"},"inLanguage":"en-US","potentialAction":[{"@type":"CommentAction","name":"Comment","target":["https:\/\/www.todanelo.com\/en\/noticias\/toda-nel-lo-abogados-acogera-la-asamblea-de-la-red-internacional-de-notarios-y-abogados\/#respond"]}]},{"@type":"WebPage","@id":"https:\/\/www.todanelo.com\/en\/noticias\/toda-nel-lo-abogados-acogera-la-asamblea-de-la-red-internacional-de-notarios-y-abogados\/","url":"https:\/\/www.todanelo.com\/en\/noticias\/toda-nel-lo-abogados-acogera-la-asamblea-de-la-red-internacional-de-notarios-y-abogados\/","name":"TODA & NEL-LO ABOGADOS ACOGER\u00c1 LA ASAMBLEA DE LA RED INTERNACIONAL DE NOTARIOS Y ABOGADOS MONASSIER - Toda &amp; Nel-lo Abogados","isPartOf":{"@id":"https:\/\/www.todanelo.com\/en\/#website"},"datePublished":"2015-05-29T11:00:00+00:00","description":"La firma de abogados Toda & Nel-lo ser\u00e1 la anfitriona de la Asamblea de socios de Groupe Monassier que se celebrar\u00e1 en Barcelona entre el 11 y el 14 de","breadcrumb":{"@id":"https:\/\/www.todanelo.com\/en\/noticias\/toda-nel-lo-abogados-acogera-la-asamblea-de-la-red-internacional-de-notarios-y-abogados\/#breadcrumb"},"inLanguage":"en-US","potentialAction":[{"@type":"ReadAction","target":["https:\/\/www.todanelo.com\/en\/noticias\/toda-nel-lo-abogados-acogera-la-asamblea-de-la-red-internacional-de-notarios-y-abogados\/"]}]},{"@type":"BreadcrumbList","@id":"https:\/\/www.todanelo.com\/en\/noticias\/toda-nel-lo-abogados-acogera-la-asamblea-de-la-red-internacional-de-notarios-y-abogados\/#breadcrumb","itemListElement":[{"@type":"ListItem","position":1,"name":"Inicio","item":"https:\/\/www.todanelo.com\/en\/"},{"@type":"ListItem","position":2,"name":"TODA &#038; NEL-LO ABOGADOS ACOGER\u00c1 LA ASAMBLEA DE LA RED INTERNACIONAL DE NOTARIOS Y ABOGADOS MONASSIER"}]},{"@type":"WebSite","@id":"https:\/\/www.todanelo.com\/en\/#website","url":"https:\/\/www.todanelo.com\/en\/","name":"Toda &amp; Nel-lo Abogados","description":"Legal firm in Barcelona and Madrid","publisher":{"@id":"https:\/\/www.todanelo.com\/en\/#organization"},"potentialAction":[{"@type":"SearchAction","target":{"@type":"EntryPoint","urlTemplate":"https:\/\/www.todanelo.com\/en\/?s={search_term_string}"},"query-input":{"@type":"PropertyValueSpecification","valueRequired":true,"valueName":"search_term_string"}}],"inLanguage":"en-US"},{"@type":"Organization","@id":"https:\/\/www.todanelo.com\/en\/#organization","name":"Toda &amp; Nel-lo Abogados","url":"https:\/\/www.todanelo.com\/en\/","logo":{"@type":"ImageObject","inLanguage":"en-US","@id":"https:\/\/www.todanelo.com\/en\/#\/schema\/logo\/image\/","url":"https:\/\/www.todanelo.com\/wp-content\/uploads\/logo-todanelo.png","contentUrl":"https:\/\/www.todanelo.com\/wp-content\/uploads\/logo-todanelo.png","width":390,"height":161,"caption":"Toda &amp; Nel-lo Abogados"},"image":{"@id":"https:\/\/www.todanelo.com\/en\/#\/schema\/logo\/image\/"}},{"@type":"Person","@id":"https:\/\/www.todanelo.com\/en\/#\/schema\/person\/403e6ed9d856044c44f52763ead94c6a","name":"emfasi","sameAs":["https:\/\/www.todanelo.com"],"url":"https:\/\/www.todanelo.com\/en\/noticias\/author\/emfasi\/"}]}},"_links":{"self":[{"href":"https:\/\/www.todanelo.com\/en\/wp-json\/wp\/v2\/posts\/2507","targetHints":{"allow":["GET"]}}],"collection":[{"href":"https:\/\/www.todanelo.com\/en\/wp-json\/wp\/v2\/posts"}],"about":[{"href":"https:\/\/www.todanelo.com\/en\/wp-json\/wp\/v2\/types\/post"}],"author":[{"embeddable":true,"href":"https:\/\/www.todanelo.com\/en\/wp-json\/wp\/v2\/users\/1"}],"replies":[{"embeddable":true,"href":"https:\/\/www.todanelo.com\/en\/wp-json\/wp\/v2\/comments?post=2507"}],"version-history":[{"count":0,"href":"https:\/\/www.todanelo.com\/en\/wp-json\/wp\/v2\/posts\/2507\/revisions"}],"wp:attachment":[{"href":"https:\/\/www.todanelo.com\/en\/wp-json\/wp\/v2\/media?parent=2507"}],"wp:term":[{"taxonomy":"category","embeddable":true,"href":"https:\/\/www.todanelo.com\/en\/wp-json\/wp\/v2\/categories?post=2507"},{"taxonomy":"post_tag","embeddable":true,"href":"https:\/\/www.todanelo.com\/en\/wp-json\/wp\/v2\/tags?post=2507"}],"curies":[{"name":"wp","href":"https:\/\/api.w.org\/{rel}","templated":true}]}}