{"id":2504,"date":"2015-06-18T16:00:00","date_gmt":"2015-06-18T16:00:00","guid":{"rendered":"https:\/\/beta.todanelo.com\/blog\/toda-nel-lo-abogados-anfitriona-de-la-asamblea-de-groupe-monassier\/"},"modified":"2015-06-18T16:00:00","modified_gmt":"2015-06-18T16:00:00","slug":"toda-nel-lo-abogados-anfitriona-de-la-asamblea-de-groupe-monassier","status":"publish","type":"post","link":"https:\/\/www.todanelo.com\/en\/noticias\/toda-nel-lo-abogados-anfitriona-de-la-asamblea-de-groupe-monassier\/","title":{"rendered":"TODA &#038; NEL-LO ABOGADOS, ANFITRIONA DE LA ASAMBLEA DE GROUPE MONASSIER"},"content":{"rendered":"<p>Groupe Monassier, la primera asociaci\u00f3n de notarios en Francia con m\u00e1s de 800 profesionales entre notarios, abogados y asesores, celebr\u00f3 su Asamblea General en Barcelona del 11 al 14 de junio.<\/p>\n<p>Con motivo del encuentro, Toda &#038; Nel-lo Abogados organiz\u00f3 dos jornadas los d\u00edas 10 y 11 de junio contando con las ponencias de la Embajada de Francia, la entidad estatal Business France, CaixaBank, La C\u00e1mara de Comercio de Barcelona, el Ayuntamiento de Barcelona y el propio Groupe Monassier.<\/p>\n<p>Las jornadas se dirigieron tanto a empresas espa\u00f1olas que desean invertir en Francia como a los directivos de empresas francesas implantadas en Espa\u00f1a y\u00a0la ocasi\u00f3n fue inmejorable para solemnizar la colaboraci\u00f3n que Toda &#038; Nel-lo Abogados ha establecido con el Groupe Monassier. Asimismo, las sesiones de trabajo que tuvieron lugar durante las dos intensas jornadas pusieron de relieve el enorme potencial que albergan las sinergias entre los mercados espa\u00f1ol y franc\u00e9s, en cuya vertiente legal Toda &#038; Nel-lo Abogados (junto con la firma gala) se encuentra en plena disposici\u00f3n de acompa\u00f1ar a sus clientes con plenas garant\u00edas de profesionalidad y rigor.<\/p>\n<p><img decoding=\"async\" alt=\"\" src=\"\/wp-content\/uploads\/common\/bcf012472_rc.jpg\" style=\"font-size: 13.0080003738403px; line-height: 1.538em; width: 850px; height: 633px;\" \/><\/p>\n<p><span style=\"font-size: 13.0080003738403px; line-height: 1.538em;\">Sesi\u00f3n:\u00a0<\/span><strong style=\"font-size: 13.0080003738403px; line-height: 1.538em;\">La empresa francesa en Espa\u00f1a y sus dirigentes<\/strong><\/p>\n<p>Cambra de Comercio de Barcelona, edificio MediaTic \u00a0 \u00a0 \u00a0 \u00a0 \u00a0 \u00a0 \u00a0 \u00a0 \u00a0 \u00a0 \u00a0 \u00a0 \u00a0 \u00a0 \u00a0 \u00a0 \u00a0 \u00a0 \u00a0 \u00a0 \u00a0 \u00a0 \u00a0 \u00a0<\/p>\n<p>10 de junio de 2015 \u00a0 \u00a0 \u00a0 \u00a0 \u00a0 \u00a0 \u00a0 \u00a0 \u00a0 \u00a0 \u00a0 \u00a0 \u00a0 \u00a0 \u00a0 \u00a0 \u00a0 \u00a0 \u00a0 \u00a0 \u00a0 \u00a0 \u00a0 \u00a0 \u00a0 \u00a0 \u00a0 \u00a0 \u00a0 \u00a0 \u00a0 \u00a0 \u00a0 \u00a0 \u00a0 \u00a0 \u00a0 \u00a0 \u00a0 \u00a0 \u00a0 \u00a0 \u00a0 \u00a0 \u00a0 \u00a0 \u00a0 \u00a0 \u00a0\u00a0<\/p>\n<p>\u00a0<img decoding=\"async\" alt=\"\" src=\"\/wp-content\/uploads\/common\/bcf012487_rc.jpg\" style=\"width: 850px; height: 633px;\" \/><\/p>\n<p>Sesi\u00f3n: <strong>La empresa francesa en Espa\u00f1a y sus dirigentes<\/strong><\/p>\n<p>C\u00edrculo Ecuestre, Barcelona<\/p>\n<p>11 de junio de 2015<\/p>\n","protected":false},"excerpt":{"rendered":"<p>Groupe Monassier, la primera asociaci\u00f3n de notarios en Francia con m\u00e1s de 800 profesionales entre notarios, abogados y asesores, celebr\u00f3 su Asamblea General en Barcelona del 11 al 14 de &hellip;<\/p>\n","protected":false},"author":1,"featured_media":0,"comment_status":"open","ping_status":"open","sticky":false,"template":"","format":"standard","meta":{"_acf_changed":false,"footnotes":""},"categories":[],"tags":[],"class_list":["post-2504","post","type-post","status-publish","format-standard","hentry"],"acf":[],"yoast_head":"<!-- This site is optimized with the Yoast SEO plugin v27.4 - https:\/\/yoast.com\/product\/yoast-seo-wordpress\/ -->\n<title>TODA &amp; NEL-LO ABOGADOS, ANFITRIONA DE LA ASAMBLEA DE GROUPE MONASSIER - Toda &amp; Nel-lo Abogados<\/title>\n<meta name=\"description\" content=\"Groupe Monassier, la primera asociaci\u00f3n de notarios en Francia con m\u00e1s de 800 profesionales entre notarios, abogados y asesores, celebr\u00f3 su Asamblea\" \/>\n<meta name=\"robots\" content=\"index, follow, max-snippet:-1, max-image-preview:large, max-video-preview:-1\" \/>\n<link rel=\"canonical\" href=\"https:\/\/www.todanelo.com\/en\/noticias\/toda-nel-lo-abogados-anfitriona-de-la-asamblea-de-groupe-monassier\/\" \/>\n<meta property=\"og:locale\" content=\"en_US\" \/>\n<meta property=\"og:type\" content=\"article\" \/>\n<meta property=\"og:title\" content=\"TODA &amp; NEL-LO ABOGADOS, ANFITRIONA DE LA ASAMBLEA DE GROUPE MONASSIER - Toda &amp; Nel-lo Abogados\" \/>\n<meta property=\"og:description\" content=\"Groupe Monassier, la primera asociaci\u00f3n de notarios en Francia con m\u00e1s de 800 profesionales entre notarios, abogados y asesores, celebr\u00f3 su Asamblea\" \/>\n<meta property=\"og:url\" content=\"https:\/\/www.todanelo.com\/en\/noticias\/toda-nel-lo-abogados-anfitriona-de-la-asamblea-de-groupe-monassier\/\" \/>\n<meta property=\"og:site_name\" content=\"Toda &amp; Nel-lo Abogados\" \/>\n<meta property=\"article:published_time\" content=\"2015-06-18T16:00:00+00:00\" \/>\n<meta name=\"author\" content=\"emfasi\" \/>\n<meta name=\"twitter:card\" content=\"summary_large_image\" \/>\n<meta name=\"twitter:label1\" content=\"Written by\" \/>\n\t<meta name=\"twitter:data1\" content=\"emfasi\" \/>\n\t<meta name=\"twitter:label2\" content=\"Est. reading time\" \/>\n\t<meta name=\"twitter:data2\" content=\"1 minute\" \/>\n<script type=\"application\/ld+json\" class=\"yoast-schema-graph\">{\"@context\":\"https:\\\/\\\/schema.org\",\"@graph\":[{\"@type\":\"Article\",\"@id\":\"https:\\\/\\\/www.todanelo.com\\\/en\\\/noticias\\\/toda-nel-lo-abogados-anfitriona-de-la-asamblea-de-groupe-monassier\\\/#article\",\"isPartOf\":{\"@id\":\"https:\\\/\\\/www.todanelo.com\\\/en\\\/noticias\\\/toda-nel-lo-abogados-anfitriona-de-la-asamblea-de-groupe-monassier\\\/\"},\"author\":{\"name\":\"emfasi\",\"@id\":\"https:\\\/\\\/www.todanelo.com\\\/en\\\/#\\\/schema\\\/person\\\/403e6ed9d856044c44f52763ead94c6a\"},\"headline\":\"TODA &#038; NEL-LO ABOGADOS, ANFITRIONA DE LA ASAMBLEA DE GROUPE MONASSIER\",\"datePublished\":\"2015-06-18T16:00:00+00:00\",\"mainEntityOfPage\":{\"@id\":\"https:\\\/\\\/www.todanelo.com\\\/en\\\/noticias\\\/toda-nel-lo-abogados-anfitriona-de-la-asamblea-de-groupe-monassier\\\/\"},\"wordCount\":235,\"commentCount\":3,\"publisher\":{\"@id\":\"https:\\\/\\\/www.todanelo.com\\\/en\\\/#organization\"},\"inLanguage\":\"en-US\",\"potentialAction\":[{\"@type\":\"CommentAction\",\"name\":\"Comment\",\"target\":[\"https:\\\/\\\/www.todanelo.com\\\/en\\\/noticias\\\/toda-nel-lo-abogados-anfitriona-de-la-asamblea-de-groupe-monassier\\\/#respond\"]}]},{\"@type\":\"WebPage\",\"@id\":\"https:\\\/\\\/www.todanelo.com\\\/en\\\/noticias\\\/toda-nel-lo-abogados-anfitriona-de-la-asamblea-de-groupe-monassier\\\/\",\"url\":\"https:\\\/\\\/www.todanelo.com\\\/en\\\/noticias\\\/toda-nel-lo-abogados-anfitriona-de-la-asamblea-de-groupe-monassier\\\/\",\"name\":\"TODA & NEL-LO ABOGADOS, ANFITRIONA DE LA ASAMBLEA DE GROUPE MONASSIER - Toda &amp; Nel-lo Abogados\",\"isPartOf\":{\"@id\":\"https:\\\/\\\/www.todanelo.com\\\/en\\\/#website\"},\"datePublished\":\"2015-06-18T16:00:00+00:00\",\"description\":\"Groupe Monassier, la primera asociaci\u00f3n de notarios en Francia con m\u00e1s de 800 profesionales entre notarios, abogados y asesores, celebr\u00f3 su Asamblea\",\"breadcrumb\":{\"@id\":\"https:\\\/\\\/www.todanelo.com\\\/en\\\/noticias\\\/toda-nel-lo-abogados-anfitriona-de-la-asamblea-de-groupe-monassier\\\/#breadcrumb\"},\"inLanguage\":\"en-US\",\"potentialAction\":[{\"@type\":\"ReadAction\",\"target\":[\"https:\\\/\\\/www.todanelo.com\\\/en\\\/noticias\\\/toda-nel-lo-abogados-anfitriona-de-la-asamblea-de-groupe-monassier\\\/\"]}]},{\"@type\":\"BreadcrumbList\",\"@id\":\"https:\\\/\\\/www.todanelo.com\\\/en\\\/noticias\\\/toda-nel-lo-abogados-anfitriona-de-la-asamblea-de-groupe-monassier\\\/#breadcrumb\",\"itemListElement\":[{\"@type\":\"ListItem\",\"position\":1,\"name\":\"Inicio\",\"item\":\"https:\\\/\\\/www.todanelo.com\\\/en\\\/\"},{\"@type\":\"ListItem\",\"position\":2,\"name\":\"TODA &#038; NEL-LO ABOGADOS, ANFITRIONA DE LA ASAMBLEA DE GROUPE MONASSIER\"}]},{\"@type\":\"WebSite\",\"@id\":\"https:\\\/\\\/www.todanelo.com\\\/en\\\/#website\",\"url\":\"https:\\\/\\\/www.todanelo.com\\\/en\\\/\",\"name\":\"Toda &amp; Nel-lo Abogados\",\"description\":\"Legal firm in Barcelona and Madrid\",\"publisher\":{\"@id\":\"https:\\\/\\\/www.todanelo.com\\\/en\\\/#organization\"},\"potentialAction\":[{\"@type\":\"SearchAction\",\"target\":{\"@type\":\"EntryPoint\",\"urlTemplate\":\"https:\\\/\\\/www.todanelo.com\\\/en\\\/?s={search_term_string}\"},\"query-input\":{\"@type\":\"PropertyValueSpecification\",\"valueRequired\":true,\"valueName\":\"search_term_string\"}}],\"inLanguage\":\"en-US\"},{\"@type\":\"Organization\",\"@id\":\"https:\\\/\\\/www.todanelo.com\\\/en\\\/#organization\",\"name\":\"Toda &amp; Nel-lo Abogados\",\"url\":\"https:\\\/\\\/www.todanelo.com\\\/en\\\/\",\"logo\":{\"@type\":\"ImageObject\",\"inLanguage\":\"en-US\",\"@id\":\"https:\\\/\\\/www.todanelo.com\\\/en\\\/#\\\/schema\\\/logo\\\/image\\\/\",\"url\":\"https:\\\/\\\/www.todanelo.com\\\/wp-content\\\/uploads\\\/logo-todanelo.png\",\"contentUrl\":\"https:\\\/\\\/www.todanelo.com\\\/wp-content\\\/uploads\\\/logo-todanelo.png\",\"width\":390,\"height\":161,\"caption\":\"Toda &amp; Nel-lo Abogados\"},\"image\":{\"@id\":\"https:\\\/\\\/www.todanelo.com\\\/en\\\/#\\\/schema\\\/logo\\\/image\\\/\"}},{\"@type\":\"Person\",\"@id\":\"https:\\\/\\\/www.todanelo.com\\\/en\\\/#\\\/schema\\\/person\\\/403e6ed9d856044c44f52763ead94c6a\",\"name\":\"emfasi\",\"sameAs\":[\"https:\\\/\\\/www.todanelo.com\"],\"url\":\"https:\\\/\\\/www.todanelo.com\\\/en\\\/noticias\\\/author\\\/emfasi\\\/\"}]}<\/script>\n<!-- \/ Yoast SEO plugin. -->","yoast_head_json":{"title":"TODA & NEL-LO ABOGADOS, ANFITRIONA DE LA ASAMBLEA DE GROUPE MONASSIER - Toda &amp; Nel-lo Abogados","description":"Groupe Monassier, la primera asociaci\u00f3n de notarios en Francia con m\u00e1s de 800 profesionales entre notarios, abogados y asesores, celebr\u00f3 su Asamblea","robots":{"index":"index","follow":"follow","max-snippet":"max-snippet:-1","max-image-preview":"max-image-preview:large","max-video-preview":"max-video-preview:-1"},"canonical":"https:\/\/www.todanelo.com\/en\/noticias\/toda-nel-lo-abogados-anfitriona-de-la-asamblea-de-groupe-monassier\/","og_locale":"en_US","og_type":"article","og_title":"TODA & NEL-LO ABOGADOS, ANFITRIONA DE LA ASAMBLEA DE GROUPE MONASSIER - Toda &amp; Nel-lo Abogados","og_description":"Groupe Monassier, la primera asociaci\u00f3n de notarios en Francia con m\u00e1s de 800 profesionales entre notarios, abogados y asesores, celebr\u00f3 su Asamblea","og_url":"https:\/\/www.todanelo.com\/en\/noticias\/toda-nel-lo-abogados-anfitriona-de-la-asamblea-de-groupe-monassier\/","og_site_name":"Toda &amp; Nel-lo Abogados","article_published_time":"2015-06-18T16:00:00+00:00","author":"emfasi","twitter_card":"summary_large_image","twitter_misc":{"Written by":"emfasi","Est. reading time":"1 minute"},"schema":{"@context":"https:\/\/schema.org","@graph":[{"@type":"Article","@id":"https:\/\/www.todanelo.com\/en\/noticias\/toda-nel-lo-abogados-anfitriona-de-la-asamblea-de-groupe-monassier\/#article","isPartOf":{"@id":"https:\/\/www.todanelo.com\/en\/noticias\/toda-nel-lo-abogados-anfitriona-de-la-asamblea-de-groupe-monassier\/"},"author":{"name":"emfasi","@id":"https:\/\/www.todanelo.com\/en\/#\/schema\/person\/403e6ed9d856044c44f52763ead94c6a"},"headline":"TODA &#038; NEL-LO ABOGADOS, ANFITRIONA DE LA ASAMBLEA DE GROUPE MONASSIER","datePublished":"2015-06-18T16:00:00+00:00","mainEntityOfPage":{"@id":"https:\/\/www.todanelo.com\/en\/noticias\/toda-nel-lo-abogados-anfitriona-de-la-asamblea-de-groupe-monassier\/"},"wordCount":235,"commentCount":3,"publisher":{"@id":"https:\/\/www.todanelo.com\/en\/#organization"},"inLanguage":"en-US","potentialAction":[{"@type":"CommentAction","name":"Comment","target":["https:\/\/www.todanelo.com\/en\/noticias\/toda-nel-lo-abogados-anfitriona-de-la-asamblea-de-groupe-monassier\/#respond"]}]},{"@type":"WebPage","@id":"https:\/\/www.todanelo.com\/en\/noticias\/toda-nel-lo-abogados-anfitriona-de-la-asamblea-de-groupe-monassier\/","url":"https:\/\/www.todanelo.com\/en\/noticias\/toda-nel-lo-abogados-anfitriona-de-la-asamblea-de-groupe-monassier\/","name":"TODA & NEL-LO ABOGADOS, ANFITRIONA DE LA ASAMBLEA DE GROUPE MONASSIER - Toda &amp; Nel-lo Abogados","isPartOf":{"@id":"https:\/\/www.todanelo.com\/en\/#website"},"datePublished":"2015-06-18T16:00:00+00:00","description":"Groupe Monassier, la primera asociaci\u00f3n de notarios en Francia con m\u00e1s de 800 profesionales entre notarios, abogados y asesores, celebr\u00f3 su Asamblea","breadcrumb":{"@id":"https:\/\/www.todanelo.com\/en\/noticias\/toda-nel-lo-abogados-anfitriona-de-la-asamblea-de-groupe-monassier\/#breadcrumb"},"inLanguage":"en-US","potentialAction":[{"@type":"ReadAction","target":["https:\/\/www.todanelo.com\/en\/noticias\/toda-nel-lo-abogados-anfitriona-de-la-asamblea-de-groupe-monassier\/"]}]},{"@type":"BreadcrumbList","@id":"https:\/\/www.todanelo.com\/en\/noticias\/toda-nel-lo-abogados-anfitriona-de-la-asamblea-de-groupe-monassier\/#breadcrumb","itemListElement":[{"@type":"ListItem","position":1,"name":"Inicio","item":"https:\/\/www.todanelo.com\/en\/"},{"@type":"ListItem","position":2,"name":"TODA &#038; NEL-LO ABOGADOS, ANFITRIONA DE LA ASAMBLEA DE GROUPE MONASSIER"}]},{"@type":"WebSite","@id":"https:\/\/www.todanelo.com\/en\/#website","url":"https:\/\/www.todanelo.com\/en\/","name":"Toda &amp; Nel-lo Abogados","description":"Legal firm in Barcelona and Madrid","publisher":{"@id":"https:\/\/www.todanelo.com\/en\/#organization"},"potentialAction":[{"@type":"SearchAction","target":{"@type":"EntryPoint","urlTemplate":"https:\/\/www.todanelo.com\/en\/?s={search_term_string}"},"query-input":{"@type":"PropertyValueSpecification","valueRequired":true,"valueName":"search_term_string"}}],"inLanguage":"en-US"},{"@type":"Organization","@id":"https:\/\/www.todanelo.com\/en\/#organization","name":"Toda &amp; Nel-lo Abogados","url":"https:\/\/www.todanelo.com\/en\/","logo":{"@type":"ImageObject","inLanguage":"en-US","@id":"https:\/\/www.todanelo.com\/en\/#\/schema\/logo\/image\/","url":"https:\/\/www.todanelo.com\/wp-content\/uploads\/logo-todanelo.png","contentUrl":"https:\/\/www.todanelo.com\/wp-content\/uploads\/logo-todanelo.png","width":390,"height":161,"caption":"Toda &amp; Nel-lo Abogados"},"image":{"@id":"https:\/\/www.todanelo.com\/en\/#\/schema\/logo\/image\/"}},{"@type":"Person","@id":"https:\/\/www.todanelo.com\/en\/#\/schema\/person\/403e6ed9d856044c44f52763ead94c6a","name":"emfasi","sameAs":["https:\/\/www.todanelo.com"],"url":"https:\/\/www.todanelo.com\/en\/noticias\/author\/emfasi\/"}]}},"_links":{"self":[{"href":"https:\/\/www.todanelo.com\/en\/wp-json\/wp\/v2\/posts\/2504","targetHints":{"allow":["GET"]}}],"collection":[{"href":"https:\/\/www.todanelo.com\/en\/wp-json\/wp\/v2\/posts"}],"about":[{"href":"https:\/\/www.todanelo.com\/en\/wp-json\/wp\/v2\/types\/post"}],"author":[{"embeddable":true,"href":"https:\/\/www.todanelo.com\/en\/wp-json\/wp\/v2\/users\/1"}],"replies":[{"embeddable":true,"href":"https:\/\/www.todanelo.com\/en\/wp-json\/wp\/v2\/comments?post=2504"}],"version-history":[{"count":0,"href":"https:\/\/www.todanelo.com\/en\/wp-json\/wp\/v2\/posts\/2504\/revisions"}],"wp:attachment":[{"href":"https:\/\/www.todanelo.com\/en\/wp-json\/wp\/v2\/media?parent=2504"}],"wp:term":[{"taxonomy":"category","embeddable":true,"href":"https:\/\/www.todanelo.com\/en\/wp-json\/wp\/v2\/categories?post=2504"},{"taxonomy":"post_tag","embeddable":true,"href":"https:\/\/www.todanelo.com\/en\/wp-json\/wp\/v2\/tags?post=2504"}],"curies":[{"name":"wp","href":"https:\/\/api.w.org\/{rel}","templated":true}]}}