{"id":2503,"date":"2015-09-29T17:45:00","date_gmt":"2015-09-29T17:45:00","guid":{"rendered":"https:\/\/beta.todanelo.com\/blog\/sistema-de-prevencion-de-riesgos-penales-articulo-en-la-vanguardia-29-de-septiembre-de-2015\/"},"modified":"2015-09-29T17:45:00","modified_gmt":"2015-09-29T17:45:00","slug":"sistema-de-prevencion-de-riesgos-penales-articulo-en-la-vanguardia-29-de-septiembre-de-2015","status":"publish","type":"post","link":"https:\/\/www.todanelo.com\/en\/noticias\/sistema-de-prevencion-de-riesgos-penales-articulo-en-la-vanguardia-29-de-septiembre-de-2015\/","title":{"rendered":"Sistema de Prevenci\u00f3n de Riesgos Penales &#8211; Art\u00edculo en La Vanguardia, 29 de septiembre de 2015"},"content":{"rendered":"<p>Adjuntamos el art\u00edculo publicado hoy en el suplemento \u201cEmpresas y Emprendedores\u201d de La Vanguardia, sobre sistemas de prevenci\u00f3n de riesgos penales, en el que Toda &#038; Nel-lo Abogados ha colaborado valorando la reforma del C\u00f3digo Penal de 2015 y su incidencia en la responsabilidad penal de las personas jur\u00eddicas.<\/p>\n<p>Esperamos que el mismo sea de su inter\u00e9s y quedamos a su disposici\u00f3n para cualquier aclaraci\u00f3n o ampliaci\u00f3n de informaci\u00f3n que precisen al respecto.<\/p>\n<p><strong><a href=\"\/wp-content\/uploads\/common\/150929_-_monografico_especial._la_vanguardia_compliance.pdf\" target=\"_blank\" rel=\"noopener\">Ver art\u00edculo completo publicado en La Vanguardia<\/a><\/strong><\/p>\n<p>Para m\u00e1s informaci\u00f3n sobre prevenci\u00f3n de riesgos penales:\u00a0<strong><a href=\"http:\/\/mandrillapp.com\/track\/click\/30496021\/www.todanel-lo.com?p=eyJzIjoiLUQydXFDbF84STBOQVlVRGxmWUVIVDZBcE1jIiwidiI6MSwicCI6IntcInVcIjozMDQ5NjAyMSxcInZcIjoxLFwidXJsXCI6XCJodHRwOlxcXC9cXFwvd3d3LnRvZGFuZWwtbG8uY29tXFxcL2VzXFxcL2FyZWFzLWRlLXByYWN0aWNhXFxcL2NvbXBsaWFuY2VcXFwvY29ycG9yYXRlLWRlZmVuc2UtcHJldmVuY2lvbi1wZW5hbC1wYXJhLWVtcHJlc2FzLXktYWRtaW5pc3RyYWRvcmVzP3V0bV9tZWRpdW09ZW1haWwmdXRtX3NvdXJjZT10cmFuc2FjdGlvbmFsJnV0bV9jYW1wYWlnbj1OZXdzbGV0dGVyXCIsXCJpZFwiOlwiYTI2M2Q5ZGJhMGI4NGVmMTlhZTViNmM2MDQ5N2Q1MDlcIixcInVybF9pZHNcIjpbXCI2MTYyYmJlNzI4NjdlZTFkN2ZhZDUzNGRkZDcyYzVjYWEwY2M0MjM3XCJdfSJ9\" target=\"_blank\" rel=\"noopener\">Compliance Toda &#038; Nel-lo<\/a><\/strong><\/p>\n","protected":false},"excerpt":{"rendered":"<p>Adjuntamos el art\u00edculo publicado hoy en el suplemento \u201cEmpresas y Emprendedores\u201d de La Vanguardia, sobre sistemas de prevenci\u00f3n de riesgos penales, en el que Toda &#038; Nel-lo Abogados ha colaborado &hellip;<\/p>\n","protected":false},"author":1,"featured_media":0,"comment_status":"open","ping_status":"open","sticky":false,"template":"","format":"standard","meta":{"_acf_changed":false,"footnotes":""},"categories":[],"tags":[],"class_list":["post-2503","post","type-post","status-publish","format-standard","hentry"],"acf":[],"yoast_head":"<!-- This site is optimized with the Yoast SEO plugin v27.4 - https:\/\/yoast.com\/product\/yoast-seo-wordpress\/ -->\n<title>Sistema de Prevenci\u00f3n de Riesgos Penales - Art\u00edculo en La Vanguardia, 29 de septiembre de 2015 - Toda &amp; Nel-lo Abogados<\/title>\n<meta name=\"description\" content=\"Adjuntamos el art\u00edculo publicado hoy en el suplemento \u201cEmpresas y Emprendedores\u201d de La Vanguardia, sobre sistemas de prevenci\u00f3n de riesgos penales, en el\" \/>\n<meta name=\"robots\" content=\"index, follow, max-snippet:-1, max-image-preview:large, max-video-preview:-1\" \/>\n<link rel=\"canonical\" href=\"https:\/\/www.todanelo.com\/en\/noticias\/sistema-de-prevencion-de-riesgos-penales-articulo-en-la-vanguardia-29-de-septiembre-de-2015\/\" \/>\n<meta property=\"og:locale\" content=\"en_US\" \/>\n<meta property=\"og:type\" content=\"article\" \/>\n<meta property=\"og:title\" content=\"Sistema de Prevenci\u00f3n de Riesgos Penales - Art\u00edculo en La Vanguardia, 29 de septiembre de 2015 - Toda &amp; Nel-lo Abogados\" \/>\n<meta property=\"og:description\" content=\"Adjuntamos el art\u00edculo publicado hoy en el suplemento \u201cEmpresas y Emprendedores\u201d de La Vanguardia, sobre sistemas de prevenci\u00f3n de riesgos penales, en el\" \/>\n<meta property=\"og:url\" content=\"https:\/\/www.todanelo.com\/en\/noticias\/sistema-de-prevencion-de-riesgos-penales-articulo-en-la-vanguardia-29-de-septiembre-de-2015\/\" \/>\n<meta property=\"og:site_name\" content=\"Toda &amp; Nel-lo Abogados\" \/>\n<meta property=\"article:published_time\" content=\"2015-09-29T17:45:00+00:00\" \/>\n<meta name=\"author\" content=\"emfasi\" \/>\n<meta name=\"twitter:card\" content=\"summary_large_image\" \/>\n<meta name=\"twitter:label1\" content=\"Written by\" \/>\n\t<meta name=\"twitter:data1\" content=\"emfasi\" \/>\n\t<meta name=\"twitter:label2\" content=\"Est. reading time\" \/>\n\t<meta name=\"twitter:data2\" content=\"1 minute\" \/>\n<script type=\"application\/ld+json\" class=\"yoast-schema-graph\">{\"@context\":\"https:\\\/\\\/schema.org\",\"@graph\":[{\"@type\":\"Article\",\"@id\":\"https:\\\/\\\/www.todanelo.com\\\/en\\\/noticias\\\/sistema-de-prevencion-de-riesgos-penales-articulo-en-la-vanguardia-29-de-septiembre-de-2015\\\/#article\",\"isPartOf\":{\"@id\":\"https:\\\/\\\/www.todanelo.com\\\/en\\\/noticias\\\/sistema-de-prevencion-de-riesgos-penales-articulo-en-la-vanguardia-29-de-septiembre-de-2015\\\/\"},\"author\":{\"name\":\"emfasi\",\"@id\":\"https:\\\/\\\/www.todanelo.com\\\/en\\\/#\\\/schema\\\/person\\\/403e6ed9d856044c44f52763ead94c6a\"},\"headline\":\"Sistema de Prevenci\u00f3n de Riesgos Penales &#8211; Art\u00edculo en La Vanguardia, 29 de septiembre de 2015\",\"datePublished\":\"2015-09-29T17:45:00+00:00\",\"mainEntityOfPage\":{\"@id\":\"https:\\\/\\\/www.todanelo.com\\\/en\\\/noticias\\\/sistema-de-prevencion-de-riesgos-penales-articulo-en-la-vanguardia-29-de-septiembre-de-2015\\\/\"},\"wordCount\":118,\"commentCount\":2,\"publisher\":{\"@id\":\"https:\\\/\\\/www.todanelo.com\\\/en\\\/#organization\"},\"inLanguage\":\"en-US\",\"potentialAction\":[{\"@type\":\"CommentAction\",\"name\":\"Comment\",\"target\":[\"https:\\\/\\\/www.todanelo.com\\\/en\\\/noticias\\\/sistema-de-prevencion-de-riesgos-penales-articulo-en-la-vanguardia-29-de-septiembre-de-2015\\\/#respond\"]}]},{\"@type\":\"WebPage\",\"@id\":\"https:\\\/\\\/www.todanelo.com\\\/en\\\/noticias\\\/sistema-de-prevencion-de-riesgos-penales-articulo-en-la-vanguardia-29-de-septiembre-de-2015\\\/\",\"url\":\"https:\\\/\\\/www.todanelo.com\\\/en\\\/noticias\\\/sistema-de-prevencion-de-riesgos-penales-articulo-en-la-vanguardia-29-de-septiembre-de-2015\\\/\",\"name\":\"Sistema de Prevenci\u00f3n de Riesgos Penales - Art\u00edculo en La Vanguardia, 29 de septiembre de 2015 - Toda &amp; Nel-lo Abogados\",\"isPartOf\":{\"@id\":\"https:\\\/\\\/www.todanelo.com\\\/en\\\/#website\"},\"datePublished\":\"2015-09-29T17:45:00+00:00\",\"description\":\"Adjuntamos el art\u00edculo publicado hoy en el suplemento \u201cEmpresas y Emprendedores\u201d de La Vanguardia, sobre sistemas de prevenci\u00f3n de riesgos penales, en el\",\"breadcrumb\":{\"@id\":\"https:\\\/\\\/www.todanelo.com\\\/en\\\/noticias\\\/sistema-de-prevencion-de-riesgos-penales-articulo-en-la-vanguardia-29-de-septiembre-de-2015\\\/#breadcrumb\"},\"inLanguage\":\"en-US\",\"potentialAction\":[{\"@type\":\"ReadAction\",\"target\":[\"https:\\\/\\\/www.todanelo.com\\\/en\\\/noticias\\\/sistema-de-prevencion-de-riesgos-penales-articulo-en-la-vanguardia-29-de-septiembre-de-2015\\\/\"]}]},{\"@type\":\"BreadcrumbList\",\"@id\":\"https:\\\/\\\/www.todanelo.com\\\/en\\\/noticias\\\/sistema-de-prevencion-de-riesgos-penales-articulo-en-la-vanguardia-29-de-septiembre-de-2015\\\/#breadcrumb\",\"itemListElement\":[{\"@type\":\"ListItem\",\"position\":1,\"name\":\"Inicio\",\"item\":\"https:\\\/\\\/www.todanelo.com\\\/en\\\/\"},{\"@type\":\"ListItem\",\"position\":2,\"name\":\"Sistema de Prevenci\u00f3n de Riesgos Penales &#8211; Art\u00edculo en La Vanguardia, 29 de septiembre de 2015\"}]},{\"@type\":\"WebSite\",\"@id\":\"https:\\\/\\\/www.todanelo.com\\\/en\\\/#website\",\"url\":\"https:\\\/\\\/www.todanelo.com\\\/en\\\/\",\"name\":\"Toda &amp; Nel-lo Abogados\",\"description\":\"Legal firm in Barcelona and Madrid\",\"publisher\":{\"@id\":\"https:\\\/\\\/www.todanelo.com\\\/en\\\/#organization\"},\"potentialAction\":[{\"@type\":\"SearchAction\",\"target\":{\"@type\":\"EntryPoint\",\"urlTemplate\":\"https:\\\/\\\/www.todanelo.com\\\/en\\\/?s={search_term_string}\"},\"query-input\":{\"@type\":\"PropertyValueSpecification\",\"valueRequired\":true,\"valueName\":\"search_term_string\"}}],\"inLanguage\":\"en-US\"},{\"@type\":\"Organization\",\"@id\":\"https:\\\/\\\/www.todanelo.com\\\/en\\\/#organization\",\"name\":\"Toda &amp; Nel-lo Abogados\",\"url\":\"https:\\\/\\\/www.todanelo.com\\\/en\\\/\",\"logo\":{\"@type\":\"ImageObject\",\"inLanguage\":\"en-US\",\"@id\":\"https:\\\/\\\/www.todanelo.com\\\/en\\\/#\\\/schema\\\/logo\\\/image\\\/\",\"url\":\"https:\\\/\\\/www.todanelo.com\\\/wp-content\\\/uploads\\\/logo-todanelo.png\",\"contentUrl\":\"https:\\\/\\\/www.todanelo.com\\\/wp-content\\\/uploads\\\/logo-todanelo.png\",\"width\":390,\"height\":161,\"caption\":\"Toda &amp; Nel-lo Abogados\"},\"image\":{\"@id\":\"https:\\\/\\\/www.todanelo.com\\\/en\\\/#\\\/schema\\\/logo\\\/image\\\/\"}},{\"@type\":\"Person\",\"@id\":\"https:\\\/\\\/www.todanelo.com\\\/en\\\/#\\\/schema\\\/person\\\/403e6ed9d856044c44f52763ead94c6a\",\"name\":\"emfasi\",\"sameAs\":[\"https:\\\/\\\/www.todanelo.com\"],\"url\":\"https:\\\/\\\/www.todanelo.com\\\/en\\\/noticias\\\/author\\\/emfasi\\\/\"}]}<\/script>\n<!-- \/ Yoast SEO plugin. -->","yoast_head_json":{"title":"Sistema de Prevenci\u00f3n de Riesgos Penales - Art\u00edculo en La Vanguardia, 29 de septiembre de 2015 - Toda &amp; Nel-lo Abogados","description":"Adjuntamos el art\u00edculo publicado hoy en el suplemento \u201cEmpresas y Emprendedores\u201d de La Vanguardia, sobre sistemas de prevenci\u00f3n de riesgos penales, en el","robots":{"index":"index","follow":"follow","max-snippet":"max-snippet:-1","max-image-preview":"max-image-preview:large","max-video-preview":"max-video-preview:-1"},"canonical":"https:\/\/www.todanelo.com\/en\/noticias\/sistema-de-prevencion-de-riesgos-penales-articulo-en-la-vanguardia-29-de-septiembre-de-2015\/","og_locale":"en_US","og_type":"article","og_title":"Sistema de Prevenci\u00f3n de Riesgos Penales - Art\u00edculo en La Vanguardia, 29 de septiembre de 2015 - Toda &amp; Nel-lo Abogados","og_description":"Adjuntamos el art\u00edculo publicado hoy en el suplemento \u201cEmpresas y Emprendedores\u201d de La Vanguardia, sobre sistemas de prevenci\u00f3n de riesgos penales, en el","og_url":"https:\/\/www.todanelo.com\/en\/noticias\/sistema-de-prevencion-de-riesgos-penales-articulo-en-la-vanguardia-29-de-septiembre-de-2015\/","og_site_name":"Toda &amp; Nel-lo Abogados","article_published_time":"2015-09-29T17:45:00+00:00","author":"emfasi","twitter_card":"summary_large_image","twitter_misc":{"Written by":"emfasi","Est. reading time":"1 minute"},"schema":{"@context":"https:\/\/schema.org","@graph":[{"@type":"Article","@id":"https:\/\/www.todanelo.com\/en\/noticias\/sistema-de-prevencion-de-riesgos-penales-articulo-en-la-vanguardia-29-de-septiembre-de-2015\/#article","isPartOf":{"@id":"https:\/\/www.todanelo.com\/en\/noticias\/sistema-de-prevencion-de-riesgos-penales-articulo-en-la-vanguardia-29-de-septiembre-de-2015\/"},"author":{"name":"emfasi","@id":"https:\/\/www.todanelo.com\/en\/#\/schema\/person\/403e6ed9d856044c44f52763ead94c6a"},"headline":"Sistema de Prevenci\u00f3n de Riesgos Penales &#8211; Art\u00edculo en La Vanguardia, 29 de septiembre de 2015","datePublished":"2015-09-29T17:45:00+00:00","mainEntityOfPage":{"@id":"https:\/\/www.todanelo.com\/en\/noticias\/sistema-de-prevencion-de-riesgos-penales-articulo-en-la-vanguardia-29-de-septiembre-de-2015\/"},"wordCount":118,"commentCount":2,"publisher":{"@id":"https:\/\/www.todanelo.com\/en\/#organization"},"inLanguage":"en-US","potentialAction":[{"@type":"CommentAction","name":"Comment","target":["https:\/\/www.todanelo.com\/en\/noticias\/sistema-de-prevencion-de-riesgos-penales-articulo-en-la-vanguardia-29-de-septiembre-de-2015\/#respond"]}]},{"@type":"WebPage","@id":"https:\/\/www.todanelo.com\/en\/noticias\/sistema-de-prevencion-de-riesgos-penales-articulo-en-la-vanguardia-29-de-septiembre-de-2015\/","url":"https:\/\/www.todanelo.com\/en\/noticias\/sistema-de-prevencion-de-riesgos-penales-articulo-en-la-vanguardia-29-de-septiembre-de-2015\/","name":"Sistema de Prevenci\u00f3n de Riesgos Penales - Art\u00edculo en La Vanguardia, 29 de septiembre de 2015 - Toda &amp; Nel-lo Abogados","isPartOf":{"@id":"https:\/\/www.todanelo.com\/en\/#website"},"datePublished":"2015-09-29T17:45:00+00:00","description":"Adjuntamos el art\u00edculo publicado hoy en el suplemento \u201cEmpresas y Emprendedores\u201d de La Vanguardia, sobre sistemas de prevenci\u00f3n de riesgos penales, en el","breadcrumb":{"@id":"https:\/\/www.todanelo.com\/en\/noticias\/sistema-de-prevencion-de-riesgos-penales-articulo-en-la-vanguardia-29-de-septiembre-de-2015\/#breadcrumb"},"inLanguage":"en-US","potentialAction":[{"@type":"ReadAction","target":["https:\/\/www.todanelo.com\/en\/noticias\/sistema-de-prevencion-de-riesgos-penales-articulo-en-la-vanguardia-29-de-septiembre-de-2015\/"]}]},{"@type":"BreadcrumbList","@id":"https:\/\/www.todanelo.com\/en\/noticias\/sistema-de-prevencion-de-riesgos-penales-articulo-en-la-vanguardia-29-de-septiembre-de-2015\/#breadcrumb","itemListElement":[{"@type":"ListItem","position":1,"name":"Inicio","item":"https:\/\/www.todanelo.com\/en\/"},{"@type":"ListItem","position":2,"name":"Sistema de Prevenci\u00f3n de Riesgos Penales &#8211; Art\u00edculo en La Vanguardia, 29 de septiembre de 2015"}]},{"@type":"WebSite","@id":"https:\/\/www.todanelo.com\/en\/#website","url":"https:\/\/www.todanelo.com\/en\/","name":"Toda &amp; Nel-lo Abogados","description":"Legal firm in Barcelona and Madrid","publisher":{"@id":"https:\/\/www.todanelo.com\/en\/#organization"},"potentialAction":[{"@type":"SearchAction","target":{"@type":"EntryPoint","urlTemplate":"https:\/\/www.todanelo.com\/en\/?s={search_term_string}"},"query-input":{"@type":"PropertyValueSpecification","valueRequired":true,"valueName":"search_term_string"}}],"inLanguage":"en-US"},{"@type":"Organization","@id":"https:\/\/www.todanelo.com\/en\/#organization","name":"Toda &amp; Nel-lo Abogados","url":"https:\/\/www.todanelo.com\/en\/","logo":{"@type":"ImageObject","inLanguage":"en-US","@id":"https:\/\/www.todanelo.com\/en\/#\/schema\/logo\/image\/","url":"https:\/\/www.todanelo.com\/wp-content\/uploads\/logo-todanelo.png","contentUrl":"https:\/\/www.todanelo.com\/wp-content\/uploads\/logo-todanelo.png","width":390,"height":161,"caption":"Toda &amp; Nel-lo Abogados"},"image":{"@id":"https:\/\/www.todanelo.com\/en\/#\/schema\/logo\/image\/"}},{"@type":"Person","@id":"https:\/\/www.todanelo.com\/en\/#\/schema\/person\/403e6ed9d856044c44f52763ead94c6a","name":"emfasi","sameAs":["https:\/\/www.todanelo.com"],"url":"https:\/\/www.todanelo.com\/en\/noticias\/author\/emfasi\/"}]}},"_links":{"self":[{"href":"https:\/\/www.todanelo.com\/en\/wp-json\/wp\/v2\/posts\/2503","targetHints":{"allow":["GET"]}}],"collection":[{"href":"https:\/\/www.todanelo.com\/en\/wp-json\/wp\/v2\/posts"}],"about":[{"href":"https:\/\/www.todanelo.com\/en\/wp-json\/wp\/v2\/types\/post"}],"author":[{"embeddable":true,"href":"https:\/\/www.todanelo.com\/en\/wp-json\/wp\/v2\/users\/1"}],"replies":[{"embeddable":true,"href":"https:\/\/www.todanelo.com\/en\/wp-json\/wp\/v2\/comments?post=2503"}],"version-history":[{"count":0,"href":"https:\/\/www.todanelo.com\/en\/wp-json\/wp\/v2\/posts\/2503\/revisions"}],"wp:attachment":[{"href":"https:\/\/www.todanelo.com\/en\/wp-json\/wp\/v2\/media?parent=2503"}],"wp:term":[{"taxonomy":"category","embeddable":true,"href":"https:\/\/www.todanelo.com\/en\/wp-json\/wp\/v2\/categories?post=2503"},{"taxonomy":"post_tag","embeddable":true,"href":"https:\/\/www.todanelo.com\/en\/wp-json\/wp\/v2\/tags?post=2503"}],"curies":[{"name":"wp","href":"https:\/\/api.w.org\/{rel}","templated":true}]}}