{"id":2496,"date":"2016-12-05T10:00:00","date_gmt":"2016-12-05T10:00:00","guid":{"rendered":"https:\/\/beta.todanelo.com\/blog\/toda-nel-lo-abogados-participa-en-la-jornada-de-estudio-tributario-anual-organizada-por-la\/"},"modified":"2016-12-05T10:00:00","modified_gmt":"2016-12-05T10:00:00","slug":"toda-nel-lo-abogados-participa-en-la-jornada-de-estudio-tributario-anual-organizada-por-la","status":"publish","type":"post","link":"https:\/\/www.todanelo.com\/en\/noticias\/toda-nel-lo-abogados-participa-en-la-jornada-de-estudio-tributario-anual-organizada-por-la\/","title":{"rendered":"TODA &#038; NEL-LO ABOGADOS PARTICIPA EN LA JORNADA DE ESTUDIO TRIBUTARIO ANUAL ORGANIZADA POR LA AEDAF"},"content":{"rendered":"<p>El equipo del \u00c1rea de Procedimientos y Contencioso Tributario de Toda &#038; Nel-lo Abogados participar\u00e1 el pr\u00f3ximo mi\u00e9rcoles 14 de diciembre en la jornada de estudio tributario que anualmente organiza la Delegaci\u00f3n en Catalu\u00f1a de la Asociaci\u00f3n Espa\u00f1ola de Asesores Fiscales (AEDAF).<\/p>\n<p>La jornada tendr\u00e1 lugar en el Hotel Catalonia Eixample 1864 de Barcelona de 9h a 19h, y constar\u00e1 de cinco ponencias en las que se analizar\u00e1n temas de actualidad, en concreto:<\/p>\n<ol>\n<li>Las reformas que se introducen en la normativa fiscal catalana para el ejercicio 2017.<\/li>\n<li>El intercambio de informaci\u00f3n fiscal entre Espa\u00f1a y Andorra a partir del pr\u00f3ximo 1 de enero.<\/li>\n<li>Cuestiones relevantes a tener en cuenta en relaci\u00f3n con el Impuesto sobre Sociedades del ejercicio 2016.<\/li>\n<li>Cuestiones pr\u00e1cticas sobre comercio internacional e IVA.<\/li>\n<li>La incidencia en el \u00e1mbito tributario de la modificaci\u00f3n de las normas reguladoras del derecho administrativo com\u00fan y los principales problemas pr\u00e1cticos de la regulaci\u00f3n vigente en materia de notificaciones electr\u00f3nicas.<\/li>\n<\/ol>\n<p><a href=\"http:\/\/www.aedaf.es\/activities\/PROGRAMA%20JORNADA%20D%20ESTUDI%20TANCAMENT%20%202016.pdf\" target=\"_blank\" rel=\"noopener\"><span style=\"font-size: 13.008px;\">Puede consultar el programa completo <\/span><span style=\"font-size: 13.008px;\">aqu\u00ed<\/span><\/a><\/p>\n","protected":false},"excerpt":{"rendered":"<p>El equipo del \u00c1rea de Procedimientos y Contencioso Tributario de Toda &#038; Nel-lo Abogados participar\u00e1 el pr\u00f3ximo mi\u00e9rcoles 14 de diciembre en la jornada de estudio tributario que anualmente organiza &hellip;<\/p>\n","protected":false},"author":1,"featured_media":0,"comment_status":"open","ping_status":"open","sticky":false,"template":"","format":"standard","meta":{"_acf_changed":false,"footnotes":""},"categories":[],"tags":[],"class_list":["post-2496","post","type-post","status-publish","format-standard","hentry"],"acf":[],"yoast_head":"<!-- This site is optimized with the Yoast SEO plugin v27.4 - https:\/\/yoast.com\/product\/yoast-seo-wordpress\/ -->\n<title>TODA &amp; NEL-LO ABOGADOS PARTICIPA EN LA JORNADA DE ESTUDIO TRIBUTARIO ANUAL ORGANIZADA POR LA AEDAF - Toda &amp; Nel-lo Abogados<\/title>\n<meta name=\"description\" content=\"El equipo del \u00c1rea de Procedimientos y Contencioso Tributario de Toda &amp; Nel-lo Abogados participar\u00e1 el pr\u00f3ximo mi\u00e9rcoles 14 de diciembre en la jornada de\" \/>\n<meta name=\"robots\" content=\"index, follow, max-snippet:-1, max-image-preview:large, max-video-preview:-1\" \/>\n<link rel=\"canonical\" href=\"https:\/\/www.todanelo.com\/en\/noticias\/toda-nel-lo-abogados-participa-en-la-jornada-de-estudio-tributario-anual-organizada-por-la\/\" \/>\n<meta property=\"og:locale\" content=\"en_US\" \/>\n<meta property=\"og:type\" content=\"article\" \/>\n<meta property=\"og:title\" content=\"TODA &amp; NEL-LO ABOGADOS PARTICIPA EN LA JORNADA DE ESTUDIO TRIBUTARIO ANUAL ORGANIZADA POR LA AEDAF - Toda &amp; Nel-lo Abogados\" \/>\n<meta property=\"og:description\" content=\"El equipo del \u00c1rea de Procedimientos y Contencioso Tributario de Toda &amp; Nel-lo Abogados participar\u00e1 el pr\u00f3ximo mi\u00e9rcoles 14 de diciembre en la jornada de\" \/>\n<meta property=\"og:url\" content=\"https:\/\/www.todanelo.com\/en\/noticias\/toda-nel-lo-abogados-participa-en-la-jornada-de-estudio-tributario-anual-organizada-por-la\/\" \/>\n<meta property=\"og:site_name\" content=\"Toda &amp; Nel-lo Abogados\" \/>\n<meta property=\"article:published_time\" content=\"2016-12-05T10:00:00+00:00\" \/>\n<meta name=\"author\" content=\"emfasi\" \/>\n<meta name=\"twitter:card\" content=\"summary_large_image\" \/>\n<meta name=\"twitter:label1\" content=\"Written by\" \/>\n\t<meta name=\"twitter:data1\" content=\"emfasi\" \/>\n\t<meta name=\"twitter:label2\" content=\"Est. reading time\" \/>\n\t<meta name=\"twitter:data2\" content=\"1 minute\" \/>\n<script type=\"application\/ld+json\" class=\"yoast-schema-graph\">{\"@context\":\"https:\\\/\\\/schema.org\",\"@graph\":[{\"@type\":\"Article\",\"@id\":\"https:\\\/\\\/www.todanelo.com\\\/en\\\/noticias\\\/toda-nel-lo-abogados-participa-en-la-jornada-de-estudio-tributario-anual-organizada-por-la\\\/#article\",\"isPartOf\":{\"@id\":\"https:\\\/\\\/www.todanelo.com\\\/en\\\/noticias\\\/toda-nel-lo-abogados-participa-en-la-jornada-de-estudio-tributario-anual-organizada-por-la\\\/\"},\"author\":{\"name\":\"emfasi\",\"@id\":\"https:\\\/\\\/www.todanelo.com\\\/en\\\/#\\\/schema\\\/person\\\/403e6ed9d856044c44f52763ead94c6a\"},\"headline\":\"TODA &#038; NEL-LO ABOGADOS PARTICIPA EN LA JORNADA DE ESTUDIO TRIBUTARIO ANUAL ORGANIZADA POR LA AEDAF\",\"datePublished\":\"2016-12-05T10:00:00+00:00\",\"mainEntityOfPage\":{\"@id\":\"https:\\\/\\\/www.todanelo.com\\\/en\\\/noticias\\\/toda-nel-lo-abogados-participa-en-la-jornada-de-estudio-tributario-anual-organizada-por-la\\\/\"},\"wordCount\":189,\"commentCount\":8,\"publisher\":{\"@id\":\"https:\\\/\\\/www.todanelo.com\\\/en\\\/#organization\"},\"inLanguage\":\"en-US\",\"potentialAction\":[{\"@type\":\"CommentAction\",\"name\":\"Comment\",\"target\":[\"https:\\\/\\\/www.todanelo.com\\\/en\\\/noticias\\\/toda-nel-lo-abogados-participa-en-la-jornada-de-estudio-tributario-anual-organizada-por-la\\\/#respond\"]}]},{\"@type\":\"WebPage\",\"@id\":\"https:\\\/\\\/www.todanelo.com\\\/en\\\/noticias\\\/toda-nel-lo-abogados-participa-en-la-jornada-de-estudio-tributario-anual-organizada-por-la\\\/\",\"url\":\"https:\\\/\\\/www.todanelo.com\\\/en\\\/noticias\\\/toda-nel-lo-abogados-participa-en-la-jornada-de-estudio-tributario-anual-organizada-por-la\\\/\",\"name\":\"TODA & NEL-LO ABOGADOS PARTICIPA EN LA JORNADA DE ESTUDIO TRIBUTARIO ANUAL ORGANIZADA POR LA AEDAF - Toda &amp; Nel-lo Abogados\",\"isPartOf\":{\"@id\":\"https:\\\/\\\/www.todanelo.com\\\/en\\\/#website\"},\"datePublished\":\"2016-12-05T10:00:00+00:00\",\"description\":\"El equipo del \u00c1rea de Procedimientos y Contencioso Tributario de Toda & Nel-lo Abogados participar\u00e1 el pr\u00f3ximo mi\u00e9rcoles 14 de diciembre en la jornada de\",\"breadcrumb\":{\"@id\":\"https:\\\/\\\/www.todanelo.com\\\/en\\\/noticias\\\/toda-nel-lo-abogados-participa-en-la-jornada-de-estudio-tributario-anual-organizada-por-la\\\/#breadcrumb\"},\"inLanguage\":\"en-US\",\"potentialAction\":[{\"@type\":\"ReadAction\",\"target\":[\"https:\\\/\\\/www.todanelo.com\\\/en\\\/noticias\\\/toda-nel-lo-abogados-participa-en-la-jornada-de-estudio-tributario-anual-organizada-por-la\\\/\"]}]},{\"@type\":\"BreadcrumbList\",\"@id\":\"https:\\\/\\\/www.todanelo.com\\\/en\\\/noticias\\\/toda-nel-lo-abogados-participa-en-la-jornada-de-estudio-tributario-anual-organizada-por-la\\\/#breadcrumb\",\"itemListElement\":[{\"@type\":\"ListItem\",\"position\":1,\"name\":\"Inicio\",\"item\":\"https:\\\/\\\/www.todanelo.com\\\/en\\\/\"},{\"@type\":\"ListItem\",\"position\":2,\"name\":\"TODA &#038; NEL-LO ABOGADOS PARTICIPA EN LA JORNADA DE ESTUDIO TRIBUTARIO ANUAL ORGANIZADA POR LA AEDAF\"}]},{\"@type\":\"WebSite\",\"@id\":\"https:\\\/\\\/www.todanelo.com\\\/en\\\/#website\",\"url\":\"https:\\\/\\\/www.todanelo.com\\\/en\\\/\",\"name\":\"Toda &amp; Nel-lo Abogados\",\"description\":\"Legal firm in Barcelona and Madrid\",\"publisher\":{\"@id\":\"https:\\\/\\\/www.todanelo.com\\\/en\\\/#organization\"},\"potentialAction\":[{\"@type\":\"SearchAction\",\"target\":{\"@type\":\"EntryPoint\",\"urlTemplate\":\"https:\\\/\\\/www.todanelo.com\\\/en\\\/?s={search_term_string}\"},\"query-input\":{\"@type\":\"PropertyValueSpecification\",\"valueRequired\":true,\"valueName\":\"search_term_string\"}}],\"inLanguage\":\"en-US\"},{\"@type\":\"Organization\",\"@id\":\"https:\\\/\\\/www.todanelo.com\\\/en\\\/#organization\",\"name\":\"Toda &amp; Nel-lo Abogados\",\"url\":\"https:\\\/\\\/www.todanelo.com\\\/en\\\/\",\"logo\":{\"@type\":\"ImageObject\",\"inLanguage\":\"en-US\",\"@id\":\"https:\\\/\\\/www.todanelo.com\\\/en\\\/#\\\/schema\\\/logo\\\/image\\\/\",\"url\":\"https:\\\/\\\/www.todanelo.com\\\/wp-content\\\/uploads\\\/logo-todanelo.png\",\"contentUrl\":\"https:\\\/\\\/www.todanelo.com\\\/wp-content\\\/uploads\\\/logo-todanelo.png\",\"width\":390,\"height\":161,\"caption\":\"Toda &amp; Nel-lo Abogados\"},\"image\":{\"@id\":\"https:\\\/\\\/www.todanelo.com\\\/en\\\/#\\\/schema\\\/logo\\\/image\\\/\"}},{\"@type\":\"Person\",\"@id\":\"https:\\\/\\\/www.todanelo.com\\\/en\\\/#\\\/schema\\\/person\\\/403e6ed9d856044c44f52763ead94c6a\",\"name\":\"emfasi\",\"sameAs\":[\"https:\\\/\\\/www.todanelo.com\"],\"url\":\"https:\\\/\\\/www.todanelo.com\\\/en\\\/noticias\\\/author\\\/emfasi\\\/\"}]}<\/script>\n<!-- \/ Yoast SEO plugin. -->","yoast_head_json":{"title":"TODA & NEL-LO ABOGADOS PARTICIPA EN LA JORNADA DE ESTUDIO TRIBUTARIO ANUAL ORGANIZADA POR LA AEDAF - Toda &amp; Nel-lo Abogados","description":"El equipo del \u00c1rea de Procedimientos y Contencioso Tributario de Toda & Nel-lo Abogados participar\u00e1 el pr\u00f3ximo mi\u00e9rcoles 14 de diciembre en la jornada de","robots":{"index":"index","follow":"follow","max-snippet":"max-snippet:-1","max-image-preview":"max-image-preview:large","max-video-preview":"max-video-preview:-1"},"canonical":"https:\/\/www.todanelo.com\/en\/noticias\/toda-nel-lo-abogados-participa-en-la-jornada-de-estudio-tributario-anual-organizada-por-la\/","og_locale":"en_US","og_type":"article","og_title":"TODA & NEL-LO ABOGADOS PARTICIPA EN LA JORNADA DE ESTUDIO TRIBUTARIO ANUAL ORGANIZADA POR LA AEDAF - Toda &amp; Nel-lo Abogados","og_description":"El equipo del \u00c1rea de Procedimientos y Contencioso Tributario de Toda & Nel-lo Abogados participar\u00e1 el pr\u00f3ximo mi\u00e9rcoles 14 de diciembre en la jornada de","og_url":"https:\/\/www.todanelo.com\/en\/noticias\/toda-nel-lo-abogados-participa-en-la-jornada-de-estudio-tributario-anual-organizada-por-la\/","og_site_name":"Toda &amp; Nel-lo Abogados","article_published_time":"2016-12-05T10:00:00+00:00","author":"emfasi","twitter_card":"summary_large_image","twitter_misc":{"Written by":"emfasi","Est. reading time":"1 minute"},"schema":{"@context":"https:\/\/schema.org","@graph":[{"@type":"Article","@id":"https:\/\/www.todanelo.com\/en\/noticias\/toda-nel-lo-abogados-participa-en-la-jornada-de-estudio-tributario-anual-organizada-por-la\/#article","isPartOf":{"@id":"https:\/\/www.todanelo.com\/en\/noticias\/toda-nel-lo-abogados-participa-en-la-jornada-de-estudio-tributario-anual-organizada-por-la\/"},"author":{"name":"emfasi","@id":"https:\/\/www.todanelo.com\/en\/#\/schema\/person\/403e6ed9d856044c44f52763ead94c6a"},"headline":"TODA &#038; NEL-LO ABOGADOS PARTICIPA EN LA JORNADA DE ESTUDIO TRIBUTARIO ANUAL ORGANIZADA POR LA AEDAF","datePublished":"2016-12-05T10:00:00+00:00","mainEntityOfPage":{"@id":"https:\/\/www.todanelo.com\/en\/noticias\/toda-nel-lo-abogados-participa-en-la-jornada-de-estudio-tributario-anual-organizada-por-la\/"},"wordCount":189,"commentCount":8,"publisher":{"@id":"https:\/\/www.todanelo.com\/en\/#organization"},"inLanguage":"en-US","potentialAction":[{"@type":"CommentAction","name":"Comment","target":["https:\/\/www.todanelo.com\/en\/noticias\/toda-nel-lo-abogados-participa-en-la-jornada-de-estudio-tributario-anual-organizada-por-la\/#respond"]}]},{"@type":"WebPage","@id":"https:\/\/www.todanelo.com\/en\/noticias\/toda-nel-lo-abogados-participa-en-la-jornada-de-estudio-tributario-anual-organizada-por-la\/","url":"https:\/\/www.todanelo.com\/en\/noticias\/toda-nel-lo-abogados-participa-en-la-jornada-de-estudio-tributario-anual-organizada-por-la\/","name":"TODA & NEL-LO ABOGADOS PARTICIPA EN LA JORNADA DE ESTUDIO TRIBUTARIO ANUAL ORGANIZADA POR LA AEDAF - Toda &amp; Nel-lo Abogados","isPartOf":{"@id":"https:\/\/www.todanelo.com\/en\/#website"},"datePublished":"2016-12-05T10:00:00+00:00","description":"El equipo del \u00c1rea de Procedimientos y Contencioso Tributario de Toda & Nel-lo Abogados participar\u00e1 el pr\u00f3ximo mi\u00e9rcoles 14 de diciembre en la jornada de","breadcrumb":{"@id":"https:\/\/www.todanelo.com\/en\/noticias\/toda-nel-lo-abogados-participa-en-la-jornada-de-estudio-tributario-anual-organizada-por-la\/#breadcrumb"},"inLanguage":"en-US","potentialAction":[{"@type":"ReadAction","target":["https:\/\/www.todanelo.com\/en\/noticias\/toda-nel-lo-abogados-participa-en-la-jornada-de-estudio-tributario-anual-organizada-por-la\/"]}]},{"@type":"BreadcrumbList","@id":"https:\/\/www.todanelo.com\/en\/noticias\/toda-nel-lo-abogados-participa-en-la-jornada-de-estudio-tributario-anual-organizada-por-la\/#breadcrumb","itemListElement":[{"@type":"ListItem","position":1,"name":"Inicio","item":"https:\/\/www.todanelo.com\/en\/"},{"@type":"ListItem","position":2,"name":"TODA &#038; NEL-LO ABOGADOS PARTICIPA EN LA JORNADA DE ESTUDIO TRIBUTARIO ANUAL ORGANIZADA POR LA AEDAF"}]},{"@type":"WebSite","@id":"https:\/\/www.todanelo.com\/en\/#website","url":"https:\/\/www.todanelo.com\/en\/","name":"Toda &amp; Nel-lo Abogados","description":"Legal firm in Barcelona and Madrid","publisher":{"@id":"https:\/\/www.todanelo.com\/en\/#organization"},"potentialAction":[{"@type":"SearchAction","target":{"@type":"EntryPoint","urlTemplate":"https:\/\/www.todanelo.com\/en\/?s={search_term_string}"},"query-input":{"@type":"PropertyValueSpecification","valueRequired":true,"valueName":"search_term_string"}}],"inLanguage":"en-US"},{"@type":"Organization","@id":"https:\/\/www.todanelo.com\/en\/#organization","name":"Toda &amp; Nel-lo Abogados","url":"https:\/\/www.todanelo.com\/en\/","logo":{"@type":"ImageObject","inLanguage":"en-US","@id":"https:\/\/www.todanelo.com\/en\/#\/schema\/logo\/image\/","url":"https:\/\/www.todanelo.com\/wp-content\/uploads\/logo-todanelo.png","contentUrl":"https:\/\/www.todanelo.com\/wp-content\/uploads\/logo-todanelo.png","width":390,"height":161,"caption":"Toda &amp; Nel-lo Abogados"},"image":{"@id":"https:\/\/www.todanelo.com\/en\/#\/schema\/logo\/image\/"}},{"@type":"Person","@id":"https:\/\/www.todanelo.com\/en\/#\/schema\/person\/403e6ed9d856044c44f52763ead94c6a","name":"emfasi","sameAs":["https:\/\/www.todanelo.com"],"url":"https:\/\/www.todanelo.com\/en\/noticias\/author\/emfasi\/"}]}},"_links":{"self":[{"href":"https:\/\/www.todanelo.com\/en\/wp-json\/wp\/v2\/posts\/2496","targetHints":{"allow":["GET"]}}],"collection":[{"href":"https:\/\/www.todanelo.com\/en\/wp-json\/wp\/v2\/posts"}],"about":[{"href":"https:\/\/www.todanelo.com\/en\/wp-json\/wp\/v2\/types\/post"}],"author":[{"embeddable":true,"href":"https:\/\/www.todanelo.com\/en\/wp-json\/wp\/v2\/users\/1"}],"replies":[{"embeddable":true,"href":"https:\/\/www.todanelo.com\/en\/wp-json\/wp\/v2\/comments?post=2496"}],"version-history":[{"count":0,"href":"https:\/\/www.todanelo.com\/en\/wp-json\/wp\/v2\/posts\/2496\/revisions"}],"wp:attachment":[{"href":"https:\/\/www.todanelo.com\/en\/wp-json\/wp\/v2\/media?parent=2496"}],"wp:term":[{"taxonomy":"category","embeddable":true,"href":"https:\/\/www.todanelo.com\/en\/wp-json\/wp\/v2\/categories?post=2496"},{"taxonomy":"post_tag","embeddable":true,"href":"https:\/\/www.todanelo.com\/en\/wp-json\/wp\/v2\/tags?post=2496"}],"curies":[{"name":"wp","href":"https:\/\/api.w.org\/{rel}","templated":true}]}}