{"id":3219,"date":"2015-02-02T15:15:00","date_gmt":"2015-02-02T15:15:00","guid":{"rendered":"https:\/\/beta.todanelo.com\/legal-news\/el-ts-establece-la-pervivencia-de-las-condiciones-laborales-tras-la-superacion\/"},"modified":"2015-02-02T15:15:00","modified_gmt":"2015-02-02T15:15:00","slug":"el-ts-establece-la-pervivencia-de-las-condiciones-laborales-tras-la-superacion","status":"publish","type":"legal-news","link":"https:\/\/www.todanelo.com\/en\/topicality-legal\/el-ts-establece-la-pervivencia-de-las-condiciones-laborales-tras-la-superacion\/","title":{"rendered":"El TS establece la pervivencia de las condiciones laborales tras la superaci\u00f3n del a\u00f1o de ultractividad del convenio"},"content":{"rendered":"<p>En su sentencia de 22 de diciembre de 2014 el Tribunal Supremo establece una relevante interpretaci\u00f3n sobre el a\u00f1o de ultractividad de los convenios colectivos y las consecuencias de su superaci\u00f3n, novedad normativa introducida en la Ley 3\/2012, de 6 de julio (la denominada Reforma Laboral).<\/p>\n<p>El debate interpretativo que resuelve el Alto Tribunal en este pronunciamiento se refiere a cu\u00e1les deben ser las condiciones laborales a aplicar a los trabajadores, cuando el Convenio Colectivo que les es de aplicaci\u00f3n supera el a\u00f1o de ultractividad tras su denuncia sin haber alcanzado un nuevo acuerdo las partes negociadoras. Existe en este sentido una primera opci\u00f3n a la que parece apuntar la norma, seg\u00fan la cual los derechos y obligaciones de los trabajadores afectados pasar\u00e1n a regirse exclusivamente por el convenio sectorial de \u00e1mbito superior (si existiera) y por las normas estatales legales y reglamentarias, haciendo tabla rasa de las condiciones laborales existentes con anterioridad en el \u00e1mbito del convenio colectivo que ha perdido su vigencia.<\/p>\n<p>Frente a esta primera posibilidad, el Tribunal Supremo dicta en esta sentencia otra consecuencia, seg\u00fan la cual las condiciones laborales de los trabajadores afectados que ven\u00edan rigiendo sus relaciones laborales con anterioridad a la p\u00e9rdida de vigencia del convenio colectivo deber\u00e1n mantenerse, ya que en realidad forman parte del v\u00ednculo contractual establecido entre las partes.<\/p>\n<p>De este modo, la sentencia se\u00f1ala que la aplicaci\u00f3n de la primera posibilidad producir\u00eda una alteraci\u00f3n sustancial de las condiciones de trabajo de los empleados que transformar\u00eda las bases esenciales del propio contrato laboral y el equilibrio de las contraprestaciones, pudi\u00e9ndolo dejar sin los requisitos esenciales para su validez: el objeto cierto y la causa de la obligaci\u00f3n. En cambio, soporta la aplicaci\u00f3n de la segunda tesis en el argumento de que las condiciones laborales de cada trabajador est\u00e1n reguladas en su contrato laboral: desde el momento inicial de la relaci\u00f3n jur\u00eddico-laboral el contrato tiene una doble funci\u00f3n, constitutiva del v\u00ednculo laboral y regulador del mismo, de manera que dicha regulaci\u00f3n se completa y encuentra sus l\u00edmites de derecho necesario en las normas estatales y\/o convencionales colectivas, jugando \u00e9stas un papel nomofil\u00e1ctico respecto a las cl\u00e1usulas contractuales.<\/p>\n<p>Seg\u00fan el TS, ello no nos debe llevar al equ\u00edvoco de suponer que las obligaciones de las partes se regulan por la ley o por el convenio colectivo, sino que en todo caso se regular\u00e1n siempre por el contrato de trabajo, por cuanto las condiciones laborales que disfrutan los trabajadores en virtud de su contrato laboral no pierden su vigencia aunque el convenio colectivo de aplicaci\u00f3n fenezca al superarse el a\u00f1o de ultractividad establecido legalmente.<\/p>\n<p>Consulte el texto \u00edntegro de la sentencia <a href=\"http:\/\/www.poderjudicial.es\/search\/doAction?action=contentpdf&#038;databasematch=TS&#038;reference=7260028&#038;links=%22ROSA%20MARIA%20VIROLES%20PI%D1OL%22&#038;optimize=20150126&#038;publicinterface=true\" target=\"_blank\" rel=\"noopener\">aqu\u00ed<\/a><\/p>\n","protected":false},"excerpt":{"rendered":"<p>En su sentencia de 22 de diciembre de 2014 el Tribunal Supremo establece una relevante interpretaci\u00f3n sobre el a\u00f1o de ultractividad de los convenios colectivos y las consecuencias de su &hellip;<\/p>\n","protected":false},"featured_media":0,"template":"","meta":{"_acf_changed":false,"footnotes":""},"class_list":["post-3219","legal-news","type-legal-news","status-publish","hentry"],"acf":[],"yoast_head":"<!-- This site is optimized with the Yoast SEO plugin v27.4 - https:\/\/yoast.com\/product\/yoast-seo-wordpress\/ -->\n<title>El TS establece la pervivencia de las condiciones laborales tras la superaci\u00f3n del a\u00f1o de ultractividad del convenio - Toda &amp; Nel-lo Abogados<\/title>\n<meta name=\"description\" content=\"En su sentencia de 22 de diciembre de 2014 el Tribunal Supremo establece una relevante interpretaci\u00f3n sobre el a\u00f1o de ultractividad de los convenios\" \/>\n<meta name=\"robots\" content=\"index, follow, max-snippet:-1, max-image-preview:large, max-video-preview:-1\" \/>\n<link rel=\"canonical\" href=\"https:\/\/www.todanelo.com\/en\/topicality-legal\/el-ts-establece-la-pervivencia-de-las-condiciones-laborales-tras-la-superacion\/\" \/>\n<meta property=\"og:locale\" content=\"en_US\" \/>\n<meta property=\"og:type\" content=\"article\" \/>\n<meta property=\"og:title\" content=\"El TS establece la pervivencia de las condiciones laborales tras la superaci\u00f3n del a\u00f1o de ultractividad del convenio - Toda &amp; Nel-lo Abogados\" \/>\n<meta property=\"og:description\" content=\"En su sentencia de 22 de diciembre de 2014 el Tribunal Supremo establece una relevante interpretaci\u00f3n sobre el a\u00f1o de ultractividad de los convenios\" \/>\n<meta property=\"og:url\" content=\"https:\/\/www.todanelo.com\/en\/topicality-legal\/el-ts-establece-la-pervivencia-de-las-condiciones-laborales-tras-la-superacion\/\" \/>\n<meta property=\"og:site_name\" content=\"Toda &amp; Nel-lo Abogados\" \/>\n<meta name=\"twitter:card\" content=\"summary_large_image\" \/>\n<meta name=\"twitter:label1\" content=\"Est. reading time\" \/>\n\t<meta name=\"twitter:data1\" content=\"2 minutes\" \/>\n<script type=\"application\/ld+json\" class=\"yoast-schema-graph\">{\"@context\":\"https:\\\/\\\/schema.org\",\"@graph\":[{\"@type\":[\"WebPage\",\"ItemPage\"],\"@id\":\"https:\\\/\\\/www.todanelo.com\\\/en\\\/topicality-legal\\\/el-ts-establece-la-pervivencia-de-las-condiciones-laborales-tras-la-superacion\\\/\",\"url\":\"https:\\\/\\\/www.todanelo.com\\\/en\\\/topicality-legal\\\/el-ts-establece-la-pervivencia-de-las-condiciones-laborales-tras-la-superacion\\\/\",\"name\":\"El TS establece la pervivencia de las condiciones laborales tras la superaci\u00f3n del a\u00f1o de ultractividad del convenio - Toda &amp; Nel-lo Abogados\",\"isPartOf\":{\"@id\":\"https:\\\/\\\/www.todanelo.com\\\/en\\\/#website\"},\"datePublished\":\"2015-02-02T15:15:00+00:00\",\"description\":\"En su sentencia de 22 de diciembre de 2014 el Tribunal Supremo establece una relevante interpretaci\u00f3n sobre el a\u00f1o de ultractividad de los convenios\",\"breadcrumb\":{\"@id\":\"https:\\\/\\\/www.todanelo.com\\\/en\\\/topicality-legal\\\/el-ts-establece-la-pervivencia-de-las-condiciones-laborales-tras-la-superacion\\\/#breadcrumb\"},\"inLanguage\":\"en-US\",\"potentialAction\":[{\"@type\":\"ReadAction\",\"target\":[\"https:\\\/\\\/www.todanelo.com\\\/en\\\/topicality-legal\\\/el-ts-establece-la-pervivencia-de-las-condiciones-laborales-tras-la-superacion\\\/\"]}]},{\"@type\":\"BreadcrumbList\",\"@id\":\"https:\\\/\\\/www.todanelo.com\\\/en\\\/topicality-legal\\\/el-ts-establece-la-pervivencia-de-las-condiciones-laborales-tras-la-superacion\\\/#breadcrumb\",\"itemListElement\":[{\"@type\":\"ListItem\",\"position\":1,\"name\":\"Inicio\",\"item\":\"https:\\\/\\\/www.todanelo.com\\\/en\\\/\"},{\"@type\":\"ListItem\",\"position\":2,\"name\":\"Actualidad jur\u00eddica\",\"item\":\"https:\\\/\\\/www.todanelo.com\\\/en\\\/topicality-legal\\\/\"},{\"@type\":\"ListItem\",\"position\":3,\"name\":\"El TS establece la pervivencia de las condiciones laborales tras la superaci\u00f3n del a\u00f1o de ultractividad del convenio\"}]},{\"@type\":\"WebSite\",\"@id\":\"https:\\\/\\\/www.todanelo.com\\\/en\\\/#website\",\"url\":\"https:\\\/\\\/www.todanelo.com\\\/en\\\/\",\"name\":\"Toda &amp; Nel-lo Abogados\",\"description\":\"Legal firm in Barcelona and Madrid\",\"publisher\":{\"@id\":\"https:\\\/\\\/www.todanelo.com\\\/en\\\/#organization\"},\"potentialAction\":[{\"@type\":\"SearchAction\",\"target\":{\"@type\":\"EntryPoint\",\"urlTemplate\":\"https:\\\/\\\/www.todanelo.com\\\/en\\\/?s={search_term_string}\"},\"query-input\":{\"@type\":\"PropertyValueSpecification\",\"valueRequired\":true,\"valueName\":\"search_term_string\"}}],\"inLanguage\":\"en-US\"},{\"@type\":\"Organization\",\"@id\":\"https:\\\/\\\/www.todanelo.com\\\/en\\\/#organization\",\"name\":\"Toda &amp; Nel-lo Abogados\",\"url\":\"https:\\\/\\\/www.todanelo.com\\\/en\\\/\",\"logo\":{\"@type\":\"ImageObject\",\"inLanguage\":\"en-US\",\"@id\":\"https:\\\/\\\/www.todanelo.com\\\/en\\\/#\\\/schema\\\/logo\\\/image\\\/\",\"url\":\"https:\\\/\\\/www.todanelo.com\\\/wp-content\\\/uploads\\\/logo-todanelo.png\",\"contentUrl\":\"https:\\\/\\\/www.todanelo.com\\\/wp-content\\\/uploads\\\/logo-todanelo.png\",\"width\":390,\"height\":161,\"caption\":\"Toda &amp; Nel-lo Abogados\"},\"image\":{\"@id\":\"https:\\\/\\\/www.todanelo.com\\\/en\\\/#\\\/schema\\\/logo\\\/image\\\/\"}}]}<\/script>\n<!-- \/ Yoast SEO plugin. -->","yoast_head_json":{"title":"El TS establece la pervivencia de las condiciones laborales tras la superaci\u00f3n del a\u00f1o de ultractividad del convenio - Toda &amp; Nel-lo Abogados","description":"En su sentencia de 22 de diciembre de 2014 el Tribunal Supremo establece una relevante interpretaci\u00f3n sobre el a\u00f1o de ultractividad de los convenios","robots":{"index":"index","follow":"follow","max-snippet":"max-snippet:-1","max-image-preview":"max-image-preview:large","max-video-preview":"max-video-preview:-1"},"canonical":"https:\/\/www.todanelo.com\/en\/topicality-legal\/el-ts-establece-la-pervivencia-de-las-condiciones-laborales-tras-la-superacion\/","og_locale":"en_US","og_type":"article","og_title":"El TS establece la pervivencia de las condiciones laborales tras la superaci\u00f3n del a\u00f1o de ultractividad del convenio - Toda &amp; Nel-lo Abogados","og_description":"En su sentencia de 22 de diciembre de 2014 el Tribunal Supremo establece una relevante interpretaci\u00f3n sobre el a\u00f1o de ultractividad de los convenios","og_url":"https:\/\/www.todanelo.com\/en\/topicality-legal\/el-ts-establece-la-pervivencia-de-las-condiciones-laborales-tras-la-superacion\/","og_site_name":"Toda &amp; Nel-lo Abogados","twitter_card":"summary_large_image","twitter_misc":{"Est. reading time":"2 minutes"},"schema":{"@context":"https:\/\/schema.org","@graph":[{"@type":["WebPage","ItemPage"],"@id":"https:\/\/www.todanelo.com\/en\/topicality-legal\/el-ts-establece-la-pervivencia-de-las-condiciones-laborales-tras-la-superacion\/","url":"https:\/\/www.todanelo.com\/en\/topicality-legal\/el-ts-establece-la-pervivencia-de-las-condiciones-laborales-tras-la-superacion\/","name":"El TS establece la pervivencia de las condiciones laborales tras la superaci\u00f3n del a\u00f1o de ultractividad del convenio - Toda &amp; Nel-lo Abogados","isPartOf":{"@id":"https:\/\/www.todanelo.com\/en\/#website"},"datePublished":"2015-02-02T15:15:00+00:00","description":"En su sentencia de 22 de diciembre de 2014 el Tribunal Supremo establece una relevante interpretaci\u00f3n sobre el a\u00f1o de ultractividad de los convenios","breadcrumb":{"@id":"https:\/\/www.todanelo.com\/en\/topicality-legal\/el-ts-establece-la-pervivencia-de-las-condiciones-laborales-tras-la-superacion\/#breadcrumb"},"inLanguage":"en-US","potentialAction":[{"@type":"ReadAction","target":["https:\/\/www.todanelo.com\/en\/topicality-legal\/el-ts-establece-la-pervivencia-de-las-condiciones-laborales-tras-la-superacion\/"]}]},{"@type":"BreadcrumbList","@id":"https:\/\/www.todanelo.com\/en\/topicality-legal\/el-ts-establece-la-pervivencia-de-las-condiciones-laborales-tras-la-superacion\/#breadcrumb","itemListElement":[{"@type":"ListItem","position":1,"name":"Inicio","item":"https:\/\/www.todanelo.com\/en\/"},{"@type":"ListItem","position":2,"name":"Actualidad jur\u00eddica","item":"https:\/\/www.todanelo.com\/en\/topicality-legal\/"},{"@type":"ListItem","position":3,"name":"El TS establece la pervivencia de las condiciones laborales tras la superaci\u00f3n del a\u00f1o de ultractividad del convenio"}]},{"@type":"WebSite","@id":"https:\/\/www.todanelo.com\/en\/#website","url":"https:\/\/www.todanelo.com\/en\/","name":"Toda &amp; Nel-lo Abogados","description":"Legal firm in Barcelona and Madrid","publisher":{"@id":"https:\/\/www.todanelo.com\/en\/#organization"},"potentialAction":[{"@type":"SearchAction","target":{"@type":"EntryPoint","urlTemplate":"https:\/\/www.todanelo.com\/en\/?s={search_term_string}"},"query-input":{"@type":"PropertyValueSpecification","valueRequired":true,"valueName":"search_term_string"}}],"inLanguage":"en-US"},{"@type":"Organization","@id":"https:\/\/www.todanelo.com\/en\/#organization","name":"Toda &amp; Nel-lo Abogados","url":"https:\/\/www.todanelo.com\/en\/","logo":{"@type":"ImageObject","inLanguage":"en-US","@id":"https:\/\/www.todanelo.com\/en\/#\/schema\/logo\/image\/","url":"https:\/\/www.todanelo.com\/wp-content\/uploads\/logo-todanelo.png","contentUrl":"https:\/\/www.todanelo.com\/wp-content\/uploads\/logo-todanelo.png","width":390,"height":161,"caption":"Toda &amp; Nel-lo Abogados"},"image":{"@id":"https:\/\/www.todanelo.com\/en\/#\/schema\/logo\/image\/"}}]}},"_links":{"self":[{"href":"https:\/\/www.todanelo.com\/en\/wp-json\/wp\/v2\/legal-news\/3219","targetHints":{"allow":["GET"]}}],"collection":[{"href":"https:\/\/www.todanelo.com\/en\/wp-json\/wp\/v2\/legal-news"}],"about":[{"href":"https:\/\/www.todanelo.com\/en\/wp-json\/wp\/v2\/types\/legal-news"}],"version-history":[{"count":0,"href":"https:\/\/www.todanelo.com\/en\/wp-json\/wp\/v2\/legal-news\/3219\/revisions"}],"wp:attachment":[{"href":"https:\/\/www.todanelo.com\/en\/wp-json\/wp\/v2\/media?parent=3219"}],"curies":[{"name":"wp","href":"https:\/\/api.w.org\/{rel}","templated":true}]}}