{"id":3218,"date":"2015-02-03T19:00:00","date_gmt":"2015-02-03T19:00:00","guid":{"rendered":"https:\/\/beta.todanelo.com\/legal-news\/documento-unico-electronico\/"},"modified":"2015-02-03T19:00:00","modified_gmt":"2015-02-03T19:00:00","slug":"documento-unico-electronico","status":"publish","type":"legal-news","link":"https:\/\/www.todanelo.com\/en\/topicality-legal\/documento-unico-electronico\/","title":{"rendered":"DOCUMENTO \u00daNICO ELECTR\u00d3NICO"},"content":{"rendered":"<p>El Consejo de Ministros aprob\u00f3 el pasado 30 de enero un Real Decreto que permite el empleo del documento \u00fanico electr\u00f3nico (DUE) para la constituci\u00f3n de cooperativas, sociedades civiles, comunidades de bienes, sociedades limitadas laborales y emprendedores de responsabilidad limitada.<\/p>\n<p>El documento \u00fanico electr\u00f3nico (DUE) incluye todos los datos que deben remitirse a los registros y administraciones p\u00fablicas para constituir una empresa electr\u00f3nicamente y en un solo procedimiento.<\/p>\n<p><a href=\"http:\/\/www.lamoncloa.gob.es\/consejodeministros\/referencias\/Paginas\/2015\/refc20150130.aspx\" target=\"_blank\" rel=\"noopener\">Ver Consejo de Ministros de 30 de enero de 2015<\/a><\/p>\n","protected":false},"excerpt":{"rendered":"<p>El Consejo de Ministros aprob\u00f3 el pasado 30 de enero un Real Decreto que permite el empleo del documento \u00fanico electr\u00f3nico (DUE) para la constituci\u00f3n de cooperativas, sociedades civiles, comunidades &hellip;<\/p>\n","protected":false},"featured_media":0,"template":"","meta":{"_acf_changed":false,"footnotes":""},"class_list":["post-3218","legal-news","type-legal-news","status-publish","hentry"],"acf":[],"yoast_head":"<!-- This site is optimized with the Yoast SEO plugin v27.4 - https:\/\/yoast.com\/product\/yoast-seo-wordpress\/ -->\n<title>DOCUMENTO \u00daNICO ELECTR\u00d3NICO - Toda &amp; Nel-lo Abogados<\/title>\n<meta name=\"description\" content=\"El Consejo de Ministros aprob\u00f3 el pasado 30 de enero un Real Decreto que permite el empleo del documento \u00fanico electr\u00f3nico (DUE) para la constituci\u00f3n de\" \/>\n<meta name=\"robots\" content=\"index, follow, max-snippet:-1, max-image-preview:large, max-video-preview:-1\" \/>\n<link rel=\"canonical\" href=\"https:\/\/www.todanelo.com\/en\/topicality-legal\/documento-unico-electronico\/\" \/>\n<meta property=\"og:locale\" content=\"en_US\" \/>\n<meta property=\"og:type\" content=\"article\" \/>\n<meta property=\"og:title\" content=\"DOCUMENTO \u00daNICO ELECTR\u00d3NICO - Toda &amp; Nel-lo Abogados\" \/>\n<meta property=\"og:description\" content=\"El Consejo de Ministros aprob\u00f3 el pasado 30 de enero un Real Decreto que permite el empleo del documento \u00fanico electr\u00f3nico (DUE) para la constituci\u00f3n de\" \/>\n<meta property=\"og:url\" content=\"https:\/\/www.todanelo.com\/en\/topicality-legal\/documento-unico-electronico\/\" \/>\n<meta property=\"og:site_name\" content=\"Toda &amp; Nel-lo Abogados\" \/>\n<meta name=\"twitter:card\" content=\"summary_large_image\" \/>\n<script type=\"application\/ld+json\" class=\"yoast-schema-graph\">{\"@context\":\"https:\\\/\\\/schema.org\",\"@graph\":[{\"@type\":[\"WebPage\",\"ItemPage\"],\"@id\":\"https:\\\/\\\/www.todanelo.com\\\/en\\\/topicality-legal\\\/documento-unico-electronico\\\/\",\"url\":\"https:\\\/\\\/www.todanelo.com\\\/en\\\/topicality-legal\\\/documento-unico-electronico\\\/\",\"name\":\"DOCUMENTO \u00daNICO ELECTR\u00d3NICO - Toda &amp; Nel-lo Abogados\",\"isPartOf\":{\"@id\":\"https:\\\/\\\/www.todanelo.com\\\/en\\\/#website\"},\"datePublished\":\"2015-02-03T19:00:00+00:00\",\"description\":\"El Consejo de Ministros aprob\u00f3 el pasado 30 de enero un Real Decreto que permite el empleo del documento \u00fanico electr\u00f3nico (DUE) para la constituci\u00f3n de\",\"breadcrumb\":{\"@id\":\"https:\\\/\\\/www.todanelo.com\\\/en\\\/topicality-legal\\\/documento-unico-electronico\\\/#breadcrumb\"},\"inLanguage\":\"en-US\",\"potentialAction\":[{\"@type\":\"ReadAction\",\"target\":[\"https:\\\/\\\/www.todanelo.com\\\/en\\\/topicality-legal\\\/documento-unico-electronico\\\/\"]}]},{\"@type\":\"BreadcrumbList\",\"@id\":\"https:\\\/\\\/www.todanelo.com\\\/en\\\/topicality-legal\\\/documento-unico-electronico\\\/#breadcrumb\",\"itemListElement\":[{\"@type\":\"ListItem\",\"position\":1,\"name\":\"Inicio\",\"item\":\"https:\\\/\\\/www.todanelo.com\\\/en\\\/\"},{\"@type\":\"ListItem\",\"position\":2,\"name\":\"Actualidad jur\u00eddica\",\"item\":\"https:\\\/\\\/www.todanelo.com\\\/en\\\/topicality-legal\\\/\"},{\"@type\":\"ListItem\",\"position\":3,\"name\":\"DOCUMENTO \u00daNICO ELECTR\u00d3NICO\"}]},{\"@type\":\"WebSite\",\"@id\":\"https:\\\/\\\/www.todanelo.com\\\/en\\\/#website\",\"url\":\"https:\\\/\\\/www.todanelo.com\\\/en\\\/\",\"name\":\"Toda &amp; Nel-lo Abogados\",\"description\":\"Legal firm in Barcelona and Madrid\",\"publisher\":{\"@id\":\"https:\\\/\\\/www.todanelo.com\\\/en\\\/#organization\"},\"potentialAction\":[{\"@type\":\"SearchAction\",\"target\":{\"@type\":\"EntryPoint\",\"urlTemplate\":\"https:\\\/\\\/www.todanelo.com\\\/en\\\/?s={search_term_string}\"},\"query-input\":{\"@type\":\"PropertyValueSpecification\",\"valueRequired\":true,\"valueName\":\"search_term_string\"}}],\"inLanguage\":\"en-US\"},{\"@type\":\"Organization\",\"@id\":\"https:\\\/\\\/www.todanelo.com\\\/en\\\/#organization\",\"name\":\"Toda &amp; Nel-lo Abogados\",\"url\":\"https:\\\/\\\/www.todanelo.com\\\/en\\\/\",\"logo\":{\"@type\":\"ImageObject\",\"inLanguage\":\"en-US\",\"@id\":\"https:\\\/\\\/www.todanelo.com\\\/en\\\/#\\\/schema\\\/logo\\\/image\\\/\",\"url\":\"https:\\\/\\\/www.todanelo.com\\\/wp-content\\\/uploads\\\/logo-todanelo.png\",\"contentUrl\":\"https:\\\/\\\/www.todanelo.com\\\/wp-content\\\/uploads\\\/logo-todanelo.png\",\"width\":390,\"height\":161,\"caption\":\"Toda &amp; Nel-lo Abogados\"},\"image\":{\"@id\":\"https:\\\/\\\/www.todanelo.com\\\/en\\\/#\\\/schema\\\/logo\\\/image\\\/\"}}]}<\/script>\n<!-- \/ Yoast SEO plugin. -->","yoast_head_json":{"title":"DOCUMENTO \u00daNICO ELECTR\u00d3NICO - Toda &amp; Nel-lo Abogados","description":"El Consejo de Ministros aprob\u00f3 el pasado 30 de enero un Real Decreto que permite el empleo del documento \u00fanico electr\u00f3nico (DUE) para la constituci\u00f3n de","robots":{"index":"index","follow":"follow","max-snippet":"max-snippet:-1","max-image-preview":"max-image-preview:large","max-video-preview":"max-video-preview:-1"},"canonical":"https:\/\/www.todanelo.com\/en\/topicality-legal\/documento-unico-electronico\/","og_locale":"en_US","og_type":"article","og_title":"DOCUMENTO \u00daNICO ELECTR\u00d3NICO - Toda &amp; Nel-lo Abogados","og_description":"El Consejo de Ministros aprob\u00f3 el pasado 30 de enero un Real Decreto que permite el empleo del documento \u00fanico electr\u00f3nico (DUE) para la constituci\u00f3n de","og_url":"https:\/\/www.todanelo.com\/en\/topicality-legal\/documento-unico-electronico\/","og_site_name":"Toda &amp; Nel-lo Abogados","twitter_card":"summary_large_image","schema":{"@context":"https:\/\/schema.org","@graph":[{"@type":["WebPage","ItemPage"],"@id":"https:\/\/www.todanelo.com\/en\/topicality-legal\/documento-unico-electronico\/","url":"https:\/\/www.todanelo.com\/en\/topicality-legal\/documento-unico-electronico\/","name":"DOCUMENTO \u00daNICO ELECTR\u00d3NICO - Toda &amp; Nel-lo Abogados","isPartOf":{"@id":"https:\/\/www.todanelo.com\/en\/#website"},"datePublished":"2015-02-03T19:00:00+00:00","description":"El Consejo de Ministros aprob\u00f3 el pasado 30 de enero un Real Decreto que permite el empleo del documento \u00fanico electr\u00f3nico (DUE) para la constituci\u00f3n de","breadcrumb":{"@id":"https:\/\/www.todanelo.com\/en\/topicality-legal\/documento-unico-electronico\/#breadcrumb"},"inLanguage":"en-US","potentialAction":[{"@type":"ReadAction","target":["https:\/\/www.todanelo.com\/en\/topicality-legal\/documento-unico-electronico\/"]}]},{"@type":"BreadcrumbList","@id":"https:\/\/www.todanelo.com\/en\/topicality-legal\/documento-unico-electronico\/#breadcrumb","itemListElement":[{"@type":"ListItem","position":1,"name":"Inicio","item":"https:\/\/www.todanelo.com\/en\/"},{"@type":"ListItem","position":2,"name":"Actualidad jur\u00eddica","item":"https:\/\/www.todanelo.com\/en\/topicality-legal\/"},{"@type":"ListItem","position":3,"name":"DOCUMENTO \u00daNICO ELECTR\u00d3NICO"}]},{"@type":"WebSite","@id":"https:\/\/www.todanelo.com\/en\/#website","url":"https:\/\/www.todanelo.com\/en\/","name":"Toda &amp; Nel-lo Abogados","description":"Legal firm in Barcelona and Madrid","publisher":{"@id":"https:\/\/www.todanelo.com\/en\/#organization"},"potentialAction":[{"@type":"SearchAction","target":{"@type":"EntryPoint","urlTemplate":"https:\/\/www.todanelo.com\/en\/?s={search_term_string}"},"query-input":{"@type":"PropertyValueSpecification","valueRequired":true,"valueName":"search_term_string"}}],"inLanguage":"en-US"},{"@type":"Organization","@id":"https:\/\/www.todanelo.com\/en\/#organization","name":"Toda &amp; Nel-lo Abogados","url":"https:\/\/www.todanelo.com\/en\/","logo":{"@type":"ImageObject","inLanguage":"en-US","@id":"https:\/\/www.todanelo.com\/en\/#\/schema\/logo\/image\/","url":"https:\/\/www.todanelo.com\/wp-content\/uploads\/logo-todanelo.png","contentUrl":"https:\/\/www.todanelo.com\/wp-content\/uploads\/logo-todanelo.png","width":390,"height":161,"caption":"Toda &amp; Nel-lo Abogados"},"image":{"@id":"https:\/\/www.todanelo.com\/en\/#\/schema\/logo\/image\/"}}]}},"_links":{"self":[{"href":"https:\/\/www.todanelo.com\/en\/wp-json\/wp\/v2\/legal-news\/3218","targetHints":{"allow":["GET"]}}],"collection":[{"href":"https:\/\/www.todanelo.com\/en\/wp-json\/wp\/v2\/legal-news"}],"about":[{"href":"https:\/\/www.todanelo.com\/en\/wp-json\/wp\/v2\/types\/legal-news"}],"version-history":[{"count":0,"href":"https:\/\/www.todanelo.com\/en\/wp-json\/wp\/v2\/legal-news\/3218\/revisions"}],"wp:attachment":[{"href":"https:\/\/www.todanelo.com\/en\/wp-json\/wp\/v2\/media?parent=3218"}],"curies":[{"name":"wp","href":"https:\/\/api.w.org\/{rel}","templated":true}]}}