{"id":3215,"date":"2015-02-16T09:00:00","date_gmt":"2015-02-16T09:00:00","guid":{"rendered":"https:\/\/beta.todanelo.com\/legal-news\/nueva-ley-catalana-del-protectorado-y-de-la-verificacion-de-la-actividad-de-las\/"},"modified":"2015-02-16T09:00:00","modified_gmt":"2015-02-16T09:00:00","slug":"nueva-ley-catalana-del-protectorado-y-de-la-verificacion-de-la-actividad-de-las","status":"publish","type":"legal-news","link":"https:\/\/www.todanelo.com\/en\/topicality-legal\/nueva-ley-catalana-del-protectorado-y-de-la-verificacion-de-la-actividad-de-las\/","title":{"rendered":"NUEVA LEY CATALANA DEL PROTECTORADO Y DE LA VERIFICACI\u00d3N DE LA ACTIVIDAD DE LAS ASOCIACIONES DE UTILIDAD P\u00daBLICA"},"content":{"rendered":"<p>El Diario Oficial de la Generalitat de Catalu\u00f1a de 31 de diciembre de 2014,\u00a0 ha publicado la Ley 21\/2014, de 29 de diciembre, de protectorado de las fundaciones y verificaci\u00f3n de la actividad de las asociaciones declaradas p\u00fablicas.<\/p>\n<p>Esta Ley tiene por objeto regular el contenido y el alcance de las funciones del Protectorado y el \u00f3rgano de supervisi\u00f3n de las asociaciones de utilidad p\u00fablica, dando respuesta al mandato del legislador contenido en el Libro Tercero del C\u00f3digo Civil de Catalu\u00f1a.<\/p>\n<p>Esta regulaci\u00f3n es una novedad en la legislaci\u00f3n catalana, puesto que atribuye a la Administraci\u00f3n de la Generalitat de Catalunya la funci\u00f3n de seguimiento de las asociaciones que hayan obtenido la declaraci\u00f3n de utilidad p\u00fablica.<\/p>\n<p>En este sentido, la Ley atribuye funciones de seguimiento de las asociaciones declaradas de utilidad p\u00fablica al \u00f3rgano de supervisi\u00f3n de estas entidades. Dichas funciones son ejercidas por los correspondientes \u00f3rganos del departamento competente en materia de asociaciones, mientras que el Protectorado ejerce sus potestades respecto a las fundaciones por medio de los correspondientes \u00f3rganos del departamento competente en materia de fundaciones.<\/p>\n<p>Adem\u00e1s, instaura la potestad sancionadora con la finalidad de que act\u00fae como mecanismo disuasivo de las conductas contrarias a las obligaciones administrativas y como medida generadora de confianza para quienes contribuyen a la financiaci\u00f3n de estas entidades.<\/p>\n","protected":false},"excerpt":{"rendered":"<p>El Diario Oficial de la Generalitat de Catalu\u00f1a de 31 de diciembre de 2014,\u00a0 ha publicado la Ley 21\/2014, de 29 de diciembre, de protectorado de las fundaciones y verificaci\u00f3n &hellip;<\/p>\n","protected":false},"featured_media":0,"template":"","meta":{"_acf_changed":false,"footnotes":""},"class_list":["post-3215","legal-news","type-legal-news","status-publish","hentry"],"acf":[],"yoast_head":"<!-- This site is optimized with the Yoast SEO plugin v27.4 - https:\/\/yoast.com\/product\/yoast-seo-wordpress\/ -->\n<title>NUEVA LEY CATALANA DEL PROTECTORADO Y DE LA VERIFICACI\u00d3N DE LA ACTIVIDAD DE LAS ASOCIACIONES DE UTILIDAD P\u00daBLICA - Toda &amp; Nel-lo Abogados<\/title>\n<meta name=\"description\" content=\"El Diario Oficial de la Generalitat de Catalu\u00f1a de 31 de diciembre de 2014,\u00a0 ha publicado la Ley 21\/2014, de 29 de diciembre, de protectorado de las\" \/>\n<meta name=\"robots\" content=\"index, follow, max-snippet:-1, max-image-preview:large, max-video-preview:-1\" \/>\n<link rel=\"canonical\" href=\"https:\/\/www.todanelo.com\/en\/topicality-legal\/nueva-ley-catalana-del-protectorado-y-de-la-verificacion-de-la-actividad-de-las\/\" \/>\n<meta property=\"og:locale\" content=\"en_US\" \/>\n<meta property=\"og:type\" content=\"article\" \/>\n<meta property=\"og:title\" content=\"NUEVA LEY CATALANA DEL PROTECTORADO Y DE LA VERIFICACI\u00d3N DE LA ACTIVIDAD DE LAS ASOCIACIONES DE UTILIDAD P\u00daBLICA - Toda &amp; Nel-lo Abogados\" \/>\n<meta property=\"og:description\" content=\"El Diario Oficial de la Generalitat de Catalu\u00f1a de 31 de diciembre de 2014,\u00a0 ha publicado la Ley 21\/2014, de 29 de diciembre, de protectorado de las\" \/>\n<meta property=\"og:url\" content=\"https:\/\/www.todanelo.com\/en\/topicality-legal\/nueva-ley-catalana-del-protectorado-y-de-la-verificacion-de-la-actividad-de-las\/\" \/>\n<meta property=\"og:site_name\" content=\"Toda &amp; Nel-lo Abogados\" \/>\n<meta name=\"twitter:card\" content=\"summary_large_image\" \/>\n<meta name=\"twitter:label1\" content=\"Est. reading time\" \/>\n\t<meta name=\"twitter:data1\" content=\"1 minute\" \/>\n<script type=\"application\/ld+json\" class=\"yoast-schema-graph\">{\"@context\":\"https:\\\/\\\/schema.org\",\"@graph\":[{\"@type\":[\"WebPage\",\"ItemPage\"],\"@id\":\"https:\\\/\\\/www.todanelo.com\\\/en\\\/topicality-legal\\\/nueva-ley-catalana-del-protectorado-y-de-la-verificacion-de-la-actividad-de-las\\\/\",\"url\":\"https:\\\/\\\/www.todanelo.com\\\/en\\\/topicality-legal\\\/nueva-ley-catalana-del-protectorado-y-de-la-verificacion-de-la-actividad-de-las\\\/\",\"name\":\"NUEVA LEY CATALANA DEL PROTECTORADO Y DE LA VERIFICACI\u00d3N DE LA ACTIVIDAD DE LAS ASOCIACIONES DE UTILIDAD P\u00daBLICA - Toda &amp; Nel-lo Abogados\",\"isPartOf\":{\"@id\":\"https:\\\/\\\/www.todanelo.com\\\/en\\\/#website\"},\"datePublished\":\"2015-02-16T09:00:00+00:00\",\"description\":\"El Diario Oficial de la Generalitat de Catalu\u00f1a de 31 de diciembre de 2014,\u00a0 ha publicado la Ley 21\\\/2014, de 29 de diciembre, de protectorado de las\",\"breadcrumb\":{\"@id\":\"https:\\\/\\\/www.todanelo.com\\\/en\\\/topicality-legal\\\/nueva-ley-catalana-del-protectorado-y-de-la-verificacion-de-la-actividad-de-las\\\/#breadcrumb\"},\"inLanguage\":\"en-US\",\"potentialAction\":[{\"@type\":\"ReadAction\",\"target\":[\"https:\\\/\\\/www.todanelo.com\\\/en\\\/topicality-legal\\\/nueva-ley-catalana-del-protectorado-y-de-la-verificacion-de-la-actividad-de-las\\\/\"]}]},{\"@type\":\"BreadcrumbList\",\"@id\":\"https:\\\/\\\/www.todanelo.com\\\/en\\\/topicality-legal\\\/nueva-ley-catalana-del-protectorado-y-de-la-verificacion-de-la-actividad-de-las\\\/#breadcrumb\",\"itemListElement\":[{\"@type\":\"ListItem\",\"position\":1,\"name\":\"Inicio\",\"item\":\"https:\\\/\\\/www.todanelo.com\\\/en\\\/\"},{\"@type\":\"ListItem\",\"position\":2,\"name\":\"Actualidad jur\u00eddica\",\"item\":\"https:\\\/\\\/www.todanelo.com\\\/en\\\/topicality-legal\\\/\"},{\"@type\":\"ListItem\",\"position\":3,\"name\":\"NUEVA LEY CATALANA DEL PROTECTORADO Y DE LA VERIFICACI\u00d3N DE LA ACTIVIDAD DE LAS ASOCIACIONES DE UTILIDAD P\u00daBLICA\"}]},{\"@type\":\"WebSite\",\"@id\":\"https:\\\/\\\/www.todanelo.com\\\/en\\\/#website\",\"url\":\"https:\\\/\\\/www.todanelo.com\\\/en\\\/\",\"name\":\"Toda &amp; Nel-lo Abogados\",\"description\":\"Legal firm in Barcelona and Madrid\",\"publisher\":{\"@id\":\"https:\\\/\\\/www.todanelo.com\\\/en\\\/#organization\"},\"potentialAction\":[{\"@type\":\"SearchAction\",\"target\":{\"@type\":\"EntryPoint\",\"urlTemplate\":\"https:\\\/\\\/www.todanelo.com\\\/en\\\/?s={search_term_string}\"},\"query-input\":{\"@type\":\"PropertyValueSpecification\",\"valueRequired\":true,\"valueName\":\"search_term_string\"}}],\"inLanguage\":\"en-US\"},{\"@type\":\"Organization\",\"@id\":\"https:\\\/\\\/www.todanelo.com\\\/en\\\/#organization\",\"name\":\"Toda &amp; Nel-lo Abogados\",\"url\":\"https:\\\/\\\/www.todanelo.com\\\/en\\\/\",\"logo\":{\"@type\":\"ImageObject\",\"inLanguage\":\"en-US\",\"@id\":\"https:\\\/\\\/www.todanelo.com\\\/en\\\/#\\\/schema\\\/logo\\\/image\\\/\",\"url\":\"https:\\\/\\\/www.todanelo.com\\\/wp-content\\\/uploads\\\/logo-todanelo.png\",\"contentUrl\":\"https:\\\/\\\/www.todanelo.com\\\/wp-content\\\/uploads\\\/logo-todanelo.png\",\"width\":390,\"height\":161,\"caption\":\"Toda &amp; Nel-lo Abogados\"},\"image\":{\"@id\":\"https:\\\/\\\/www.todanelo.com\\\/en\\\/#\\\/schema\\\/logo\\\/image\\\/\"}}]}<\/script>\n<!-- \/ Yoast SEO plugin. -->","yoast_head_json":{"title":"NUEVA LEY CATALANA DEL PROTECTORADO Y DE LA VERIFICACI\u00d3N DE LA ACTIVIDAD DE LAS ASOCIACIONES DE UTILIDAD P\u00daBLICA - Toda &amp; Nel-lo Abogados","description":"El Diario Oficial de la Generalitat de Catalu\u00f1a de 31 de diciembre de 2014,\u00a0 ha publicado la Ley 21\/2014, de 29 de diciembre, de protectorado de las","robots":{"index":"index","follow":"follow","max-snippet":"max-snippet:-1","max-image-preview":"max-image-preview:large","max-video-preview":"max-video-preview:-1"},"canonical":"https:\/\/www.todanelo.com\/en\/topicality-legal\/nueva-ley-catalana-del-protectorado-y-de-la-verificacion-de-la-actividad-de-las\/","og_locale":"en_US","og_type":"article","og_title":"NUEVA LEY CATALANA DEL PROTECTORADO Y DE LA VERIFICACI\u00d3N DE LA ACTIVIDAD DE LAS ASOCIACIONES DE UTILIDAD P\u00daBLICA - Toda &amp; Nel-lo Abogados","og_description":"El Diario Oficial de la Generalitat de Catalu\u00f1a de 31 de diciembre de 2014,\u00a0 ha publicado la Ley 21\/2014, de 29 de diciembre, de protectorado de las","og_url":"https:\/\/www.todanelo.com\/en\/topicality-legal\/nueva-ley-catalana-del-protectorado-y-de-la-verificacion-de-la-actividad-de-las\/","og_site_name":"Toda &amp; Nel-lo Abogados","twitter_card":"summary_large_image","twitter_misc":{"Est. reading time":"1 minute"},"schema":{"@context":"https:\/\/schema.org","@graph":[{"@type":["WebPage","ItemPage"],"@id":"https:\/\/www.todanelo.com\/en\/topicality-legal\/nueva-ley-catalana-del-protectorado-y-de-la-verificacion-de-la-actividad-de-las\/","url":"https:\/\/www.todanelo.com\/en\/topicality-legal\/nueva-ley-catalana-del-protectorado-y-de-la-verificacion-de-la-actividad-de-las\/","name":"NUEVA LEY CATALANA DEL PROTECTORADO Y DE LA VERIFICACI\u00d3N DE LA ACTIVIDAD DE LAS ASOCIACIONES DE UTILIDAD P\u00daBLICA - Toda &amp; Nel-lo Abogados","isPartOf":{"@id":"https:\/\/www.todanelo.com\/en\/#website"},"datePublished":"2015-02-16T09:00:00+00:00","description":"El Diario Oficial de la Generalitat de Catalu\u00f1a de 31 de diciembre de 2014,\u00a0 ha publicado la Ley 21\/2014, de 29 de diciembre, de protectorado de las","breadcrumb":{"@id":"https:\/\/www.todanelo.com\/en\/topicality-legal\/nueva-ley-catalana-del-protectorado-y-de-la-verificacion-de-la-actividad-de-las\/#breadcrumb"},"inLanguage":"en-US","potentialAction":[{"@type":"ReadAction","target":["https:\/\/www.todanelo.com\/en\/topicality-legal\/nueva-ley-catalana-del-protectorado-y-de-la-verificacion-de-la-actividad-de-las\/"]}]},{"@type":"BreadcrumbList","@id":"https:\/\/www.todanelo.com\/en\/topicality-legal\/nueva-ley-catalana-del-protectorado-y-de-la-verificacion-de-la-actividad-de-las\/#breadcrumb","itemListElement":[{"@type":"ListItem","position":1,"name":"Inicio","item":"https:\/\/www.todanelo.com\/en\/"},{"@type":"ListItem","position":2,"name":"Actualidad jur\u00eddica","item":"https:\/\/www.todanelo.com\/en\/topicality-legal\/"},{"@type":"ListItem","position":3,"name":"NUEVA LEY CATALANA DEL PROTECTORADO Y DE LA VERIFICACI\u00d3N DE LA ACTIVIDAD DE LAS ASOCIACIONES DE UTILIDAD P\u00daBLICA"}]},{"@type":"WebSite","@id":"https:\/\/www.todanelo.com\/en\/#website","url":"https:\/\/www.todanelo.com\/en\/","name":"Toda &amp; Nel-lo Abogados","description":"Legal firm in Barcelona and Madrid","publisher":{"@id":"https:\/\/www.todanelo.com\/en\/#organization"},"potentialAction":[{"@type":"SearchAction","target":{"@type":"EntryPoint","urlTemplate":"https:\/\/www.todanelo.com\/en\/?s={search_term_string}"},"query-input":{"@type":"PropertyValueSpecification","valueRequired":true,"valueName":"search_term_string"}}],"inLanguage":"en-US"},{"@type":"Organization","@id":"https:\/\/www.todanelo.com\/en\/#organization","name":"Toda &amp; Nel-lo Abogados","url":"https:\/\/www.todanelo.com\/en\/","logo":{"@type":"ImageObject","inLanguage":"en-US","@id":"https:\/\/www.todanelo.com\/en\/#\/schema\/logo\/image\/","url":"https:\/\/www.todanelo.com\/wp-content\/uploads\/logo-todanelo.png","contentUrl":"https:\/\/www.todanelo.com\/wp-content\/uploads\/logo-todanelo.png","width":390,"height":161,"caption":"Toda &amp; Nel-lo Abogados"},"image":{"@id":"https:\/\/www.todanelo.com\/en\/#\/schema\/logo\/image\/"}}]}},"_links":{"self":[{"href":"https:\/\/www.todanelo.com\/en\/wp-json\/wp\/v2\/legal-news\/3215","targetHints":{"allow":["GET"]}}],"collection":[{"href":"https:\/\/www.todanelo.com\/en\/wp-json\/wp\/v2\/legal-news"}],"about":[{"href":"https:\/\/www.todanelo.com\/en\/wp-json\/wp\/v2\/types\/legal-news"}],"version-history":[{"count":0,"href":"https:\/\/www.todanelo.com\/en\/wp-json\/wp\/v2\/legal-news\/3215\/revisions"}],"wp:attachment":[{"href":"https:\/\/www.todanelo.com\/en\/wp-json\/wp\/v2\/media?parent=3215"}],"curies":[{"name":"wp","href":"https:\/\/api.w.org\/{rel}","templated":true}]}}