{"id":2775,"date":"2021-10-05T15:30:00","date_gmt":"2021-10-05T15:30:00","guid":{"rendered":"https:\/\/beta.todanelo.com\/legal-news\/suspension-de-tramitacion-de-planes-proyectos-y-licencias-en-los-municipios-del\/"},"modified":"2021-10-05T15:30:00","modified_gmt":"2021-10-05T15:30:00","slug":"suspension-de-tramitacion-de-planes-proyectos-y-licencias-en-los-municipios-del","status":"publish","type":"legal-news","link":"https:\/\/www.todanelo.com\/en\/topicality-legal\/suspension-de-tramitacion-de-planes-proyectos-y-licencias-en-los-municipios-del\/","title":{"rendered":"Suspensi\u00f3n de tramitaci\u00f3n de planes, proyectos y licencias en los municipios del litoral catal\u00e1n entre Malgrat de Mar y Alcanar"},"content":{"rendered":"<p>Hoy, 5 de octubre de 2021, se ha publicado en el <em>Diari Oficial de la Generalitat de Catalunya<\/em> el acuerdo de <a href=\"https:\/\/dogc.gencat.cat\/es\/document-del-dogc\/index.html?documentId=911512\" target=\"_blank\" rel=\"noopener\"><strong>suspensi\u00f3n (&#8220;moratoria&#8221;) de la tramitaci\u00f3n de instrumentos de planeamiento, de gesti\u00f3n y de licencias en un conjunto de \u00e1mbitos de suelo urbanizable y de suelo urbano de varios municipios del litoral catal\u00e1n, entre Malgrat de Mar y Alcanar<\/strong>,<\/a> aprobado por la Comisi\u00f3n de Territorio de Catalu\u00f1a el pasado 29 de septiembre de 2021.<\/p>\n<p>Se trata de una suspensi\u00f3n potestativa previa a la aprobaci\u00f3n inicial del futuro <em>Pla director urban\u00edstic de revisi\u00f3 dels s\u00f2ls no sostenibles del litoral de Malgrat de Mar a Alcanar <\/em>(PDU). Concretamente afecta a \u00e1mbitos situados en los <a href=\"http:\/\/www.gencat.cat\/territori\/consulta_documents\/PDU_rsns_MMA_avanc\/i01_Ambit_Pla_Director.pdf\" target=\"_blank\" rel=\"noopener\">municipios litorales de las comarcas del Maresme (excepto Montgat), el Garraf, el Baix Pened\u00e8s, el Tarragon\u00e8s, el Baix Camp (incluyendo Vinyols i els Arcs), el Baix Ebre y el Montsi\u00e0, excluyendo los del Barcelon\u00e8s y del Baix Llobregat<\/a>, puesto que estos ser\u00e1n \u201crevisados\u201d, en su caso, por el futuro PDU metropolitano.<\/p>\n<p>En estos \u00e1mbitos (enlace a los planos de suspensi\u00f3n m\u00e1s abajo), la Generalitat ha acordado suspender \u201cla tramitaci\u00f3n de planes urban\u00edsticos derivados concretos y de proyectos de gesti\u00f3n urban\u00edstica y de urbanizaci\u00f3n, como tambi\u00e9n de suspender la concesi\u00f3n de licencias de parcelaci\u00f3n de terrenos, de edificaci\u00f3n, reforma, rehabilitaci\u00f3n o derribo de construcciones, de instalaci\u00f3n o ampliaci\u00f3n de actividades o usos concretos y otras autorizaciones municipales conexas establecidas por la legislaci\u00f3n sectorial, en los \u00e1mbitos incluidos en el plan de suspensi\u00f3n de licencias\u201d.<\/p>\n<p><strong>La suspensi\u00f3n tendr\u00e1 un plazo m\u00e1ximo de vigencia inicial de un a\u00f1o<\/strong>, que podr\u00e1 ser prorrogado un a\u00f1o m\u00e1s si el acuerdo de aprobaci\u00f3n inicial del futuro plan director urban\u00edstico (PDU) confirma la afectaci\u00f3n del \u00e1mbito de que se trate.<\/p>\n<p>En el mismo acuerdo de suspensi\u00f3n se aprueba someter el <a href=\"https:\/\/tauler.seu.cat\/pagDetall.do?idEdicte=323077&#038;idens=1\" target=\"_blank\" rel=\"noopener\">documento de Avance de este PDU<\/a> a un plazo de informaci\u00f3n p\u00fablica de un mes. Seg\u00fan la <a href=\"http:\/\/www.gencat.cat\/territori\/consulta_documents\/PDU_rsns_MMA_avanc\/I_Memoria_PDU_Avanc.pdf\" target=\"_blank\" rel=\"noopener\">Memoria de este documento<\/a> (p\u00e1g. 8), el futuro PDU establecer\u00e1 unos criterios y definir\u00e1 \u201clas actuaciones de modificaci\u00f3n o extinci\u00f3n susceptibles de aplicaci\u00f3n en los suelos objeto de an\u00e1lisis, seg\u00fan el nivel de afectaci\u00f3n, total o parcial, de cada uno de los criterios\u201d.<\/p>\n<p>As\u00ed pues, el Avance indica que el futuro PDU podr\u00e1 clasificar como suelo no urbanizable terrenos que actualmente est\u00e1n clasificados como suelo urbano o como suelo urbanizable, en la misma l\u00ednea de lo que ya ha previsto el <a href=\"https:\/\/dtes.gencat.cat\/rpucportal\/AppJava\/cercaExpedient.do?reqCode=veure&#038;codintExp=283586&#038;fromPage=load\" target=\"_blank\" rel=\"noopener\"><em>Pla director urban\u00edstic de revisi\u00f3 dels s\u00f2ls no sostenibles del litoral giron\u00ed<\/em><\/a>, aprobado el pasado 28 de enero de 2021. Por otro lado, tambi\u00e9n en la misma l\u00ednea del PDU del litoral gerundense, la Memoria del Avance del PDU afirma que el futuro plano tambi\u00e9n contendr\u00e1 una normativa de integraci\u00f3n paisaj\u00edstica.<\/p>\n<p>Planos de los \u00e1mbitos afectados por la suspensi\u00f3n:<\/p>\n<ul>\n<li><em><a href=\"http:\/\/www.gencat.cat\/territori\/consulta_documents\/PDU_rsns_MMA_avanc\/o00aMB_Ambits_amb_suspensio_tramitacions_i_llicencies.pdf\" target=\"_blank\" rel=\"noopener\">\u00c0mbits amb suspensi\u00f3 de tramitacions i llic\u00e8ncies &#8211; Metropolit\u00e0 de Barcelona<\/a><\/em><\/li>\n<li><em><a href=\"http:\/\/www.gencat.cat\/territori\/consulta_documents\/PDU_rsns_MMA_avanc\/o00aPE_Ambits_amb_suspensio_tramitacions_i_llicencies.pdf\" target=\"_blank\" rel=\"noopener\">\u00c0mbits amb suspensi\u00f3 de tramitacions i llic\u00e8ncies- Pened\u00e8s<\/a><\/em><\/li>\n<li><em><a href=\"http:\/\/www.gencat.cat\/territori\/consulta_documents\/PDU_rsns_MMA_avanc\/o00aCT_Ambits_amb_suspensio_tramitacions_i_llicencies.pdf\" target=\"_blank\" rel=\"noopener\">\u00c0mbits amb suspensi\u00f3 de tramitacions i llic\u00e8ncies &#8211; Camp de Tarragona<\/a><\/em><\/li>\n<li><em><a href=\"http:\/\/www.gencat.cat\/territori\/consulta_documents\/PDU_rsns_MMA_avanc\/o00aTE_Ambits_amb_suspensio_tramitacions_i_llicencies.pdf\" target=\"_blank\" rel=\"noopener\">\u00c0mbits amb suspensi\u00f3 de tramitacions i llic\u00e8ncies &#8211; Terres de l\u2019Ebre<\/a><\/em><\/li>\n<\/ul>\n<p>\u00a0<\/p>\n<p>\u00a0<\/p>\n<p><u>M\u00e1s informaci\u00f3n<\/u>: <a href=\"https:\/\/www.todanelo.com\/equipo-profesional\/pol-fontbote-pradilla\" target=\"_blank\" rel=\"noopener\">Pol Fontbot\u00e9<\/a>, abogado del \u00e1rea de Derecho P\u00fablico de Toda &#038; Nel-lo.<\/p>\n<p>\u00a0<\/p>\n","protected":false},"excerpt":{"rendered":"<p>Se trata de una suspensi\u00f3n potestativa previa a la aprobaci\u00f3n inicial del futuro &#8216;Pla director urban\u00edstic de revisi\u00f3 dels s\u00f2ls no sostenibles del litoral de Malgrat de Mar a Alcanar&#8217;.<\/p>\n","protected":false},"featured_media":2776,"template":"","meta":{"_acf_changed":false,"footnotes":""},"class_list":["post-2775","legal-news","type-legal-news","status-publish","has-post-thumbnail","hentry"],"acf":[],"yoast_head":"<!-- This site is optimized with the Yoast SEO plugin v27.4 - https:\/\/yoast.com\/product\/yoast-seo-wordpress\/ -->\n<title>Suspensi\u00f3n de tramitaci\u00f3n de planes, proyectos y licencias en los municipios del litoral catal\u00e1n entre Malgrat de Mar y Alcanar - Toda &amp; Nel-lo Abogados<\/title>\n<meta name=\"description\" content=\"Se trata de una suspensi\u00f3n potestativa previa a la aprobaci\u00f3n inicial del futuro &#039;Pla director urban\u00edstic de revisi\u00f3 dels s\u00f2ls no sostenibles del litoral de Malgrat de Mar a Alcanar&#039;.\" \/>\n<meta name=\"robots\" content=\"index, follow, max-snippet:-1, max-image-preview:large, max-video-preview:-1\" \/>\n<link rel=\"canonical\" href=\"https:\/\/www.todanelo.com\/en\/topicality-legal\/suspension-de-tramitacion-de-planes-proyectos-y-licencias-en-los-municipios-del\/\" \/>\n<meta property=\"og:locale\" content=\"en_US\" \/>\n<meta property=\"og:type\" content=\"article\" \/>\n<meta property=\"og:title\" content=\"Suspensi\u00f3n de tramitaci\u00f3n de planes, proyectos y licencias en los municipios del litoral catal\u00e1n entre Malgrat de Mar y Alcanar - Toda &amp; Nel-lo Abogados\" \/>\n<meta property=\"og:description\" content=\"Se trata de una suspensi\u00f3n potestativa previa a la aprobaci\u00f3n inicial del futuro &#039;Pla director urban\u00edstic de revisi\u00f3 dels s\u00f2ls no sostenibles del litoral de Malgrat de Mar a Alcanar&#039;.\" \/>\n<meta property=\"og:url\" content=\"https:\/\/www.todanelo.com\/en\/topicality-legal\/suspension-de-tramitacion-de-planes-proyectos-y-licencias-en-los-municipios-del\/\" \/>\n<meta property=\"og:site_name\" content=\"Toda &amp; Nel-lo Abogados\" \/>\n<meta property=\"og:image\" content=\"https:\/\/www.todanelo.com\/wp-content\/uploads\/mataro-647685-1280.jpg\" \/>\n\t<meta property=\"og:image:width\" content=\"1280\" \/>\n\t<meta property=\"og:image:height\" content=\"432\" \/>\n\t<meta property=\"og:image:type\" content=\"image\/jpeg\" \/>\n<meta name=\"twitter:card\" content=\"summary_large_image\" \/>\n<meta name=\"twitter:label1\" content=\"Est. reading time\" \/>\n\t<meta name=\"twitter:data1\" content=\"3 minutes\" \/>\n<script type=\"application\/ld+json\" class=\"yoast-schema-graph\">{\"@context\":\"https:\\\/\\\/schema.org\",\"@graph\":[{\"@type\":[\"WebPage\",\"ItemPage\"],\"@id\":\"https:\\\/\\\/www.todanelo.com\\\/en\\\/topicality-legal\\\/suspension-de-tramitacion-de-planes-proyectos-y-licencias-en-los-municipios-del\\\/\",\"url\":\"https:\\\/\\\/www.todanelo.com\\\/en\\\/topicality-legal\\\/suspension-de-tramitacion-de-planes-proyectos-y-licencias-en-los-municipios-del\\\/\",\"name\":\"Suspensi\u00f3n de tramitaci\u00f3n de planes, proyectos y licencias en los municipios del litoral catal\u00e1n entre Malgrat de Mar y Alcanar - Toda &amp; Nel-lo Abogados\",\"isPartOf\":{\"@id\":\"https:\\\/\\\/www.todanelo.com\\\/en\\\/#website\"},\"primaryImageOfPage\":{\"@id\":\"https:\\\/\\\/www.todanelo.com\\\/en\\\/topicality-legal\\\/suspension-de-tramitacion-de-planes-proyectos-y-licencias-en-los-municipios-del\\\/#primaryimage\"},\"image\":{\"@id\":\"https:\\\/\\\/www.todanelo.com\\\/en\\\/topicality-legal\\\/suspension-de-tramitacion-de-planes-proyectos-y-licencias-en-los-municipios-del\\\/#primaryimage\"},\"thumbnailUrl\":\"https:\\\/\\\/www.todanelo.com\\\/wp-content\\\/uploads\\\/mataro-647685-1280.jpg\",\"datePublished\":\"2021-10-05T15:30:00+00:00\",\"description\":\"Se trata de una suspensi\u00f3n potestativa previa a la aprobaci\u00f3n inicial del futuro 'Pla director urban\u00edstic de revisi\u00f3 dels s\u00f2ls no sostenibles del litoral de Malgrat de Mar a Alcanar'.\",\"breadcrumb\":{\"@id\":\"https:\\\/\\\/www.todanelo.com\\\/en\\\/topicality-legal\\\/suspension-de-tramitacion-de-planes-proyectos-y-licencias-en-los-municipios-del\\\/#breadcrumb\"},\"inLanguage\":\"en-US\",\"potentialAction\":[{\"@type\":\"ReadAction\",\"target\":[\"https:\\\/\\\/www.todanelo.com\\\/en\\\/topicality-legal\\\/suspension-de-tramitacion-de-planes-proyectos-y-licencias-en-los-municipios-del\\\/\"]}]},{\"@type\":\"ImageObject\",\"inLanguage\":\"en-US\",\"@id\":\"https:\\\/\\\/www.todanelo.com\\\/en\\\/topicality-legal\\\/suspension-de-tramitacion-de-planes-proyectos-y-licencias-en-los-municipios-del\\\/#primaryimage\",\"url\":\"https:\\\/\\\/www.todanelo.com\\\/wp-content\\\/uploads\\\/mataro-647685-1280.jpg\",\"contentUrl\":\"https:\\\/\\\/www.todanelo.com\\\/wp-content\\\/uploads\\\/mataro-647685-1280.jpg\",\"width\":1280,\"height\":432},{\"@type\":\"BreadcrumbList\",\"@id\":\"https:\\\/\\\/www.todanelo.com\\\/en\\\/topicality-legal\\\/suspension-de-tramitacion-de-planes-proyectos-y-licencias-en-los-municipios-del\\\/#breadcrumb\",\"itemListElement\":[{\"@type\":\"ListItem\",\"position\":1,\"name\":\"Inicio\",\"item\":\"https:\\\/\\\/www.todanelo.com\\\/en\\\/\"},{\"@type\":\"ListItem\",\"position\":2,\"name\":\"Actualidad jur\u00eddica\",\"item\":\"https:\\\/\\\/www.todanelo.com\\\/en\\\/topicality-legal\\\/\"},{\"@type\":\"ListItem\",\"position\":3,\"name\":\"Suspensi\u00f3n de tramitaci\u00f3n de planes, proyectos y licencias en los municipios del litoral catal\u00e1n entre Malgrat de Mar y Alcanar\"}]},{\"@type\":\"WebSite\",\"@id\":\"https:\\\/\\\/www.todanelo.com\\\/en\\\/#website\",\"url\":\"https:\\\/\\\/www.todanelo.com\\\/en\\\/\",\"name\":\"Toda &amp; Nel-lo Abogados\",\"description\":\"Legal firm in Barcelona and Madrid\",\"publisher\":{\"@id\":\"https:\\\/\\\/www.todanelo.com\\\/en\\\/#organization\"},\"potentialAction\":[{\"@type\":\"SearchAction\",\"target\":{\"@type\":\"EntryPoint\",\"urlTemplate\":\"https:\\\/\\\/www.todanelo.com\\\/en\\\/?s={search_term_string}\"},\"query-input\":{\"@type\":\"PropertyValueSpecification\",\"valueRequired\":true,\"valueName\":\"search_term_string\"}}],\"inLanguage\":\"en-US\"},{\"@type\":\"Organization\",\"@id\":\"https:\\\/\\\/www.todanelo.com\\\/en\\\/#organization\",\"name\":\"Toda &amp; Nel-lo Abogados\",\"url\":\"https:\\\/\\\/www.todanelo.com\\\/en\\\/\",\"logo\":{\"@type\":\"ImageObject\",\"inLanguage\":\"en-US\",\"@id\":\"https:\\\/\\\/www.todanelo.com\\\/en\\\/#\\\/schema\\\/logo\\\/image\\\/\",\"url\":\"https:\\\/\\\/www.todanelo.com\\\/wp-content\\\/uploads\\\/logo-todanelo.png\",\"contentUrl\":\"https:\\\/\\\/www.todanelo.com\\\/wp-content\\\/uploads\\\/logo-todanelo.png\",\"width\":390,\"height\":161,\"caption\":\"Toda &amp; Nel-lo Abogados\"},\"image\":{\"@id\":\"https:\\\/\\\/www.todanelo.com\\\/en\\\/#\\\/schema\\\/logo\\\/image\\\/\"}}]}<\/script>\n<!-- \/ Yoast SEO plugin. -->","yoast_head_json":{"title":"Suspensi\u00f3n de tramitaci\u00f3n de planes, proyectos y licencias en los municipios del litoral catal\u00e1n entre Malgrat de Mar y Alcanar - Toda &amp; Nel-lo Abogados","description":"Se trata de una suspensi\u00f3n potestativa previa a la aprobaci\u00f3n inicial del futuro 'Pla director urban\u00edstic de revisi\u00f3 dels s\u00f2ls no sostenibles del litoral de Malgrat de Mar a Alcanar'.","robots":{"index":"index","follow":"follow","max-snippet":"max-snippet:-1","max-image-preview":"max-image-preview:large","max-video-preview":"max-video-preview:-1"},"canonical":"https:\/\/www.todanelo.com\/en\/topicality-legal\/suspension-de-tramitacion-de-planes-proyectos-y-licencias-en-los-municipios-del\/","og_locale":"en_US","og_type":"article","og_title":"Suspensi\u00f3n de tramitaci\u00f3n de planes, proyectos y licencias en los municipios del litoral catal\u00e1n entre Malgrat de Mar y Alcanar - Toda &amp; Nel-lo Abogados","og_description":"Se trata de una suspensi\u00f3n potestativa previa a la aprobaci\u00f3n inicial del futuro 'Pla director urban\u00edstic de revisi\u00f3 dels s\u00f2ls no sostenibles del litoral de Malgrat de Mar a Alcanar'.","og_url":"https:\/\/www.todanelo.com\/en\/topicality-legal\/suspension-de-tramitacion-de-planes-proyectos-y-licencias-en-los-municipios-del\/","og_site_name":"Toda &amp; Nel-lo Abogados","og_image":[{"width":1280,"height":432,"url":"https:\/\/www.todanelo.com\/wp-content\/uploads\/mataro-647685-1280.jpg","type":"image\/jpeg"}],"twitter_card":"summary_large_image","twitter_misc":{"Est. reading time":"3 minutes"},"schema":{"@context":"https:\/\/schema.org","@graph":[{"@type":["WebPage","ItemPage"],"@id":"https:\/\/www.todanelo.com\/en\/topicality-legal\/suspension-de-tramitacion-de-planes-proyectos-y-licencias-en-los-municipios-del\/","url":"https:\/\/www.todanelo.com\/en\/topicality-legal\/suspension-de-tramitacion-de-planes-proyectos-y-licencias-en-los-municipios-del\/","name":"Suspensi\u00f3n de tramitaci\u00f3n de planes, proyectos y licencias en los municipios del litoral catal\u00e1n entre Malgrat de Mar y Alcanar - Toda &amp; Nel-lo Abogados","isPartOf":{"@id":"https:\/\/www.todanelo.com\/en\/#website"},"primaryImageOfPage":{"@id":"https:\/\/www.todanelo.com\/en\/topicality-legal\/suspension-de-tramitacion-de-planes-proyectos-y-licencias-en-los-municipios-del\/#primaryimage"},"image":{"@id":"https:\/\/www.todanelo.com\/en\/topicality-legal\/suspension-de-tramitacion-de-planes-proyectos-y-licencias-en-los-municipios-del\/#primaryimage"},"thumbnailUrl":"https:\/\/www.todanelo.com\/wp-content\/uploads\/mataro-647685-1280.jpg","datePublished":"2021-10-05T15:30:00+00:00","description":"Se trata de una suspensi\u00f3n potestativa previa a la aprobaci\u00f3n inicial del futuro 'Pla director urban\u00edstic de revisi\u00f3 dels s\u00f2ls no sostenibles del litoral de Malgrat de Mar a Alcanar'.","breadcrumb":{"@id":"https:\/\/www.todanelo.com\/en\/topicality-legal\/suspension-de-tramitacion-de-planes-proyectos-y-licencias-en-los-municipios-del\/#breadcrumb"},"inLanguage":"en-US","potentialAction":[{"@type":"ReadAction","target":["https:\/\/www.todanelo.com\/en\/topicality-legal\/suspension-de-tramitacion-de-planes-proyectos-y-licencias-en-los-municipios-del\/"]}]},{"@type":"ImageObject","inLanguage":"en-US","@id":"https:\/\/www.todanelo.com\/en\/topicality-legal\/suspension-de-tramitacion-de-planes-proyectos-y-licencias-en-los-municipios-del\/#primaryimage","url":"https:\/\/www.todanelo.com\/wp-content\/uploads\/mataro-647685-1280.jpg","contentUrl":"https:\/\/www.todanelo.com\/wp-content\/uploads\/mataro-647685-1280.jpg","width":1280,"height":432},{"@type":"BreadcrumbList","@id":"https:\/\/www.todanelo.com\/en\/topicality-legal\/suspension-de-tramitacion-de-planes-proyectos-y-licencias-en-los-municipios-del\/#breadcrumb","itemListElement":[{"@type":"ListItem","position":1,"name":"Inicio","item":"https:\/\/www.todanelo.com\/en\/"},{"@type":"ListItem","position":2,"name":"Actualidad jur\u00eddica","item":"https:\/\/www.todanelo.com\/en\/topicality-legal\/"},{"@type":"ListItem","position":3,"name":"Suspensi\u00f3n de tramitaci\u00f3n de planes, proyectos y licencias en los municipios del litoral catal\u00e1n entre Malgrat de Mar y Alcanar"}]},{"@type":"WebSite","@id":"https:\/\/www.todanelo.com\/en\/#website","url":"https:\/\/www.todanelo.com\/en\/","name":"Toda &amp; Nel-lo Abogados","description":"Legal firm in Barcelona and Madrid","publisher":{"@id":"https:\/\/www.todanelo.com\/en\/#organization"},"potentialAction":[{"@type":"SearchAction","target":{"@type":"EntryPoint","urlTemplate":"https:\/\/www.todanelo.com\/en\/?s={search_term_string}"},"query-input":{"@type":"PropertyValueSpecification","valueRequired":true,"valueName":"search_term_string"}}],"inLanguage":"en-US"},{"@type":"Organization","@id":"https:\/\/www.todanelo.com\/en\/#organization","name":"Toda &amp; Nel-lo Abogados","url":"https:\/\/www.todanelo.com\/en\/","logo":{"@type":"ImageObject","inLanguage":"en-US","@id":"https:\/\/www.todanelo.com\/en\/#\/schema\/logo\/image\/","url":"https:\/\/www.todanelo.com\/wp-content\/uploads\/logo-todanelo.png","contentUrl":"https:\/\/www.todanelo.com\/wp-content\/uploads\/logo-todanelo.png","width":390,"height":161,"caption":"Toda &amp; Nel-lo Abogados"},"image":{"@id":"https:\/\/www.todanelo.com\/en\/#\/schema\/logo\/image\/"}}]}},"_links":{"self":[{"href":"https:\/\/www.todanelo.com\/en\/wp-json\/wp\/v2\/legal-news\/2775","targetHints":{"allow":["GET"]}}],"collection":[{"href":"https:\/\/www.todanelo.com\/en\/wp-json\/wp\/v2\/legal-news"}],"about":[{"href":"https:\/\/www.todanelo.com\/en\/wp-json\/wp\/v2\/types\/legal-news"}],"version-history":[{"count":0,"href":"https:\/\/www.todanelo.com\/en\/wp-json\/wp\/v2\/legal-news\/2775\/revisions"}],"wp:featuredmedia":[{"embeddable":true,"href":"https:\/\/www.todanelo.com\/en\/wp-json\/wp\/v2\/media\/2776"}],"wp:attachment":[{"href":"https:\/\/www.todanelo.com\/en\/wp-json\/wp\/v2\/media?parent=2775"}],"curies":[{"name":"wp","href":"https:\/\/api.w.org\/{rel}","templated":true}]}}