{"id":2561,"date":"2024-07-29T12:00:00","date_gmt":"2024-07-29T12:00:00","guid":{"rendered":"https:\/\/beta.todanelo.com\/legal-news\/nuevos-subsidios-por-desempleo-permisos-de-lactancia-y-prevalencia-en-los\/"},"modified":"2024-07-29T12:00:00","modified_gmt":"2024-07-29T12:00:00","slug":"nuevos-subsidios-por-desempleo-permisos-de-lactancia-y-prevalencia-en-los","status":"publish","type":"legal-news","link":"https:\/\/www.todanelo.com\/en\/topicality-legal\/nuevos-subsidios-por-desempleo-permisos-de-lactancia-y-prevalencia-en-los\/","title":{"rendered":"Nuevos subsidios por desempleo, permisos de lactancia y prevalencia en los convenios"},"content":{"rendered":"<p>El pasado 21 de mayo, se aprob\u00f3 el Real Decreto-ley 2\/2024, que introduce medidas urgentes para la simplificaci\u00f3n y mejora del nivel asistencial de la protecci\u00f3n por desempleo, as\u00ed como para la conciliaci\u00f3n de la vida familiar y profesional. A continuaci\u00f3n, les proporcionamos un resumen de los puntos m\u00e1s relevantes de esta nueva normativa:<\/p>\n<p>La mayor\u00eda de las modificaciones entrar\u00e1n en vigor el 1 de noviembre de 2024, salvo la prevalencia de los convenios colectivos auton\u00f3micos y el permiso por cuidado del lactante, que son efectivos desde el pasado 23 de mayo de 2024.<\/p>\n<p>\u00a0<\/p>\n<p><strong>Modificaci\u00f3n del subsidio por desempleo:<\/strong><\/p>\n<ul>\n<li>\n<p>Las personas trabajadoras podr\u00e1n compatibilizar los subsidios y prestaciones por desempleo con la actividad laboral por cuenta ajena durante un m\u00e1ximo de 180 d\u00edas.<\/p>\n<\/li>\n<\/ul>\n<p>\u00a0<\/p>\n<ul>\n<li>\n<p>Se ampl\u00eda el colectivo con derecho a esta cobertura incluyendo a personas menores de 45 a\u00f1os sin cargas familiares que haya agotado una prestaci\u00f3n contributiva de 360 d\u00edas y que acrediten periodos cotizados inferiores a seis meses, aunque carezcan de responsabilidades familiares.<\/p>\n<\/li>\n<\/ul>\n<p>\u00a0<\/p>\n<ul>\n<li>\n<p>Tambi\u00e9n se reconoce el derecho al subsidio asistencial a trabajadores eventuales agrarios y a trabajadores transfronterizos de Ceuta y Melilla.<\/p>\n<\/li>\n<\/ul>\n<p>\u00a0<\/p>\n<p><strong>Acumulaci\u00f3n del permiso de lactancia<\/strong>:<\/p>\n<ul>\n<li>\n<p>El permiso parental sobre la lactancia pasar\u00e1 a poder disfrutarse de forma acumuladamente <u>sin necesidad de regulaci\u00f3n espec\u00edfica en el convenio o pacto con la empresa<\/u>. Se modifica el art\u00edculo 37.4 del Estatuto de los Trabajadores para eliminar las restricciones de acceso a este permiso.<\/p>\n<\/li>\n<\/ul>\n<p>\u00a0<\/p>\n<p><strong>Prevalencia de los convenios colectivos auton\u00f3micos:<\/strong><\/p>\n<p>Dentro de una comunidad aut\u00f3noma, los convenios colectivos y acuerdos interprofesionales tendr\u00e1n prioridad sobre cualquier otro convenio sectorial o acuerdo de \u00e1mbito estatal.<\/p>\n<p>Los convenios colectivos provinciales tambi\u00e9n pueden tener esta prioridad si as\u00ed lo prev\u00e9 un acuerdo interprofesional de \u00e1mbito auton\u00f3mico y si su regulaci\u00f3n es m\u00e1s favorable para los trabajadores que la fijada en convenios o acuerdos estatales.<\/p>\n<p><strong>Excepciones<\/strong>: No se podr\u00e1n regular en un convenio auton\u00f3mico o provincial cuando exista uno estatal las siguientes materias: periodo de prueba, modalidades de contrataci\u00f3n, clasificaci\u00f3n profesional, jornada m\u00e1xima anual de trabajo, r\u00e9gimen disciplinario, normas m\u00ednimas en materia de prevenci\u00f3n de riesgos laborales y movilidad geogr\u00e1fica.<\/p>\n<p>\u00a0<\/p>\n<p><strong>Nuevo subsidio para v\u00edctimas de violencia de g\u00e9nero:<\/strong><\/p>\n<p>Se establece un subsidio por desempleo para mujeres mayores de 16 a\u00f1os que sean v\u00edctimas de violencia de g\u00e9nero, el cual tendr\u00e1 las mismas cuant\u00edas que el subsidio ordinario.<\/p>\n<p>\u00a0<\/p>\n","protected":false},"excerpt":{"rendered":"<p>El Real Decreto-ley 2\/2024 introduce mejoras en la protecci\u00f3n por desempleo y la conciliaci\u00f3n familiar, incluyendo un nuevo subsidio para v\u00edctimas de violencia de g\u00e9nero.<\/p>\n","protected":false},"featured_media":2562,"template":"","meta":{"_acf_changed":false,"footnotes":""},"class_list":["post-2561","legal-news","type-legal-news","status-publish","has-post-thumbnail","hentry"],"acf":[],"yoast_head":"<!-- This site is optimized with the Yoast SEO plugin v27.4 - https:\/\/yoast.com\/product\/yoast-seo-wordpress\/ -->\n<title>Nuevos subsidios por desempleo, permisos de lactancia y prevalencia en los convenios - Toda &amp; Nel-lo Abogados<\/title>\n<meta name=\"description\" content=\"El Real Decreto-ley 2\/2024 introduce mejoras en la protecci\u00f3n por desempleo y la conciliaci\u00f3n familiar, incluyendo un nuevo subsidio para v\u00edctimas de violencia de g\u00e9nero.\" \/>\n<meta name=\"robots\" content=\"index, follow, max-snippet:-1, max-image-preview:large, max-video-preview:-1\" \/>\n<link rel=\"canonical\" href=\"https:\/\/www.todanelo.com\/en\/topicality-legal\/nuevos-subsidios-por-desempleo-permisos-de-lactancia-y-prevalencia-en-los\/\" \/>\n<meta property=\"og:locale\" content=\"en_US\" \/>\n<meta property=\"og:type\" content=\"article\" \/>\n<meta property=\"og:title\" content=\"Nuevos subsidios por desempleo, permisos de lactancia y prevalencia en los convenios - Toda &amp; Nel-lo Abogados\" \/>\n<meta property=\"og:description\" content=\"El Real Decreto-ley 2\/2024 introduce mejoras en la protecci\u00f3n por desempleo y la conciliaci\u00f3n familiar, incluyendo un nuevo subsidio para v\u00edctimas de violencia de g\u00e9nero.\" \/>\n<meta property=\"og:url\" content=\"https:\/\/www.todanelo.com\/en\/topicality-legal\/nuevos-subsidios-por-desempleo-permisos-de-lactancia-y-prevalencia-en-los\/\" \/>\n<meta property=\"og:site_name\" content=\"Toda &amp; Nel-lo Abogados\" \/>\n<meta property=\"og:image\" content=\"https:\/\/www.todanelo.com\/wp-content\/uploads\/imagen2-0.jpg\" \/>\n\t<meta property=\"og:image:width\" content=\"566\" \/>\n\t<meta property=\"og:image:height\" content=\"377\" \/>\n\t<meta property=\"og:image:type\" content=\"image\/jpeg\" \/>\n<meta name=\"twitter:card\" content=\"summary_large_image\" \/>\n<meta name=\"twitter:label1\" content=\"Est. reading time\" \/>\n\t<meta name=\"twitter:data1\" content=\"2 minutes\" \/>\n<script type=\"application\/ld+json\" class=\"yoast-schema-graph\">{\"@context\":\"https:\\\/\\\/schema.org\",\"@graph\":[{\"@type\":[\"WebPage\",\"ItemPage\"],\"@id\":\"https:\\\/\\\/www.todanelo.com\\\/en\\\/topicality-legal\\\/nuevos-subsidios-por-desempleo-permisos-de-lactancia-y-prevalencia-en-los\\\/\",\"url\":\"https:\\\/\\\/www.todanelo.com\\\/en\\\/topicality-legal\\\/nuevos-subsidios-por-desempleo-permisos-de-lactancia-y-prevalencia-en-los\\\/\",\"name\":\"Nuevos subsidios por desempleo, permisos de lactancia y prevalencia en los convenios - Toda &amp; Nel-lo Abogados\",\"isPartOf\":{\"@id\":\"https:\\\/\\\/www.todanelo.com\\\/en\\\/#website\"},\"primaryImageOfPage\":{\"@id\":\"https:\\\/\\\/www.todanelo.com\\\/en\\\/topicality-legal\\\/nuevos-subsidios-por-desempleo-permisos-de-lactancia-y-prevalencia-en-los\\\/#primaryimage\"},\"image\":{\"@id\":\"https:\\\/\\\/www.todanelo.com\\\/en\\\/topicality-legal\\\/nuevos-subsidios-por-desempleo-permisos-de-lactancia-y-prevalencia-en-los\\\/#primaryimage\"},\"thumbnailUrl\":\"https:\\\/\\\/www.todanelo.com\\\/wp-content\\\/uploads\\\/imagen2-0.jpg\",\"datePublished\":\"2024-07-29T12:00:00+00:00\",\"description\":\"El Real Decreto-ley 2\\\/2024 introduce mejoras en la protecci\u00f3n por desempleo y la conciliaci\u00f3n familiar, incluyendo un nuevo subsidio para v\u00edctimas de violencia de g\u00e9nero.\",\"breadcrumb\":{\"@id\":\"https:\\\/\\\/www.todanelo.com\\\/en\\\/topicality-legal\\\/nuevos-subsidios-por-desempleo-permisos-de-lactancia-y-prevalencia-en-los\\\/#breadcrumb\"},\"inLanguage\":\"en-US\",\"potentialAction\":[{\"@type\":\"ReadAction\",\"target\":[\"https:\\\/\\\/www.todanelo.com\\\/en\\\/topicality-legal\\\/nuevos-subsidios-por-desempleo-permisos-de-lactancia-y-prevalencia-en-los\\\/\"]}]},{\"@type\":\"ImageObject\",\"inLanguage\":\"en-US\",\"@id\":\"https:\\\/\\\/www.todanelo.com\\\/en\\\/topicality-legal\\\/nuevos-subsidios-por-desempleo-permisos-de-lactancia-y-prevalencia-en-los\\\/#primaryimage\",\"url\":\"https:\\\/\\\/www.todanelo.com\\\/wp-content\\\/uploads\\\/imagen2-0.jpg\",\"contentUrl\":\"https:\\\/\\\/www.todanelo.com\\\/wp-content\\\/uploads\\\/imagen2-0.jpg\",\"width\":566,\"height\":377},{\"@type\":\"BreadcrumbList\",\"@id\":\"https:\\\/\\\/www.todanelo.com\\\/en\\\/topicality-legal\\\/nuevos-subsidios-por-desempleo-permisos-de-lactancia-y-prevalencia-en-los\\\/#breadcrumb\",\"itemListElement\":[{\"@type\":\"ListItem\",\"position\":1,\"name\":\"Inicio\",\"item\":\"https:\\\/\\\/www.todanelo.com\\\/en\\\/\"},{\"@type\":\"ListItem\",\"position\":2,\"name\":\"Actualidad jur\u00eddica\",\"item\":\"https:\\\/\\\/www.todanelo.com\\\/en\\\/topicality-legal\\\/\"},{\"@type\":\"ListItem\",\"position\":3,\"name\":\"Nuevos subsidios por desempleo, permisos de lactancia y prevalencia en los convenios\"}]},{\"@type\":\"WebSite\",\"@id\":\"https:\\\/\\\/www.todanelo.com\\\/en\\\/#website\",\"url\":\"https:\\\/\\\/www.todanelo.com\\\/en\\\/\",\"name\":\"Toda &amp; Nel-lo Abogados\",\"description\":\"Legal firm in Barcelona and Madrid\",\"publisher\":{\"@id\":\"https:\\\/\\\/www.todanelo.com\\\/en\\\/#organization\"},\"potentialAction\":[{\"@type\":\"SearchAction\",\"target\":{\"@type\":\"EntryPoint\",\"urlTemplate\":\"https:\\\/\\\/www.todanelo.com\\\/en\\\/?s={search_term_string}\"},\"query-input\":{\"@type\":\"PropertyValueSpecification\",\"valueRequired\":true,\"valueName\":\"search_term_string\"}}],\"inLanguage\":\"en-US\"},{\"@type\":\"Organization\",\"@id\":\"https:\\\/\\\/www.todanelo.com\\\/en\\\/#organization\",\"name\":\"Toda &amp; Nel-lo Abogados\",\"url\":\"https:\\\/\\\/www.todanelo.com\\\/en\\\/\",\"logo\":{\"@type\":\"ImageObject\",\"inLanguage\":\"en-US\",\"@id\":\"https:\\\/\\\/www.todanelo.com\\\/en\\\/#\\\/schema\\\/logo\\\/image\\\/\",\"url\":\"https:\\\/\\\/www.todanelo.com\\\/wp-content\\\/uploads\\\/logo-todanelo.png\",\"contentUrl\":\"https:\\\/\\\/www.todanelo.com\\\/wp-content\\\/uploads\\\/logo-todanelo.png\",\"width\":390,\"height\":161,\"caption\":\"Toda &amp; Nel-lo Abogados\"},\"image\":{\"@id\":\"https:\\\/\\\/www.todanelo.com\\\/en\\\/#\\\/schema\\\/logo\\\/image\\\/\"}}]}<\/script>\n<!-- \/ Yoast SEO plugin. -->","yoast_head_json":{"title":"Nuevos subsidios por desempleo, permisos de lactancia y prevalencia en los convenios - Toda &amp; Nel-lo Abogados","description":"El Real Decreto-ley 2\/2024 introduce mejoras en la protecci\u00f3n por desempleo y la conciliaci\u00f3n familiar, incluyendo un nuevo subsidio para v\u00edctimas de violencia de g\u00e9nero.","robots":{"index":"index","follow":"follow","max-snippet":"max-snippet:-1","max-image-preview":"max-image-preview:large","max-video-preview":"max-video-preview:-1"},"canonical":"https:\/\/www.todanelo.com\/en\/topicality-legal\/nuevos-subsidios-por-desempleo-permisos-de-lactancia-y-prevalencia-en-los\/","og_locale":"en_US","og_type":"article","og_title":"Nuevos subsidios por desempleo, permisos de lactancia y prevalencia en los convenios - Toda &amp; Nel-lo Abogados","og_description":"El Real Decreto-ley 2\/2024 introduce mejoras en la protecci\u00f3n por desempleo y la conciliaci\u00f3n familiar, incluyendo un nuevo subsidio para v\u00edctimas de violencia de g\u00e9nero.","og_url":"https:\/\/www.todanelo.com\/en\/topicality-legal\/nuevos-subsidios-por-desempleo-permisos-de-lactancia-y-prevalencia-en-los\/","og_site_name":"Toda &amp; Nel-lo Abogados","og_image":[{"width":566,"height":377,"url":"https:\/\/www.todanelo.com\/wp-content\/uploads\/imagen2-0.jpg","type":"image\/jpeg"}],"twitter_card":"summary_large_image","twitter_misc":{"Est. reading time":"2 minutes"},"schema":{"@context":"https:\/\/schema.org","@graph":[{"@type":["WebPage","ItemPage"],"@id":"https:\/\/www.todanelo.com\/en\/topicality-legal\/nuevos-subsidios-por-desempleo-permisos-de-lactancia-y-prevalencia-en-los\/","url":"https:\/\/www.todanelo.com\/en\/topicality-legal\/nuevos-subsidios-por-desempleo-permisos-de-lactancia-y-prevalencia-en-los\/","name":"Nuevos subsidios por desempleo, permisos de lactancia y prevalencia en los convenios - Toda &amp; Nel-lo Abogados","isPartOf":{"@id":"https:\/\/www.todanelo.com\/en\/#website"},"primaryImageOfPage":{"@id":"https:\/\/www.todanelo.com\/en\/topicality-legal\/nuevos-subsidios-por-desempleo-permisos-de-lactancia-y-prevalencia-en-los\/#primaryimage"},"image":{"@id":"https:\/\/www.todanelo.com\/en\/topicality-legal\/nuevos-subsidios-por-desempleo-permisos-de-lactancia-y-prevalencia-en-los\/#primaryimage"},"thumbnailUrl":"https:\/\/www.todanelo.com\/wp-content\/uploads\/imagen2-0.jpg","datePublished":"2024-07-29T12:00:00+00:00","description":"El Real Decreto-ley 2\/2024 introduce mejoras en la protecci\u00f3n por desempleo y la conciliaci\u00f3n familiar, incluyendo un nuevo subsidio para v\u00edctimas de violencia de g\u00e9nero.","breadcrumb":{"@id":"https:\/\/www.todanelo.com\/en\/topicality-legal\/nuevos-subsidios-por-desempleo-permisos-de-lactancia-y-prevalencia-en-los\/#breadcrumb"},"inLanguage":"en-US","potentialAction":[{"@type":"ReadAction","target":["https:\/\/www.todanelo.com\/en\/topicality-legal\/nuevos-subsidios-por-desempleo-permisos-de-lactancia-y-prevalencia-en-los\/"]}]},{"@type":"ImageObject","inLanguage":"en-US","@id":"https:\/\/www.todanelo.com\/en\/topicality-legal\/nuevos-subsidios-por-desempleo-permisos-de-lactancia-y-prevalencia-en-los\/#primaryimage","url":"https:\/\/www.todanelo.com\/wp-content\/uploads\/imagen2-0.jpg","contentUrl":"https:\/\/www.todanelo.com\/wp-content\/uploads\/imagen2-0.jpg","width":566,"height":377},{"@type":"BreadcrumbList","@id":"https:\/\/www.todanelo.com\/en\/topicality-legal\/nuevos-subsidios-por-desempleo-permisos-de-lactancia-y-prevalencia-en-los\/#breadcrumb","itemListElement":[{"@type":"ListItem","position":1,"name":"Inicio","item":"https:\/\/www.todanelo.com\/en\/"},{"@type":"ListItem","position":2,"name":"Actualidad jur\u00eddica","item":"https:\/\/www.todanelo.com\/en\/topicality-legal\/"},{"@type":"ListItem","position":3,"name":"Nuevos subsidios por desempleo, permisos de lactancia y prevalencia en los convenios"}]},{"@type":"WebSite","@id":"https:\/\/www.todanelo.com\/en\/#website","url":"https:\/\/www.todanelo.com\/en\/","name":"Toda &amp; Nel-lo Abogados","description":"Legal firm in Barcelona and Madrid","publisher":{"@id":"https:\/\/www.todanelo.com\/en\/#organization"},"potentialAction":[{"@type":"SearchAction","target":{"@type":"EntryPoint","urlTemplate":"https:\/\/www.todanelo.com\/en\/?s={search_term_string}"},"query-input":{"@type":"PropertyValueSpecification","valueRequired":true,"valueName":"search_term_string"}}],"inLanguage":"en-US"},{"@type":"Organization","@id":"https:\/\/www.todanelo.com\/en\/#organization","name":"Toda &amp; Nel-lo Abogados","url":"https:\/\/www.todanelo.com\/en\/","logo":{"@type":"ImageObject","inLanguage":"en-US","@id":"https:\/\/www.todanelo.com\/en\/#\/schema\/logo\/image\/","url":"https:\/\/www.todanelo.com\/wp-content\/uploads\/logo-todanelo.png","contentUrl":"https:\/\/www.todanelo.com\/wp-content\/uploads\/logo-todanelo.png","width":390,"height":161,"caption":"Toda &amp; Nel-lo Abogados"},"image":{"@id":"https:\/\/www.todanelo.com\/en\/#\/schema\/logo\/image\/"}}]}},"_links":{"self":[{"href":"https:\/\/www.todanelo.com\/en\/wp-json\/wp\/v2\/legal-news\/2561","targetHints":{"allow":["GET"]}}],"collection":[{"href":"https:\/\/www.todanelo.com\/en\/wp-json\/wp\/v2\/legal-news"}],"about":[{"href":"https:\/\/www.todanelo.com\/en\/wp-json\/wp\/v2\/types\/legal-news"}],"version-history":[{"count":0,"href":"https:\/\/www.todanelo.com\/en\/wp-json\/wp\/v2\/legal-news\/2561\/revisions"}],"wp:featuredmedia":[{"embeddable":true,"href":"https:\/\/www.todanelo.com\/en\/wp-json\/wp\/v2\/media\/2562"}],"wp:attachment":[{"href":"https:\/\/www.todanelo.com\/en\/wp-json\/wp\/v2\/media?parent=2561"}],"curies":[{"name":"wp","href":"https:\/\/api.w.org\/{rel}","templated":true}]}}