{"id":4285,"date":"2025-02-26T09:53:35","date_gmt":"2025-02-26T09:53:35","guid":{"rendered":"https:\/\/www.todanelo.com\/noticias\/toda-nelo-refuerza-inmobiliario-david-gomez-cubillo\/"},"modified":"2025-07-16T13:51:27","modified_gmt":"2025-07-16T13:51:27","slug":"toda-nelo-refuerza-inmobiliario-david-gomez-cubillo","status":"publish","type":"post","link":"https:\/\/www.todanelo.com\/ca\/noticies\/toda-nelo-reforca-immobiliari-david-gomez-cubillo\/","title":{"rendered":"Toda &amp; Nel-lo es refor\u00e7a en immobiliari amb la incorporaci\u00f3 de David G\u00f3mez Cubillo"},"content":{"rendered":"<p>Toda &amp; Nel-lo, despatx multidisciplinari amb oficines a Barcelona i Madrid, ha incorporat <a href=\"https:\/\/www.todanelo.com\/ca\/equip-professional\/david-gomez-cubillo\">David G\u00f3mez Cubillo<\/a> com a nou <em>counsel <\/em>de la pr\u00e0ctica de <a href=\"https:\/\/www.todanelo.com\/ca\/arees-de-practica\/immobiliari\">Dret Immobiliari<\/a>. G\u00f3mez Cubillo compta amb m\u00e9s de 15 anys d&#8217;experi\u00e8ncia i est\u00e0 especialitzat en l&#8217;\u00e0mbit transaccional i l&#8217;assessorament recurrent.<\/p>\n<p>T\u00e9 un ampli bagatge en mat\u00e8ria d&#8217;adquisicions i alienacions de tot tipus d&#8217;immobles (s\u00f2ls, immobles en construcci\u00f3, immobles constru\u00efts, immobles en rendibilitat, etc.), tant sota estructures d&#8217;<em>asset deal<\/em> com de <em>share deal<\/em>, <em>sale and lease-backs<\/em>, arrendaments, drets de superf\u00edcie, promoci\u00f3 i construcci\u00f3 immobili\u00e0ria, contractes d&#8217;obra, contractes d&#8217;arquitectura i enginyeria, <em>project management<\/em>, <em>asset management<\/em>, etc. Aix\u00ed mateix, ha participat en operacions <em>cross-border<\/em> i en la realitzaci\u00f3 i coordinaci\u00f3 de processos de <em>due diligence<\/em>. Amb anterioritat a la seva incorporaci\u00f3 a Toda &amp; Nel-lo, va desenvolupar la seva traject\u00f2ria a despatxos de primer nivell d&#8217;\u00e0mbit nacional i internacional.<\/p>\n<p>Amb la incorporaci\u00f3 de G\u00f3mez Cubillo, Toda &amp; Nel-lo amplia els serveis que ja prestava a l&#8217;\u00e0mbit immobiliari, dotant-se d&#8217;un departament que treballar\u00e0 estretament amb altres \u00e0rees de la firma, com les de Dret P\u00fablic i Urbanisme, Mercantil i M&amp;A, Fiscal o Litigaci\u00f3, entre d&#8217;altres.<\/p>\n<p>Jos\u00e9 Mar\u00eda Buxeda, soci de Toda &amp; Nel-lo i membre del Consell d&#8217;Administraci\u00f3, comenta: \u201c<em>la incorporaci\u00f3 de David G\u00f3mez Cubillo ens permet refor\u00e7ar el nostre assessorament en immobiliari en dues places cr\u00edtiques com s\u00f3n Madrid i Barcelona, i ens posa en una situaci\u00f3 excel\u00b7lent per traslladar a aquest \u00e0mbit les nostres senyes d&#8217;identitat: qualitat t\u00e8cnica, excel\u00b7l\u00e8ncia i proximitat amb els nostres clients<\/em>\u201d.<\/p>\n<p>David G\u00f3mez Cubillo assenyala: \u201c<em>\u00c9s un orgull liderar la pr\u00e0ctica d&#8217;immobiliari d&#8217;una firma del prestigi de Toda &amp; Nel-lo. Afronto aquesta etapa amb l&#8217;objectiu de contribuir al creixement del despatx<\/em>\u201d.<\/p>\n<p><u>Enlla\u00e7os relacionats<\/u><\/p>\n<p><a href=\"https:\/\/www.elconfidencial.com\/juridico\/2025-02-26\/toda-nel-lo-david-gomez-cubillo-inmobiliario_4072837\/\">El Confidencial<\/a><\/p>\n<p><a href=\"https:\/\/cincodias.elpais.com\/legal\/2025-02-26\/toda-nel-lo-ficha-a-david-gomez-cubillo-como-counsel-para-reforzar-su-area-de-inmobiliario.html\">Cinco D\u00edas<\/a><\/p>\n<p><a href=\"https:\/\/www.expansion.com\/juridico\/fichajes\/2025\/02\/26\/67bed269468aeb050c8b45b0.html\">Expansi\u00f3n<\/a><\/p>\n<p><a href=\"https:\/\/brainsre.news\/toda-nel-lo-david-gomez-counsel-inmobiliario\/\">Brains Real Estate News<\/a><\/p>\n","protected":false},"excerpt":{"rendered":"<p>La incorporaci\u00f3 suposa una aposta estrat\u00e8gica de la firma per una \u00e0rea clau en mercats com Madrid i Barcelona. Amb el fitxatge de G\u00f3mez Cubillo, Toda &#038; Nel-lo amplia l&#8217;oferta existent de serveis per als clients que operen a l&#8217;\u00e0mbit immobiliari i completa l&#8217;assessorament que ja prestava a l&#8217;\u00e0mbit urban\u00edstic<\/p>\n","protected":false},"author":1,"featured_media":3982,"comment_status":"closed","ping_status":"closed","sticky":false,"template":"","format":"standard","meta":{"_acf_changed":false,"footnotes":""},"categories":[1],"tags":[],"class_list":["post-4285","post","type-post","status-publish","format-standard","has-post-thumbnail","hentry","category-sin-categorizar"],"acf":[],"yoast_head":"<!-- This site is optimized with the Yoast SEO plugin v27.4 - https:\/\/yoast.com\/product\/yoast-seo-wordpress\/ -->\n<title>Toda &amp; Nel-lo es refor\u00e7a en immobiliari amb la incorporaci\u00f3 de David G\u00f3mez Cubillo - Toda &amp; Nel-lo Abogados<\/title>\n<meta name=\"description\" content=\"La incorporaci\u00f3 suposa una aposta estrat\u00e8gica de la firma per una \u00e0rea clau en mercats com Madrid i Barcelona. Amb el fitxatge de G\u00f3mez Cubillo, Toda &amp; Nel-lo amplia l&#039;oferta existent de serveis per als clients que operen a l&#039;\u00e0mbit immobiliari i completa l&#039;assessorament que ja prestava a l&#039;\u00e0mbit urban\u00edstic\" \/>\n<meta name=\"robots\" content=\"index, follow, max-snippet:-1, max-image-preview:large, max-video-preview:-1\" \/>\n<link rel=\"canonical\" href=\"https:\/\/www.todanelo.com\/ca\/noticies\/toda-nelo-reforca-immobiliari-david-gomez-cubillo\/\" \/>\n<meta property=\"og:locale\" content=\"ca_ES\" \/>\n<meta property=\"og:type\" content=\"article\" \/>\n<meta property=\"og:title\" content=\"Toda &amp; Nel-lo es refor\u00e7a en immobiliari amb la incorporaci\u00f3 de David G\u00f3mez Cubillo - Toda &amp; Nel-lo Abogados\" \/>\n<meta property=\"og:description\" content=\"La incorporaci\u00f3 suposa una aposta estrat\u00e8gica de la firma per una \u00e0rea clau en mercats com Madrid i Barcelona. Amb el fitxatge de G\u00f3mez Cubillo, Toda &amp; Nel-lo amplia l&#039;oferta existent de serveis per als clients que operen a l&#039;\u00e0mbit immobiliari i completa l&#039;assessorament que ja prestava a l&#039;\u00e0mbit urban\u00edstic\" \/>\n<meta property=\"og:url\" content=\"https:\/\/www.todanelo.com\/ca\/noticies\/toda-nelo-reforca-immobiliari-david-gomez-cubillo\/\" \/>\n<meta property=\"og:site_name\" content=\"Toda &amp; Nel-lo Abogados\" \/>\n<meta property=\"article:published_time\" content=\"2025-02-26T09:53:35+00:00\" \/>\n<meta property=\"article:modified_time\" content=\"2025-07-16T13:51:27+00:00\" \/>\n<meta property=\"og:image\" content=\"https:\/\/www.todanelo.com\/wp-content\/uploads\/dgc-jmb-s.jpg\" \/>\n\t<meta property=\"og:image:width\" content=\"2560\" \/>\n\t<meta property=\"og:image:height\" content=\"1920\" \/>\n\t<meta property=\"og:image:type\" content=\"image\/jpeg\" \/>\n<meta name=\"author\" content=\"emfasi\" \/>\n<meta name=\"twitter:card\" content=\"summary_large_image\" \/>\n<meta name=\"twitter:label1\" content=\"Escrit per\" \/>\n\t<meta name=\"twitter:data1\" content=\"emfasi\" \/>\n\t<meta name=\"twitter:label2\" content=\"Temps estimat de lectura\" \/>\n\t<meta name=\"twitter:data2\" content=\"2 minuts\" \/>\n<script type=\"application\/ld+json\" class=\"yoast-schema-graph\">{\"@context\":\"https:\\\/\\\/schema.org\",\"@graph\":[{\"@type\":\"Article\",\"@id\":\"https:\\\/\\\/www.todanelo.com\\\/ca\\\/noticies\\\/toda-nelo-reforca-immobiliari-david-gomez-cubillo\\\/#article\",\"isPartOf\":{\"@id\":\"https:\\\/\\\/www.todanelo.com\\\/ca\\\/noticies\\\/toda-nelo-reforca-immobiliari-david-gomez-cubillo\\\/\"},\"author\":{\"name\":\"emfasi\",\"@id\":\"https:\\\/\\\/www.todanelo.com\\\/ca\\\/#\\\/schema\\\/person\\\/403e6ed9d856044c44f52763ead94c6a\"},\"headline\":\"Toda &amp; Nel-lo es refor\u00e7a en immobiliari amb la incorporaci\u00f3 de David G\u00f3mez Cubillo\",\"datePublished\":\"2025-02-26T09:53:35+00:00\",\"dateModified\":\"2025-07-16T13:51:27+00:00\",\"mainEntityOfPage\":{\"@id\":\"https:\\\/\\\/www.todanelo.com\\\/ca\\\/noticies\\\/toda-nelo-reforca-immobiliari-david-gomez-cubillo\\\/\"},\"wordCount\":349,\"publisher\":{\"@id\":\"https:\\\/\\\/www.todanelo.com\\\/ca\\\/#organization\"},\"image\":{\"@id\":\"https:\\\/\\\/www.todanelo.com\\\/ca\\\/noticies\\\/toda-nelo-reforca-immobiliari-david-gomez-cubillo\\\/#primaryimage\"},\"thumbnailUrl\":\"https:\\\/\\\/www.todanelo.com\\\/wp-content\\\/uploads\\\/dgc-jmb-s.jpg\",\"articleSection\":[\"Sin categorizar\"],\"inLanguage\":\"ca\"},{\"@type\":\"WebPage\",\"@id\":\"https:\\\/\\\/www.todanelo.com\\\/ca\\\/noticies\\\/toda-nelo-reforca-immobiliari-david-gomez-cubillo\\\/\",\"url\":\"https:\\\/\\\/www.todanelo.com\\\/ca\\\/noticies\\\/toda-nelo-reforca-immobiliari-david-gomez-cubillo\\\/\",\"name\":\"Toda &amp; Nel-lo es refor\u00e7a en immobiliari amb la incorporaci\u00f3 de David G\u00f3mez Cubillo - Toda &amp; Nel-lo Abogados\",\"isPartOf\":{\"@id\":\"https:\\\/\\\/www.todanelo.com\\\/ca\\\/#website\"},\"primaryImageOfPage\":{\"@id\":\"https:\\\/\\\/www.todanelo.com\\\/ca\\\/noticies\\\/toda-nelo-reforca-immobiliari-david-gomez-cubillo\\\/#primaryimage\"},\"image\":{\"@id\":\"https:\\\/\\\/www.todanelo.com\\\/ca\\\/noticies\\\/toda-nelo-reforca-immobiliari-david-gomez-cubillo\\\/#primaryimage\"},\"thumbnailUrl\":\"https:\\\/\\\/www.todanelo.com\\\/wp-content\\\/uploads\\\/dgc-jmb-s.jpg\",\"datePublished\":\"2025-02-26T09:53:35+00:00\",\"dateModified\":\"2025-07-16T13:51:27+00:00\",\"description\":\"La incorporaci\u00f3 suposa una aposta estrat\u00e8gica de la firma per una \u00e0rea clau en mercats com Madrid i Barcelona. Amb el fitxatge de G\u00f3mez Cubillo, Toda & Nel-lo amplia l'oferta existent de serveis per als clients que operen a l'\u00e0mbit immobiliari i completa l'assessorament que ja prestava a l'\u00e0mbit urban\u00edstic\",\"breadcrumb\":{\"@id\":\"https:\\\/\\\/www.todanelo.com\\\/ca\\\/noticies\\\/toda-nelo-reforca-immobiliari-david-gomez-cubillo\\\/#breadcrumb\"},\"inLanguage\":\"ca\",\"potentialAction\":[{\"@type\":\"ReadAction\",\"target\":[\"https:\\\/\\\/www.todanelo.com\\\/ca\\\/noticies\\\/toda-nelo-reforca-immobiliari-david-gomez-cubillo\\\/\"]}]},{\"@type\":\"ImageObject\",\"inLanguage\":\"ca\",\"@id\":\"https:\\\/\\\/www.todanelo.com\\\/ca\\\/noticies\\\/toda-nelo-reforca-immobiliari-david-gomez-cubillo\\\/#primaryimage\",\"url\":\"https:\\\/\\\/www.todanelo.com\\\/wp-content\\\/uploads\\\/dgc-jmb-s.jpg\",\"contentUrl\":\"https:\\\/\\\/www.todanelo.com\\\/wp-content\\\/uploads\\\/dgc-jmb-s.jpg\",\"width\":2560,\"height\":1920},{\"@type\":\"BreadcrumbList\",\"@id\":\"https:\\\/\\\/www.todanelo.com\\\/ca\\\/noticies\\\/toda-nelo-reforca-immobiliari-david-gomez-cubillo\\\/#breadcrumb\",\"itemListElement\":[{\"@type\":\"ListItem\",\"position\":1,\"name\":\"Inicio\",\"item\":\"https:\\\/\\\/www.todanelo.com\\\/ca\\\/\"},{\"@type\":\"ListItem\",\"position\":2,\"name\":\"Toda &amp; Nel-lo es refor\u00e7a en immobiliari amb la incorporaci\u00f3 de David G\u00f3mez Cubillo\"}]},{\"@type\":\"WebSite\",\"@id\":\"https:\\\/\\\/www.todanelo.com\\\/ca\\\/#website\",\"url\":\"https:\\\/\\\/www.todanelo.com\\\/ca\\\/\",\"name\":\"Toda &amp; Nel-lo Abogados\",\"description\":\"Despatx de jur\u00eddic a Barcelona i Madrid\",\"publisher\":{\"@id\":\"https:\\\/\\\/www.todanelo.com\\\/ca\\\/#organization\"},\"potentialAction\":[{\"@type\":\"SearchAction\",\"target\":{\"@type\":\"EntryPoint\",\"urlTemplate\":\"https:\\\/\\\/www.todanelo.com\\\/ca\\\/?s={search_term_string}\"},\"query-input\":{\"@type\":\"PropertyValueSpecification\",\"valueRequired\":true,\"valueName\":\"search_term_string\"}}],\"inLanguage\":\"ca\"},{\"@type\":\"Organization\",\"@id\":\"https:\\\/\\\/www.todanelo.com\\\/ca\\\/#organization\",\"name\":\"Toda &amp; Nel-lo Abogados\",\"url\":\"https:\\\/\\\/www.todanelo.com\\\/ca\\\/\",\"logo\":{\"@type\":\"ImageObject\",\"inLanguage\":\"ca\",\"@id\":\"https:\\\/\\\/www.todanelo.com\\\/ca\\\/#\\\/schema\\\/logo\\\/image\\\/\",\"url\":\"https:\\\/\\\/www.todanelo.com\\\/wp-content\\\/uploads\\\/logo-todanelo.png\",\"contentUrl\":\"https:\\\/\\\/www.todanelo.com\\\/wp-content\\\/uploads\\\/logo-todanelo.png\",\"width\":390,\"height\":161,\"caption\":\"Toda &amp; Nel-lo Abogados\"},\"image\":{\"@id\":\"https:\\\/\\\/www.todanelo.com\\\/ca\\\/#\\\/schema\\\/logo\\\/image\\\/\"}},{\"@type\":\"Person\",\"@id\":\"https:\\\/\\\/www.todanelo.com\\\/ca\\\/#\\\/schema\\\/person\\\/403e6ed9d856044c44f52763ead94c6a\",\"name\":\"emfasi\",\"sameAs\":[\"https:\\\/\\\/www.todanelo.com\"],\"url\":\"https:\\\/\\\/www.todanelo.com\\\/ca\\\/noticias\\\/author\\\/emfasi\\\/\"}]}<\/script>\n<!-- \/ Yoast SEO plugin. -->","yoast_head_json":{"title":"Toda &amp; Nel-lo es refor\u00e7a en immobiliari amb la incorporaci\u00f3 de David G\u00f3mez Cubillo - Toda &amp; Nel-lo Abogados","description":"La incorporaci\u00f3 suposa una aposta estrat\u00e8gica de la firma per una \u00e0rea clau en mercats com Madrid i Barcelona. Amb el fitxatge de G\u00f3mez Cubillo, Toda & Nel-lo amplia l'oferta existent de serveis per als clients que operen a l'\u00e0mbit immobiliari i completa l'assessorament que ja prestava a l'\u00e0mbit urban\u00edstic","robots":{"index":"index","follow":"follow","max-snippet":"max-snippet:-1","max-image-preview":"max-image-preview:large","max-video-preview":"max-video-preview:-1"},"canonical":"https:\/\/www.todanelo.com\/ca\/noticies\/toda-nelo-reforca-immobiliari-david-gomez-cubillo\/","og_locale":"ca_ES","og_type":"article","og_title":"Toda &amp; Nel-lo es refor\u00e7a en immobiliari amb la incorporaci\u00f3 de David G\u00f3mez Cubillo - Toda &amp; Nel-lo Abogados","og_description":"La incorporaci\u00f3 suposa una aposta estrat\u00e8gica de la firma per una \u00e0rea clau en mercats com Madrid i Barcelona. Amb el fitxatge de G\u00f3mez Cubillo, Toda & Nel-lo amplia l'oferta existent de serveis per als clients que operen a l'\u00e0mbit immobiliari i completa l'assessorament que ja prestava a l'\u00e0mbit urban\u00edstic","og_url":"https:\/\/www.todanelo.com\/ca\/noticies\/toda-nelo-reforca-immobiliari-david-gomez-cubillo\/","og_site_name":"Toda &amp; Nel-lo Abogados","article_published_time":"2025-02-26T09:53:35+00:00","article_modified_time":"2025-07-16T13:51:27+00:00","og_image":[{"width":2560,"height":1920,"url":"https:\/\/www.todanelo.com\/wp-content\/uploads\/dgc-jmb-s.jpg","type":"image\/jpeg"}],"author":"emfasi","twitter_card":"summary_large_image","twitter_misc":{"Escrit per":"emfasi","Temps estimat de lectura":"2 minuts"},"schema":{"@context":"https:\/\/schema.org","@graph":[{"@type":"Article","@id":"https:\/\/www.todanelo.com\/ca\/noticies\/toda-nelo-reforca-immobiliari-david-gomez-cubillo\/#article","isPartOf":{"@id":"https:\/\/www.todanelo.com\/ca\/noticies\/toda-nelo-reforca-immobiliari-david-gomez-cubillo\/"},"author":{"name":"emfasi","@id":"https:\/\/www.todanelo.com\/ca\/#\/schema\/person\/403e6ed9d856044c44f52763ead94c6a"},"headline":"Toda &amp; Nel-lo es refor\u00e7a en immobiliari amb la incorporaci\u00f3 de David G\u00f3mez Cubillo","datePublished":"2025-02-26T09:53:35+00:00","dateModified":"2025-07-16T13:51:27+00:00","mainEntityOfPage":{"@id":"https:\/\/www.todanelo.com\/ca\/noticies\/toda-nelo-reforca-immobiliari-david-gomez-cubillo\/"},"wordCount":349,"publisher":{"@id":"https:\/\/www.todanelo.com\/ca\/#organization"},"image":{"@id":"https:\/\/www.todanelo.com\/ca\/noticies\/toda-nelo-reforca-immobiliari-david-gomez-cubillo\/#primaryimage"},"thumbnailUrl":"https:\/\/www.todanelo.com\/wp-content\/uploads\/dgc-jmb-s.jpg","articleSection":["Sin categorizar"],"inLanguage":"ca"},{"@type":"WebPage","@id":"https:\/\/www.todanelo.com\/ca\/noticies\/toda-nelo-reforca-immobiliari-david-gomez-cubillo\/","url":"https:\/\/www.todanelo.com\/ca\/noticies\/toda-nelo-reforca-immobiliari-david-gomez-cubillo\/","name":"Toda &amp; Nel-lo es refor\u00e7a en immobiliari amb la incorporaci\u00f3 de David G\u00f3mez Cubillo - Toda &amp; Nel-lo Abogados","isPartOf":{"@id":"https:\/\/www.todanelo.com\/ca\/#website"},"primaryImageOfPage":{"@id":"https:\/\/www.todanelo.com\/ca\/noticies\/toda-nelo-reforca-immobiliari-david-gomez-cubillo\/#primaryimage"},"image":{"@id":"https:\/\/www.todanelo.com\/ca\/noticies\/toda-nelo-reforca-immobiliari-david-gomez-cubillo\/#primaryimage"},"thumbnailUrl":"https:\/\/www.todanelo.com\/wp-content\/uploads\/dgc-jmb-s.jpg","datePublished":"2025-02-26T09:53:35+00:00","dateModified":"2025-07-16T13:51:27+00:00","description":"La incorporaci\u00f3 suposa una aposta estrat\u00e8gica de la firma per una \u00e0rea clau en mercats com Madrid i Barcelona. Amb el fitxatge de G\u00f3mez Cubillo, Toda & Nel-lo amplia l'oferta existent de serveis per als clients que operen a l'\u00e0mbit immobiliari i completa l'assessorament que ja prestava a l'\u00e0mbit urban\u00edstic","breadcrumb":{"@id":"https:\/\/www.todanelo.com\/ca\/noticies\/toda-nelo-reforca-immobiliari-david-gomez-cubillo\/#breadcrumb"},"inLanguage":"ca","potentialAction":[{"@type":"ReadAction","target":["https:\/\/www.todanelo.com\/ca\/noticies\/toda-nelo-reforca-immobiliari-david-gomez-cubillo\/"]}]},{"@type":"ImageObject","inLanguage":"ca","@id":"https:\/\/www.todanelo.com\/ca\/noticies\/toda-nelo-reforca-immobiliari-david-gomez-cubillo\/#primaryimage","url":"https:\/\/www.todanelo.com\/wp-content\/uploads\/dgc-jmb-s.jpg","contentUrl":"https:\/\/www.todanelo.com\/wp-content\/uploads\/dgc-jmb-s.jpg","width":2560,"height":1920},{"@type":"BreadcrumbList","@id":"https:\/\/www.todanelo.com\/ca\/noticies\/toda-nelo-reforca-immobiliari-david-gomez-cubillo\/#breadcrumb","itemListElement":[{"@type":"ListItem","position":1,"name":"Inicio","item":"https:\/\/www.todanelo.com\/ca\/"},{"@type":"ListItem","position":2,"name":"Toda &amp; Nel-lo es refor\u00e7a en immobiliari amb la incorporaci\u00f3 de David G\u00f3mez Cubillo"}]},{"@type":"WebSite","@id":"https:\/\/www.todanelo.com\/ca\/#website","url":"https:\/\/www.todanelo.com\/ca\/","name":"Toda &amp; Nel-lo Abogados","description":"Despatx de jur\u00eddic a Barcelona i Madrid","publisher":{"@id":"https:\/\/www.todanelo.com\/ca\/#organization"},"potentialAction":[{"@type":"SearchAction","target":{"@type":"EntryPoint","urlTemplate":"https:\/\/www.todanelo.com\/ca\/?s={search_term_string}"},"query-input":{"@type":"PropertyValueSpecification","valueRequired":true,"valueName":"search_term_string"}}],"inLanguage":"ca"},{"@type":"Organization","@id":"https:\/\/www.todanelo.com\/ca\/#organization","name":"Toda &amp; Nel-lo Abogados","url":"https:\/\/www.todanelo.com\/ca\/","logo":{"@type":"ImageObject","inLanguage":"ca","@id":"https:\/\/www.todanelo.com\/ca\/#\/schema\/logo\/image\/","url":"https:\/\/www.todanelo.com\/wp-content\/uploads\/logo-todanelo.png","contentUrl":"https:\/\/www.todanelo.com\/wp-content\/uploads\/logo-todanelo.png","width":390,"height":161,"caption":"Toda &amp; Nel-lo Abogados"},"image":{"@id":"https:\/\/www.todanelo.com\/ca\/#\/schema\/logo\/image\/"}},{"@type":"Person","@id":"https:\/\/www.todanelo.com\/ca\/#\/schema\/person\/403e6ed9d856044c44f52763ead94c6a","name":"emfasi","sameAs":["https:\/\/www.todanelo.com"],"url":"https:\/\/www.todanelo.com\/ca\/noticias\/author\/emfasi\/"}]}},"_links":{"self":[{"href":"https:\/\/www.todanelo.com\/ca\/wp-json\/wp\/v2\/posts\/4285","targetHints":{"allow":["GET"]}}],"collection":[{"href":"https:\/\/www.todanelo.com\/ca\/wp-json\/wp\/v2\/posts"}],"about":[{"href":"https:\/\/www.todanelo.com\/ca\/wp-json\/wp\/v2\/types\/post"}],"author":[{"embeddable":true,"href":"https:\/\/www.todanelo.com\/ca\/wp-json\/wp\/v2\/users\/1"}],"replies":[{"embeddable":true,"href":"https:\/\/www.todanelo.com\/ca\/wp-json\/wp\/v2\/comments?post=4285"}],"version-history":[{"count":1,"href":"https:\/\/www.todanelo.com\/ca\/wp-json\/wp\/v2\/posts\/4285\/revisions"}],"predecessor-version":[{"id":4287,"href":"https:\/\/www.todanelo.com\/ca\/wp-json\/wp\/v2\/posts\/4285\/revisions\/4287"}],"wp:featuredmedia":[{"embeddable":true,"href":"https:\/\/www.todanelo.com\/ca\/wp-json\/wp\/v2\/media\/3982"}],"wp:attachment":[{"href":"https:\/\/www.todanelo.com\/ca\/wp-json\/wp\/v2\/media?parent=4285"}],"wp:term":[{"taxonomy":"category","embeddable":true,"href":"https:\/\/www.todanelo.com\/ca\/wp-json\/wp\/v2\/categories?post=4285"},{"taxonomy":"post_tag","embeddable":true,"href":"https:\/\/www.todanelo.com\/ca\/wp-json\/wp\/v2\/tags?post=4285"}],"curies":[{"name":"wp","href":"https:\/\/api.w.org\/{rel}","templated":true}]}}