{"id":4267,"date":"2025-03-11T09:55:05","date_gmt":"2025-03-11T09:55:05","guid":{"rendered":"https:\/\/www.todanelo.com\/noticias\/manuela-serrano-nueva-socia-toda-nelo\/"},"modified":"2025-07-16T13:40:48","modified_gmt":"2025-07-16T13:40:48","slug":"manuela-serrano-nueva-socia-toda-nelo","status":"publish","type":"post","link":"https:\/\/www.todanelo.com\/ca\/noticies\/manuela-serrano-nova-socia-toda-nelo\/","title":{"rendered":"Manuela Serrano, nova s\u00f2cia de Toda &amp; Nel-lo"},"content":{"rendered":"<p>Toda &amp; Nel-lo, despatx multidisciplinari amb oficines a Barcelona i Madrid, ha anunciat la incorporaci\u00f3 de Manuela Serrano com a nova s\u00f2cia de la firma. Amb m\u00e9s de 20 anys d&#8217;experi\u00e8ncia exercint com a advocada a les \u00e0rees de processal i concursal, \u00e0mbits en qu\u00e8 compta amb ampli reconeixement del sector, ha assessorat clients en tot tipus de processos civils i mercantils.<\/p>\n<p>Serrano prov\u00e9 de PwC, on exercia com a s\u00f2cia responsable de l&#8217;\u00e0rea de Litigaci\u00f3 i Insolv\u00e8ncies, i amb anterioritat havia desenvolupat la seva traject\u00f2ria en firmes com DLA Piper o RocaJunyent.<\/p>\n<p>Ha participat en algunes de les operacions m\u00e9s rellevants dels \u00e0mbits concursal, processal i de reestructuraci\u00f3 empresarial, tant a nivell nacional com internacional, operacions de compravenda d&#8217;empreses, <em>distress<\/em>, unitats productives i litigis intra i extra societaris.<\/p>\n<p>Compta amb \u00e0mplia experi\u00e8ncia docent a l&#8217;\u00e0mbit universitari (ICADE i Universitat Carlos III). \u00c9s ponent habitual a les jornades de la seva \u00e0rea d&#8217;especialitzaci\u00f3, aix\u00ed com autora d&#8217;obres monogr\u00e0fiques, conjuntes i articles doctrinals i period\u00edstics. \u00c9s igualment membre del Consell de Redacci\u00f3 de la Revista de Dret Concursal i Paraconcursal de La LEY. Tamb\u00e9 \u00e9s membre de la Junta Directiva d&#8217;ASPAC, del Comit\u00e8 Assessor de la Secci\u00f3 Concursal de l&#8217;ICAM; del Club d&#8217;Arbitratge Espanyol i Iberoameric\u00e0, d&#8217;INSOL Europe i IWIRC (associacions internacionals de reestructuracions ambdues).<\/p>\n<p>Aix\u00ed mateix, compta amb ampli reconeixement als principals directoris legals a les seves \u00e0rees d&#8217;especialitzaci\u00f3, incloent Chambers &amp; Partners, Legal 500 \u2013on a m\u00e9s \u00e9s <em>leading partner<\/em>\u2013, Leaders League i Best Lawyers.<\/p>\n<p>A Toda &amp; Nel-lo, la nova s\u00f2cia \u2013que s&#8217;incorpora amb un equip format per <a href=\"https:\/\/www.todanelo.com\/ca\/equip-professional\/juan-antonio-martinez-blazquez\">Juan Antonio Mart\u00ednez<\/a> (counsel) i <a href=\"https:\/\/www.todanelo.com\/ca\/equip-professional\/beatriz-arnaldes-martinez\">Beatriz Arnaldes<\/a> (advocada)\u2013 liderar\u00e0 la pr\u00e0ctica de <a href=\"https:\/\/www.todanelo.com\/ca\/arees-de-practica\/insolvencies-i-concursal\">Reestructuracions i Insolv\u00e8ncies<\/a> de la firma, aix\u00ed com l&#8217;equip de <a href=\"https:\/\/www.todanelo.com\/ca\/arees-de-practica\/litigacio\">Litigaci\u00f3 <\/a>de Madrid. El fitxatge suposa una aposta de pes del bufet en l&#8217;objectiu de conjugar l&#8217;ampliaci\u00f3 de la proposta de valor per a clients amb la prestaci\u00f3 de serveis de primer nivell.<\/p>\n<p>Ignacio Toda, soci fundador de Toda &amp; Nel-lo, afirma: \u201c<em>ens omple d&#8217;orgull sumar al nostre equip una professional de la talla de Manuela, que \u00e9s referent en la seva especialitzaci\u00f3 i amb qui compartim principis, visi\u00f3 i objectius. La seva incorporaci\u00f3 refor\u00e7a el nostre pla de creixement i ens situa en una posici\u00f3 privilegiada per cobrir les necessitats dels nostres clients des de l\u00b4excel\u00b7l\u00e8ncia<\/em>\u201d.<\/p>\n<p>Jos\u00e9 Mar\u00eda Buxeda, soci i membre del Consell d&#8217;Administraci\u00f3, explica: \u201c<em>el fitxatge de Manuela \u00e9s estrat\u00e8gic per a Toda &amp; Nel-lo, en la mesura que ens permet ampliar capacitats en dues \u00e0rees amb interessants oportunitats de creixement. Tot plegat suposa un important salt qualitatiu per al nostre projecte<\/em>\u201d.<\/p>\n<p>Per la seva banda, Manuela Serrano manifesta: \u201c<em>m&#8217;omple d\u2019alegria incorporar-me a Toda &amp; Nel-lo. \u00c9s un luxe formar part de la seva \u00e0rea de Litigaci\u00f3 i un repte altament estimulant liderar Restructuracions i Insolv\u00e8ncies, acompanyant els clients en les seves necessitats amb la m\u00e0xima vocaci\u00f3 de servei i qualitat<\/em>\u201d.<\/p>\n\n\n<p><\/p>\n","protected":false},"excerpt":{"rendered":"<p>Manuela Serrano s&#8217;incorpora com a s\u00f2cia responsable de l&#8217;\u00e0rea de Reestructuracions i Insolv\u00e8ncies del despatx, aix\u00ed com de l&#8217;\u00e0rea de Litigaci\u00f3 de l&#8217;oficina de Madrid, \u00e0mbits en qu\u00e8 t\u00e9 una \u00e0mplia i contrastada experiencia. Amb aquesta incorporaci\u00f3, Toda &#038; Nel-lo fa un important salt qualitatiu en el seu pla de creixement i de cobertura de les principals disciplines jur\u00eddiques<\/p>\n","protected":false},"author":1,"featured_media":3988,"comment_status":"closed","ping_status":"closed","sticky":false,"template":"","format":"standard","meta":{"_acf_changed":false,"footnotes":""},"categories":[1],"tags":[],"class_list":["post-4267","post","type-post","status-publish","format-standard","has-post-thumbnail","hentry","category-sin-categorizar"],"acf":[],"yoast_head":"<!-- This site is optimized with the Yoast SEO plugin v27.4 - https:\/\/yoast.com\/product\/yoast-seo-wordpress\/ -->\n<title>Manuela Serrano, nova s\u00f2cia de Toda &amp; Nel-lo - Toda &amp; Nel-lo Abogados<\/title>\n<meta name=\"description\" content=\"Manuela Serrano s&#039;incorpora com a s\u00f2cia responsable de l&#039;\u00e0rea de Reestructuracions i Insolv\u00e8ncies del despatx, aix\u00ed com de l&#039;\u00e0rea de Litigaci\u00f3 de l&#039;oficina de Madrid, \u00e0mbits en qu\u00e8 t\u00e9 una \u00e0mplia i contrastada experiencia. Amb aquesta incorporaci\u00f3, Toda &amp; Nel-lo fa un important salt qualitatiu en el seu pla de creixement i de cobertura de les principals disciplines jur\u00eddiques\" \/>\n<meta name=\"robots\" content=\"index, follow, max-snippet:-1, max-image-preview:large, max-video-preview:-1\" \/>\n<link rel=\"canonical\" href=\"https:\/\/www.todanelo.com\/ca\/noticies\/manuela-serrano-nova-socia-toda-nelo\/\" \/>\n<meta property=\"og:locale\" content=\"ca_ES\" \/>\n<meta property=\"og:type\" content=\"article\" \/>\n<meta property=\"og:title\" content=\"Manuela Serrano, nova s\u00f2cia de Toda &amp; Nel-lo - Toda &amp; Nel-lo Abogados\" \/>\n<meta property=\"og:description\" content=\"Manuela Serrano s&#039;incorpora com a s\u00f2cia responsable de l&#039;\u00e0rea de Reestructuracions i Insolv\u00e8ncies del despatx, aix\u00ed com de l&#039;\u00e0rea de Litigaci\u00f3 de l&#039;oficina de Madrid, \u00e0mbits en qu\u00e8 t\u00e9 una \u00e0mplia i contrastada experiencia. Amb aquesta incorporaci\u00f3, Toda &amp; Nel-lo fa un important salt qualitatiu en el seu pla de creixement i de cobertura de les principals disciplines jur\u00eddiques\" \/>\n<meta property=\"og:url\" content=\"https:\/\/www.todanelo.com\/ca\/noticies\/manuela-serrano-nova-socia-toda-nelo\/\" \/>\n<meta property=\"og:site_name\" content=\"Toda &amp; Nel-lo Abogados\" \/>\n<meta property=\"article:published_time\" content=\"2025-03-11T09:55:05+00:00\" \/>\n<meta property=\"article:modified_time\" content=\"2025-07-16T13:40:48+00:00\" \/>\n<meta property=\"og:image\" content=\"https:\/\/www.todanelo.com\/wp-content\/uploads\/it-ms-ig-web.jpg\" \/>\n\t<meta property=\"og:image:width\" content=\"2560\" \/>\n\t<meta property=\"og:image:height\" content=\"1809\" \/>\n\t<meta property=\"og:image:type\" content=\"image\/jpeg\" \/>\n<meta name=\"author\" content=\"emfasi\" \/>\n<meta name=\"twitter:card\" content=\"summary_large_image\" \/>\n<meta name=\"twitter:label1\" content=\"Escrit per\" \/>\n\t<meta name=\"twitter:data1\" content=\"emfasi\" \/>\n\t<meta name=\"twitter:label2\" content=\"Temps estimat de lectura\" \/>\n\t<meta name=\"twitter:data2\" content=\"3 minuts\" \/>\n<script type=\"application\/ld+json\" class=\"yoast-schema-graph\">{\"@context\":\"https:\\\/\\\/schema.org\",\"@graph\":[{\"@type\":\"Article\",\"@id\":\"https:\\\/\\\/www.todanelo.com\\\/ca\\\/noticies\\\/manuela-serrano-nova-socia-toda-nelo\\\/#article\",\"isPartOf\":{\"@id\":\"https:\\\/\\\/www.todanelo.com\\\/ca\\\/noticies\\\/manuela-serrano-nova-socia-toda-nelo\\\/\"},\"author\":{\"name\":\"emfasi\",\"@id\":\"https:\\\/\\\/www.todanelo.com\\\/ca\\\/#\\\/schema\\\/person\\\/403e6ed9d856044c44f52763ead94c6a\"},\"headline\":\"Manuela Serrano, nova s\u00f2cia de Toda &amp; Nel-lo\",\"datePublished\":\"2025-03-11T09:55:05+00:00\",\"dateModified\":\"2025-07-16T13:40:48+00:00\",\"mainEntityOfPage\":{\"@id\":\"https:\\\/\\\/www.todanelo.com\\\/ca\\\/noticies\\\/manuela-serrano-nova-socia-toda-nelo\\\/\"},\"wordCount\":525,\"publisher\":{\"@id\":\"https:\\\/\\\/www.todanelo.com\\\/ca\\\/#organization\"},\"image\":{\"@id\":\"https:\\\/\\\/www.todanelo.com\\\/ca\\\/noticies\\\/manuela-serrano-nova-socia-toda-nelo\\\/#primaryimage\"},\"thumbnailUrl\":\"https:\\\/\\\/www.todanelo.com\\\/wp-content\\\/uploads\\\/it-ms-ig-web.jpg\",\"articleSection\":[\"Sin categorizar\"],\"inLanguage\":\"ca\"},{\"@type\":\"WebPage\",\"@id\":\"https:\\\/\\\/www.todanelo.com\\\/ca\\\/noticies\\\/manuela-serrano-nova-socia-toda-nelo\\\/\",\"url\":\"https:\\\/\\\/www.todanelo.com\\\/ca\\\/noticies\\\/manuela-serrano-nova-socia-toda-nelo\\\/\",\"name\":\"Manuela Serrano, nova s\u00f2cia de Toda &amp; Nel-lo - Toda &amp; Nel-lo Abogados\",\"isPartOf\":{\"@id\":\"https:\\\/\\\/www.todanelo.com\\\/ca\\\/#website\"},\"primaryImageOfPage\":{\"@id\":\"https:\\\/\\\/www.todanelo.com\\\/ca\\\/noticies\\\/manuela-serrano-nova-socia-toda-nelo\\\/#primaryimage\"},\"image\":{\"@id\":\"https:\\\/\\\/www.todanelo.com\\\/ca\\\/noticies\\\/manuela-serrano-nova-socia-toda-nelo\\\/#primaryimage\"},\"thumbnailUrl\":\"https:\\\/\\\/www.todanelo.com\\\/wp-content\\\/uploads\\\/it-ms-ig-web.jpg\",\"datePublished\":\"2025-03-11T09:55:05+00:00\",\"dateModified\":\"2025-07-16T13:40:48+00:00\",\"description\":\"Manuela Serrano s'incorpora com a s\u00f2cia responsable de l'\u00e0rea de Reestructuracions i Insolv\u00e8ncies del despatx, aix\u00ed com de l'\u00e0rea de Litigaci\u00f3 de l'oficina de Madrid, \u00e0mbits en qu\u00e8 t\u00e9 una \u00e0mplia i contrastada experiencia. Amb aquesta incorporaci\u00f3, Toda & Nel-lo fa un important salt qualitatiu en el seu pla de creixement i de cobertura de les principals disciplines jur\u00eddiques\",\"breadcrumb\":{\"@id\":\"https:\\\/\\\/www.todanelo.com\\\/ca\\\/noticies\\\/manuela-serrano-nova-socia-toda-nelo\\\/#breadcrumb\"},\"inLanguage\":\"ca\",\"potentialAction\":[{\"@type\":\"ReadAction\",\"target\":[\"https:\\\/\\\/www.todanelo.com\\\/ca\\\/noticies\\\/manuela-serrano-nova-socia-toda-nelo\\\/\"]}]},{\"@type\":\"ImageObject\",\"inLanguage\":\"ca\",\"@id\":\"https:\\\/\\\/www.todanelo.com\\\/ca\\\/noticies\\\/manuela-serrano-nova-socia-toda-nelo\\\/#primaryimage\",\"url\":\"https:\\\/\\\/www.todanelo.com\\\/wp-content\\\/uploads\\\/it-ms-ig-web.jpg\",\"contentUrl\":\"https:\\\/\\\/www.todanelo.com\\\/wp-content\\\/uploads\\\/it-ms-ig-web.jpg\",\"width\":2560,\"height\":1809},{\"@type\":\"BreadcrumbList\",\"@id\":\"https:\\\/\\\/www.todanelo.com\\\/ca\\\/noticies\\\/manuela-serrano-nova-socia-toda-nelo\\\/#breadcrumb\",\"itemListElement\":[{\"@type\":\"ListItem\",\"position\":1,\"name\":\"Inicio\",\"item\":\"https:\\\/\\\/www.todanelo.com\\\/ca\\\/\"},{\"@type\":\"ListItem\",\"position\":2,\"name\":\"Manuela Serrano, nova s\u00f2cia de Toda &amp; Nel-lo\"}]},{\"@type\":\"WebSite\",\"@id\":\"https:\\\/\\\/www.todanelo.com\\\/ca\\\/#website\",\"url\":\"https:\\\/\\\/www.todanelo.com\\\/ca\\\/\",\"name\":\"Toda &amp; Nel-lo Abogados\",\"description\":\"Despatx de jur\u00eddic a Barcelona i Madrid\",\"publisher\":{\"@id\":\"https:\\\/\\\/www.todanelo.com\\\/ca\\\/#organization\"},\"potentialAction\":[{\"@type\":\"SearchAction\",\"target\":{\"@type\":\"EntryPoint\",\"urlTemplate\":\"https:\\\/\\\/www.todanelo.com\\\/ca\\\/?s={search_term_string}\"},\"query-input\":{\"@type\":\"PropertyValueSpecification\",\"valueRequired\":true,\"valueName\":\"search_term_string\"}}],\"inLanguage\":\"ca\"},{\"@type\":\"Organization\",\"@id\":\"https:\\\/\\\/www.todanelo.com\\\/ca\\\/#organization\",\"name\":\"Toda &amp; Nel-lo Abogados\",\"url\":\"https:\\\/\\\/www.todanelo.com\\\/ca\\\/\",\"logo\":{\"@type\":\"ImageObject\",\"inLanguage\":\"ca\",\"@id\":\"https:\\\/\\\/www.todanelo.com\\\/ca\\\/#\\\/schema\\\/logo\\\/image\\\/\",\"url\":\"https:\\\/\\\/www.todanelo.com\\\/wp-content\\\/uploads\\\/logo-todanelo.png\",\"contentUrl\":\"https:\\\/\\\/www.todanelo.com\\\/wp-content\\\/uploads\\\/logo-todanelo.png\",\"width\":390,\"height\":161,\"caption\":\"Toda &amp; Nel-lo Abogados\"},\"image\":{\"@id\":\"https:\\\/\\\/www.todanelo.com\\\/ca\\\/#\\\/schema\\\/logo\\\/image\\\/\"}},{\"@type\":\"Person\",\"@id\":\"https:\\\/\\\/www.todanelo.com\\\/ca\\\/#\\\/schema\\\/person\\\/403e6ed9d856044c44f52763ead94c6a\",\"name\":\"emfasi\",\"sameAs\":[\"https:\\\/\\\/www.todanelo.com\"],\"url\":\"https:\\\/\\\/www.todanelo.com\\\/ca\\\/noticias\\\/author\\\/emfasi\\\/\"}]}<\/script>\n<!-- \/ Yoast SEO plugin. -->","yoast_head_json":{"title":"Manuela Serrano, nova s\u00f2cia de Toda &amp; Nel-lo - Toda &amp; Nel-lo Abogados","description":"Manuela Serrano s'incorpora com a s\u00f2cia responsable de l'\u00e0rea de Reestructuracions i Insolv\u00e8ncies del despatx, aix\u00ed com de l'\u00e0rea de Litigaci\u00f3 de l'oficina de Madrid, \u00e0mbits en qu\u00e8 t\u00e9 una \u00e0mplia i contrastada experiencia. Amb aquesta incorporaci\u00f3, Toda & Nel-lo fa un important salt qualitatiu en el seu pla de creixement i de cobertura de les principals disciplines jur\u00eddiques","robots":{"index":"index","follow":"follow","max-snippet":"max-snippet:-1","max-image-preview":"max-image-preview:large","max-video-preview":"max-video-preview:-1"},"canonical":"https:\/\/www.todanelo.com\/ca\/noticies\/manuela-serrano-nova-socia-toda-nelo\/","og_locale":"ca_ES","og_type":"article","og_title":"Manuela Serrano, nova s\u00f2cia de Toda &amp; Nel-lo - Toda &amp; Nel-lo Abogados","og_description":"Manuela Serrano s'incorpora com a s\u00f2cia responsable de l'\u00e0rea de Reestructuracions i Insolv\u00e8ncies del despatx, aix\u00ed com de l'\u00e0rea de Litigaci\u00f3 de l'oficina de Madrid, \u00e0mbits en qu\u00e8 t\u00e9 una \u00e0mplia i contrastada experiencia. Amb aquesta incorporaci\u00f3, Toda & Nel-lo fa un important salt qualitatiu en el seu pla de creixement i de cobertura de les principals disciplines jur\u00eddiques","og_url":"https:\/\/www.todanelo.com\/ca\/noticies\/manuela-serrano-nova-socia-toda-nelo\/","og_site_name":"Toda &amp; Nel-lo Abogados","article_published_time":"2025-03-11T09:55:05+00:00","article_modified_time":"2025-07-16T13:40:48+00:00","og_image":[{"width":2560,"height":1809,"url":"https:\/\/www.todanelo.com\/wp-content\/uploads\/it-ms-ig-web.jpg","type":"image\/jpeg"}],"author":"emfasi","twitter_card":"summary_large_image","twitter_misc":{"Escrit per":"emfasi","Temps estimat de lectura":"3 minuts"},"schema":{"@context":"https:\/\/schema.org","@graph":[{"@type":"Article","@id":"https:\/\/www.todanelo.com\/ca\/noticies\/manuela-serrano-nova-socia-toda-nelo\/#article","isPartOf":{"@id":"https:\/\/www.todanelo.com\/ca\/noticies\/manuela-serrano-nova-socia-toda-nelo\/"},"author":{"name":"emfasi","@id":"https:\/\/www.todanelo.com\/ca\/#\/schema\/person\/403e6ed9d856044c44f52763ead94c6a"},"headline":"Manuela Serrano, nova s\u00f2cia de Toda &amp; Nel-lo","datePublished":"2025-03-11T09:55:05+00:00","dateModified":"2025-07-16T13:40:48+00:00","mainEntityOfPage":{"@id":"https:\/\/www.todanelo.com\/ca\/noticies\/manuela-serrano-nova-socia-toda-nelo\/"},"wordCount":525,"publisher":{"@id":"https:\/\/www.todanelo.com\/ca\/#organization"},"image":{"@id":"https:\/\/www.todanelo.com\/ca\/noticies\/manuela-serrano-nova-socia-toda-nelo\/#primaryimage"},"thumbnailUrl":"https:\/\/www.todanelo.com\/wp-content\/uploads\/it-ms-ig-web.jpg","articleSection":["Sin categorizar"],"inLanguage":"ca"},{"@type":"WebPage","@id":"https:\/\/www.todanelo.com\/ca\/noticies\/manuela-serrano-nova-socia-toda-nelo\/","url":"https:\/\/www.todanelo.com\/ca\/noticies\/manuela-serrano-nova-socia-toda-nelo\/","name":"Manuela Serrano, nova s\u00f2cia de Toda &amp; Nel-lo - Toda &amp; Nel-lo Abogados","isPartOf":{"@id":"https:\/\/www.todanelo.com\/ca\/#website"},"primaryImageOfPage":{"@id":"https:\/\/www.todanelo.com\/ca\/noticies\/manuela-serrano-nova-socia-toda-nelo\/#primaryimage"},"image":{"@id":"https:\/\/www.todanelo.com\/ca\/noticies\/manuela-serrano-nova-socia-toda-nelo\/#primaryimage"},"thumbnailUrl":"https:\/\/www.todanelo.com\/wp-content\/uploads\/it-ms-ig-web.jpg","datePublished":"2025-03-11T09:55:05+00:00","dateModified":"2025-07-16T13:40:48+00:00","description":"Manuela Serrano s'incorpora com a s\u00f2cia responsable de l'\u00e0rea de Reestructuracions i Insolv\u00e8ncies del despatx, aix\u00ed com de l'\u00e0rea de Litigaci\u00f3 de l'oficina de Madrid, \u00e0mbits en qu\u00e8 t\u00e9 una \u00e0mplia i contrastada experiencia. Amb aquesta incorporaci\u00f3, Toda & Nel-lo fa un important salt qualitatiu en el seu pla de creixement i de cobertura de les principals disciplines jur\u00eddiques","breadcrumb":{"@id":"https:\/\/www.todanelo.com\/ca\/noticies\/manuela-serrano-nova-socia-toda-nelo\/#breadcrumb"},"inLanguage":"ca","potentialAction":[{"@type":"ReadAction","target":["https:\/\/www.todanelo.com\/ca\/noticies\/manuela-serrano-nova-socia-toda-nelo\/"]}]},{"@type":"ImageObject","inLanguage":"ca","@id":"https:\/\/www.todanelo.com\/ca\/noticies\/manuela-serrano-nova-socia-toda-nelo\/#primaryimage","url":"https:\/\/www.todanelo.com\/wp-content\/uploads\/it-ms-ig-web.jpg","contentUrl":"https:\/\/www.todanelo.com\/wp-content\/uploads\/it-ms-ig-web.jpg","width":2560,"height":1809},{"@type":"BreadcrumbList","@id":"https:\/\/www.todanelo.com\/ca\/noticies\/manuela-serrano-nova-socia-toda-nelo\/#breadcrumb","itemListElement":[{"@type":"ListItem","position":1,"name":"Inicio","item":"https:\/\/www.todanelo.com\/ca\/"},{"@type":"ListItem","position":2,"name":"Manuela Serrano, nova s\u00f2cia de Toda &amp; Nel-lo"}]},{"@type":"WebSite","@id":"https:\/\/www.todanelo.com\/ca\/#website","url":"https:\/\/www.todanelo.com\/ca\/","name":"Toda &amp; Nel-lo Abogados","description":"Despatx de jur\u00eddic a Barcelona i Madrid","publisher":{"@id":"https:\/\/www.todanelo.com\/ca\/#organization"},"potentialAction":[{"@type":"SearchAction","target":{"@type":"EntryPoint","urlTemplate":"https:\/\/www.todanelo.com\/ca\/?s={search_term_string}"},"query-input":{"@type":"PropertyValueSpecification","valueRequired":true,"valueName":"search_term_string"}}],"inLanguage":"ca"},{"@type":"Organization","@id":"https:\/\/www.todanelo.com\/ca\/#organization","name":"Toda &amp; Nel-lo Abogados","url":"https:\/\/www.todanelo.com\/ca\/","logo":{"@type":"ImageObject","inLanguage":"ca","@id":"https:\/\/www.todanelo.com\/ca\/#\/schema\/logo\/image\/","url":"https:\/\/www.todanelo.com\/wp-content\/uploads\/logo-todanelo.png","contentUrl":"https:\/\/www.todanelo.com\/wp-content\/uploads\/logo-todanelo.png","width":390,"height":161,"caption":"Toda &amp; Nel-lo Abogados"},"image":{"@id":"https:\/\/www.todanelo.com\/ca\/#\/schema\/logo\/image\/"}},{"@type":"Person","@id":"https:\/\/www.todanelo.com\/ca\/#\/schema\/person\/403e6ed9d856044c44f52763ead94c6a","name":"emfasi","sameAs":["https:\/\/www.todanelo.com"],"url":"https:\/\/www.todanelo.com\/ca\/noticias\/author\/emfasi\/"}]}},"_links":{"self":[{"href":"https:\/\/www.todanelo.com\/ca\/wp-json\/wp\/v2\/posts\/4267","targetHints":{"allow":["GET"]}}],"collection":[{"href":"https:\/\/www.todanelo.com\/ca\/wp-json\/wp\/v2\/posts"}],"about":[{"href":"https:\/\/www.todanelo.com\/ca\/wp-json\/wp\/v2\/types\/post"}],"author":[{"embeddable":true,"href":"https:\/\/www.todanelo.com\/ca\/wp-json\/wp\/v2\/users\/1"}],"replies":[{"embeddable":true,"href":"https:\/\/www.todanelo.com\/ca\/wp-json\/wp\/v2\/comments?post=4267"}],"version-history":[{"count":2,"href":"https:\/\/www.todanelo.com\/ca\/wp-json\/wp\/v2\/posts\/4267\/revisions"}],"predecessor-version":[{"id":4272,"href":"https:\/\/www.todanelo.com\/ca\/wp-json\/wp\/v2\/posts\/4267\/revisions\/4272"}],"wp:featuredmedia":[{"embeddable":true,"href":"https:\/\/www.todanelo.com\/ca\/wp-json\/wp\/v2\/media\/3988"}],"wp:attachment":[{"href":"https:\/\/www.todanelo.com\/ca\/wp-json\/wp\/v2\/media?parent=4267"}],"wp:term":[{"taxonomy":"category","embeddable":true,"href":"https:\/\/www.todanelo.com\/ca\/wp-json\/wp\/v2\/categories?post=4267"},{"taxonomy":"post_tag","embeddable":true,"href":"https:\/\/www.todanelo.com\/ca\/wp-json\/wp\/v2\/tags?post=4267"}],"curies":[{"name":"wp","href":"https:\/\/api.w.org\/{rel}","templated":true}]}}