{"id":2497,"date":"2016-11-16T18:30:00","date_gmt":"2016-11-16T18:30:00","guid":{"rendered":"https:\/\/beta.todanelo.com\/blog\/toda-nel-lo-abogados-participa-en-la-jornada-organizada-por-union-patronal-metalurgica\/"},"modified":"2016-11-16T18:30:00","modified_gmt":"2016-11-16T18:30:00","slug":"toda-nel-lo-abogados-participa-en-la-jornada-organizada-por-union-patronal-metalurgica","status":"publish","type":"post","link":"https:\/\/www.todanelo.com\/ca\/noticias\/toda-nel-lo-abogados-participa-en-la-jornada-organizada-por-union-patronal-metalurgica\/","title":{"rendered":"Toda &#038; Nel-lo Abogados participa en la jornada organizada por Uni\u00f3n Patronal Metal\u00fargica"},"content":{"rendered":"<p><strong>Toda &#038; Nel-lo Abogados participa en la jornada Compliance &#8211; Corporate Defense <\/strong>organizada por UNI\u00d3 PATRONAL METAL\u00daRGICA\u00a0e impartida por especialistas en \u00a0la mat\u00e8ria:\u00a0el Catedr\u00e1tico de Derecho Penal de la Universidad de Lleida, Dr. Ram\u00f3n Garc\u00eda Albero y el Abogado Sr. Jordi Sot Ball-llosera, de Toda &#038; Nel-lo Abogados.<\/p>\n<p><strong>Fecha:<\/strong> <strong>30 de noviembre de 2016<\/strong><\/p>\n<p><strong>Horario: 9:30 a 11:30h.<\/strong><\/p>\n<p><strong>Lugar:<\/strong>\u00a0 <strong>Sede de UPM, <\/strong>Via Laietana 32, (edificio de Foment del Treball)<\/p>\n<p>\u00a0<\/p>\n<p><img decoding=\"async\" alt=\"\" src=\"\/wp-content\/uploads\/common\/jor_upm_compliance_nov_16.jpg\" style=\"width: 848px; height: 1200px;\" \/><\/p>\n","protected":false},"excerpt":{"rendered":"<p>Toda &#038; Nel-lo Abogados participa en la jornada Compliance &#8211; Corporate Defense organizada por UNI\u00d3 PATRONAL METAL\u00daRGICA\u00a0e impartida por especialistas en \u00a0la mat\u00e8ria:\u00a0el Catedr\u00e1tico de Derecho Penal de la Universidad &hellip;<\/p>\n","protected":false},"author":1,"featured_media":0,"comment_status":"open","ping_status":"open","sticky":false,"template":"","format":"standard","meta":{"_acf_changed":false,"footnotes":""},"categories":[],"tags":[],"class_list":["post-2497","post","type-post","status-publish","format-standard","hentry"],"acf":[],"yoast_head":"<!-- This site is optimized with the Yoast SEO plugin v27.4 - https:\/\/yoast.com\/product\/yoast-seo-wordpress\/ -->\n<title>Toda &amp; Nel-lo Abogados participa en la jornada organizada por Uni\u00f3n Patronal Metal\u00fargica - Toda &amp; Nel-lo Abogados<\/title>\n<meta name=\"description\" content=\"Toda &amp; Nel-lo Abogados participa en la jornada Compliance - Corporate Defense organizada por UNI\u00d3 PATRONAL METAL\u00daRGICA\u00a0e impartida por especialistas en\" \/>\n<meta name=\"robots\" content=\"index, follow, max-snippet:-1, max-image-preview:large, max-video-preview:-1\" \/>\n<link rel=\"canonical\" href=\"https:\/\/www.todanelo.com\/ca\/noticias\/toda-nel-lo-abogados-participa-en-la-jornada-organizada-por-union-patronal-metalurgica\/\" \/>\n<meta property=\"og:locale\" content=\"ca_ES\" \/>\n<meta property=\"og:type\" content=\"article\" \/>\n<meta property=\"og:title\" content=\"Toda &amp; Nel-lo Abogados participa en la jornada organizada por Uni\u00f3n Patronal Metal\u00fargica - Toda &amp; Nel-lo Abogados\" \/>\n<meta property=\"og:description\" content=\"Toda &amp; Nel-lo Abogados participa en la jornada Compliance - Corporate Defense organizada por UNI\u00d3 PATRONAL METAL\u00daRGICA\u00a0e impartida por especialistas en\" \/>\n<meta property=\"og:url\" content=\"https:\/\/www.todanelo.com\/ca\/noticias\/toda-nel-lo-abogados-participa-en-la-jornada-organizada-por-union-patronal-metalurgica\/\" \/>\n<meta property=\"og:site_name\" content=\"Toda &amp; Nel-lo Abogados\" \/>\n<meta property=\"article:published_time\" content=\"2016-11-16T18:30:00+00:00\" \/>\n<meta name=\"author\" content=\"emfasi\" \/>\n<meta name=\"twitter:card\" content=\"summary_large_image\" \/>\n<meta name=\"twitter:label1\" content=\"Escrit per\" \/>\n\t<meta name=\"twitter:data1\" content=\"emfasi\" \/>\n<script type=\"application\/ld+json\" class=\"yoast-schema-graph\">{\"@context\":\"https:\\\/\\\/schema.org\",\"@graph\":[{\"@type\":\"Article\",\"@id\":\"https:\\\/\\\/www.todanelo.com\\\/ca\\\/noticias\\\/toda-nel-lo-abogados-participa-en-la-jornada-organizada-por-union-patronal-metalurgica\\\/#article\",\"isPartOf\":{\"@id\":\"https:\\\/\\\/www.todanelo.com\\\/ca\\\/noticias\\\/toda-nel-lo-abogados-participa-en-la-jornada-organizada-por-union-patronal-metalurgica\\\/\"},\"author\":{\"name\":\"emfasi\",\"@id\":\"https:\\\/\\\/www.todanelo.com\\\/ca\\\/#\\\/schema\\\/person\\\/403e6ed9d856044c44f52763ead94c6a\"},\"headline\":\"Toda &#038; Nel-lo Abogados participa en la jornada organizada por Uni\u00f3n Patronal Metal\u00fargica\",\"datePublished\":\"2016-11-16T18:30:00+00:00\",\"mainEntityOfPage\":{\"@id\":\"https:\\\/\\\/www.todanelo.com\\\/ca\\\/noticias\\\/toda-nel-lo-abogados-participa-en-la-jornada-organizada-por-union-patronal-metalurgica\\\/\"},\"wordCount\":85,\"commentCount\":2,\"publisher\":{\"@id\":\"https:\\\/\\\/www.todanelo.com\\\/ca\\\/#organization\"},\"inLanguage\":\"ca\",\"potentialAction\":[{\"@type\":\"CommentAction\",\"name\":\"Comment\",\"target\":[\"https:\\\/\\\/www.todanelo.com\\\/ca\\\/noticias\\\/toda-nel-lo-abogados-participa-en-la-jornada-organizada-por-union-patronal-metalurgica\\\/#respond\"]}]},{\"@type\":\"WebPage\",\"@id\":\"https:\\\/\\\/www.todanelo.com\\\/ca\\\/noticias\\\/toda-nel-lo-abogados-participa-en-la-jornada-organizada-por-union-patronal-metalurgica\\\/\",\"url\":\"https:\\\/\\\/www.todanelo.com\\\/ca\\\/noticias\\\/toda-nel-lo-abogados-participa-en-la-jornada-organizada-por-union-patronal-metalurgica\\\/\",\"name\":\"Toda & Nel-lo Abogados participa en la jornada organizada por Uni\u00f3n Patronal Metal\u00fargica - Toda &amp; Nel-lo Abogados\",\"isPartOf\":{\"@id\":\"https:\\\/\\\/www.todanelo.com\\\/ca\\\/#website\"},\"datePublished\":\"2016-11-16T18:30:00+00:00\",\"description\":\"Toda & Nel-lo Abogados participa en la jornada Compliance - Corporate Defense organizada por UNI\u00d3 PATRONAL METAL\u00daRGICA\u00a0e impartida por especialistas en\",\"breadcrumb\":{\"@id\":\"https:\\\/\\\/www.todanelo.com\\\/ca\\\/noticias\\\/toda-nel-lo-abogados-participa-en-la-jornada-organizada-por-union-patronal-metalurgica\\\/#breadcrumb\"},\"inLanguage\":\"ca\",\"potentialAction\":[{\"@type\":\"ReadAction\",\"target\":[\"https:\\\/\\\/www.todanelo.com\\\/ca\\\/noticias\\\/toda-nel-lo-abogados-participa-en-la-jornada-organizada-por-union-patronal-metalurgica\\\/\"]}]},{\"@type\":\"BreadcrumbList\",\"@id\":\"https:\\\/\\\/www.todanelo.com\\\/ca\\\/noticias\\\/toda-nel-lo-abogados-participa-en-la-jornada-organizada-por-union-patronal-metalurgica\\\/#breadcrumb\",\"itemListElement\":[{\"@type\":\"ListItem\",\"position\":1,\"name\":\"Inicio\",\"item\":\"https:\\\/\\\/www.todanelo.com\\\/ca\\\/\"},{\"@type\":\"ListItem\",\"position\":2,\"name\":\"Toda &#038; Nel-lo Abogados participa en la jornada organizada por Uni\u00f3n Patronal Metal\u00fargica\"}]},{\"@type\":\"WebSite\",\"@id\":\"https:\\\/\\\/www.todanelo.com\\\/ca\\\/#website\",\"url\":\"https:\\\/\\\/www.todanelo.com\\\/ca\\\/\",\"name\":\"Toda &amp; Nel-lo Abogados\",\"description\":\"Despatx de jur\u00eddic a Barcelona i Madrid\",\"publisher\":{\"@id\":\"https:\\\/\\\/www.todanelo.com\\\/ca\\\/#organization\"},\"potentialAction\":[{\"@type\":\"SearchAction\",\"target\":{\"@type\":\"EntryPoint\",\"urlTemplate\":\"https:\\\/\\\/www.todanelo.com\\\/ca\\\/?s={search_term_string}\"},\"query-input\":{\"@type\":\"PropertyValueSpecification\",\"valueRequired\":true,\"valueName\":\"search_term_string\"}}],\"inLanguage\":\"ca\"},{\"@type\":\"Organization\",\"@id\":\"https:\\\/\\\/www.todanelo.com\\\/ca\\\/#organization\",\"name\":\"Toda &amp; Nel-lo Abogados\",\"url\":\"https:\\\/\\\/www.todanelo.com\\\/ca\\\/\",\"logo\":{\"@type\":\"ImageObject\",\"inLanguage\":\"ca\",\"@id\":\"https:\\\/\\\/www.todanelo.com\\\/ca\\\/#\\\/schema\\\/logo\\\/image\\\/\",\"url\":\"https:\\\/\\\/www.todanelo.com\\\/wp-content\\\/uploads\\\/logo-todanelo.png\",\"contentUrl\":\"https:\\\/\\\/www.todanelo.com\\\/wp-content\\\/uploads\\\/logo-todanelo.png\",\"width\":390,\"height\":161,\"caption\":\"Toda &amp; Nel-lo Abogados\"},\"image\":{\"@id\":\"https:\\\/\\\/www.todanelo.com\\\/ca\\\/#\\\/schema\\\/logo\\\/image\\\/\"}},{\"@type\":\"Person\",\"@id\":\"https:\\\/\\\/www.todanelo.com\\\/ca\\\/#\\\/schema\\\/person\\\/403e6ed9d856044c44f52763ead94c6a\",\"name\":\"emfasi\",\"sameAs\":[\"https:\\\/\\\/www.todanelo.com\"],\"url\":\"https:\\\/\\\/www.todanelo.com\\\/ca\\\/noticias\\\/author\\\/emfasi\\\/\"}]}<\/script>\n<!-- \/ Yoast SEO plugin. -->","yoast_head_json":{"title":"Toda & Nel-lo Abogados participa en la jornada organizada por Uni\u00f3n Patronal Metal\u00fargica - Toda &amp; Nel-lo Abogados","description":"Toda & Nel-lo Abogados participa en la jornada Compliance - Corporate Defense organizada por UNI\u00d3 PATRONAL METAL\u00daRGICA\u00a0e impartida por especialistas en","robots":{"index":"index","follow":"follow","max-snippet":"max-snippet:-1","max-image-preview":"max-image-preview:large","max-video-preview":"max-video-preview:-1"},"canonical":"https:\/\/www.todanelo.com\/ca\/noticias\/toda-nel-lo-abogados-participa-en-la-jornada-organizada-por-union-patronal-metalurgica\/","og_locale":"ca_ES","og_type":"article","og_title":"Toda & Nel-lo Abogados participa en la jornada organizada por Uni\u00f3n Patronal Metal\u00fargica - Toda &amp; Nel-lo Abogados","og_description":"Toda & Nel-lo Abogados participa en la jornada Compliance - Corporate Defense organizada por UNI\u00d3 PATRONAL METAL\u00daRGICA\u00a0e impartida por especialistas en","og_url":"https:\/\/www.todanelo.com\/ca\/noticias\/toda-nel-lo-abogados-participa-en-la-jornada-organizada-por-union-patronal-metalurgica\/","og_site_name":"Toda &amp; Nel-lo Abogados","article_published_time":"2016-11-16T18:30:00+00:00","author":"emfasi","twitter_card":"summary_large_image","twitter_misc":{"Escrit per":"emfasi"},"schema":{"@context":"https:\/\/schema.org","@graph":[{"@type":"Article","@id":"https:\/\/www.todanelo.com\/ca\/noticias\/toda-nel-lo-abogados-participa-en-la-jornada-organizada-por-union-patronal-metalurgica\/#article","isPartOf":{"@id":"https:\/\/www.todanelo.com\/ca\/noticias\/toda-nel-lo-abogados-participa-en-la-jornada-organizada-por-union-patronal-metalurgica\/"},"author":{"name":"emfasi","@id":"https:\/\/www.todanelo.com\/ca\/#\/schema\/person\/403e6ed9d856044c44f52763ead94c6a"},"headline":"Toda &#038; Nel-lo Abogados participa en la jornada organizada por Uni\u00f3n Patronal Metal\u00fargica","datePublished":"2016-11-16T18:30:00+00:00","mainEntityOfPage":{"@id":"https:\/\/www.todanelo.com\/ca\/noticias\/toda-nel-lo-abogados-participa-en-la-jornada-organizada-por-union-patronal-metalurgica\/"},"wordCount":85,"commentCount":2,"publisher":{"@id":"https:\/\/www.todanelo.com\/ca\/#organization"},"inLanguage":"ca","potentialAction":[{"@type":"CommentAction","name":"Comment","target":["https:\/\/www.todanelo.com\/ca\/noticias\/toda-nel-lo-abogados-participa-en-la-jornada-organizada-por-union-patronal-metalurgica\/#respond"]}]},{"@type":"WebPage","@id":"https:\/\/www.todanelo.com\/ca\/noticias\/toda-nel-lo-abogados-participa-en-la-jornada-organizada-por-union-patronal-metalurgica\/","url":"https:\/\/www.todanelo.com\/ca\/noticias\/toda-nel-lo-abogados-participa-en-la-jornada-organizada-por-union-patronal-metalurgica\/","name":"Toda & Nel-lo Abogados participa en la jornada organizada por Uni\u00f3n Patronal Metal\u00fargica - Toda &amp; Nel-lo Abogados","isPartOf":{"@id":"https:\/\/www.todanelo.com\/ca\/#website"},"datePublished":"2016-11-16T18:30:00+00:00","description":"Toda & Nel-lo Abogados participa en la jornada Compliance - Corporate Defense organizada por UNI\u00d3 PATRONAL METAL\u00daRGICA\u00a0e impartida por especialistas en","breadcrumb":{"@id":"https:\/\/www.todanelo.com\/ca\/noticias\/toda-nel-lo-abogados-participa-en-la-jornada-organizada-por-union-patronal-metalurgica\/#breadcrumb"},"inLanguage":"ca","potentialAction":[{"@type":"ReadAction","target":["https:\/\/www.todanelo.com\/ca\/noticias\/toda-nel-lo-abogados-participa-en-la-jornada-organizada-por-union-patronal-metalurgica\/"]}]},{"@type":"BreadcrumbList","@id":"https:\/\/www.todanelo.com\/ca\/noticias\/toda-nel-lo-abogados-participa-en-la-jornada-organizada-por-union-patronal-metalurgica\/#breadcrumb","itemListElement":[{"@type":"ListItem","position":1,"name":"Inicio","item":"https:\/\/www.todanelo.com\/ca\/"},{"@type":"ListItem","position":2,"name":"Toda &#038; Nel-lo Abogados participa en la jornada organizada por Uni\u00f3n Patronal Metal\u00fargica"}]},{"@type":"WebSite","@id":"https:\/\/www.todanelo.com\/ca\/#website","url":"https:\/\/www.todanelo.com\/ca\/","name":"Toda &amp; Nel-lo Abogados","description":"Despatx de jur\u00eddic a Barcelona i Madrid","publisher":{"@id":"https:\/\/www.todanelo.com\/ca\/#organization"},"potentialAction":[{"@type":"SearchAction","target":{"@type":"EntryPoint","urlTemplate":"https:\/\/www.todanelo.com\/ca\/?s={search_term_string}"},"query-input":{"@type":"PropertyValueSpecification","valueRequired":true,"valueName":"search_term_string"}}],"inLanguage":"ca"},{"@type":"Organization","@id":"https:\/\/www.todanelo.com\/ca\/#organization","name":"Toda &amp; Nel-lo Abogados","url":"https:\/\/www.todanelo.com\/ca\/","logo":{"@type":"ImageObject","inLanguage":"ca","@id":"https:\/\/www.todanelo.com\/ca\/#\/schema\/logo\/image\/","url":"https:\/\/www.todanelo.com\/wp-content\/uploads\/logo-todanelo.png","contentUrl":"https:\/\/www.todanelo.com\/wp-content\/uploads\/logo-todanelo.png","width":390,"height":161,"caption":"Toda &amp; Nel-lo Abogados"},"image":{"@id":"https:\/\/www.todanelo.com\/ca\/#\/schema\/logo\/image\/"}},{"@type":"Person","@id":"https:\/\/www.todanelo.com\/ca\/#\/schema\/person\/403e6ed9d856044c44f52763ead94c6a","name":"emfasi","sameAs":["https:\/\/www.todanelo.com"],"url":"https:\/\/www.todanelo.com\/ca\/noticias\/author\/emfasi\/"}]}},"_links":{"self":[{"href":"https:\/\/www.todanelo.com\/ca\/wp-json\/wp\/v2\/posts\/2497","targetHints":{"allow":["GET"]}}],"collection":[{"href":"https:\/\/www.todanelo.com\/ca\/wp-json\/wp\/v2\/posts"}],"about":[{"href":"https:\/\/www.todanelo.com\/ca\/wp-json\/wp\/v2\/types\/post"}],"author":[{"embeddable":true,"href":"https:\/\/www.todanelo.com\/ca\/wp-json\/wp\/v2\/users\/1"}],"replies":[{"embeddable":true,"href":"https:\/\/www.todanelo.com\/ca\/wp-json\/wp\/v2\/comments?post=2497"}],"version-history":[{"count":0,"href":"https:\/\/www.todanelo.com\/ca\/wp-json\/wp\/v2\/posts\/2497\/revisions"}],"wp:attachment":[{"href":"https:\/\/www.todanelo.com\/ca\/wp-json\/wp\/v2\/media?parent=2497"}],"wp:term":[{"taxonomy":"category","embeddable":true,"href":"https:\/\/www.todanelo.com\/ca\/wp-json\/wp\/v2\/categories?post=2497"},{"taxonomy":"post_tag","embeddable":true,"href":"https:\/\/www.todanelo.com\/ca\/wp-json\/wp\/v2\/tags?post=2497"}],"curies":[{"name":"wp","href":"https:\/\/api.w.org\/{rel}","templated":true}]}}