{"id":3248,"date":"2014-11-06T10:00:00","date_gmt":"2014-11-06T10:00:00","guid":{"rendered":"https:\/\/beta.todanelo.com\/legal-news\/calendario-laboral-para-el-ano-2015\/"},"modified":"2014-11-06T10:00:00","modified_gmt":"2014-11-06T10:00:00","slug":"calendario-laboral-para-el-ano-2015","status":"publish","type":"legal-news","link":"https:\/\/www.todanelo.com\/ca\/actualitat-juridica\/calendario-laboral-para-el-ano-2015\/","title":{"rendered":"Calendario laboral para el a\u00f1o 2015"},"content":{"rendered":"<p>El pasado 24 de octubre de 2014 se public\u00f3 en el BOE la Resoluci\u00f3n de 17 de octubre de 2014, por la que se aprueba la relaci\u00f3n de fiestas laborales para el a\u00f1o 2015.<\/p>\n<p>En el siguiente enlace puede acceder al texto \u00edntegro de dicha resoluci\u00f3n. En la p\u00e1gina 3 del documento encontrar\u00e1 una tabla, en la que se indican los d\u00edas festivos en cada Comunidad Aut\u00f3noma para el pr\u00f3ximo a\u00f1o.<\/p>\n<p><a href=\"http:\/\/www.boe.es\/boe\/dias\/2014\/10\/24\/pdfs\/BOE-A-2014-10823.pdf\" target=\"_blank\" rel=\"noopener\">Texto \u00edntegro Resoluci\u00f3n de 17 de octubre de 2014<\/a><\/p>\n<p>Resulta pertinente recordar la importancia de que las empresas confeccionen debidamente cada a\u00f1o el calendario laboral. En este sentido, el art\u00edculo 34.6 del Estatuto de los Trabajadores establece: \u201cAnualmente se elaborar\u00e1 por la empresa el calendario laboral, debiendo exponerse un ejemplar del mism<a href=\"#\">#<\/a>o en un lugar visible de cada centro de trabajo\u201d.<\/p>\n","protected":false},"excerpt":{"rendered":"<p>El pasado 24 de octubre de 2014 se public\u00f3 en el BOE la Resoluci\u00f3n de 17 de octubre de 2014, por la que se aprueba la relaci\u00f3n de fiestas laborales &hellip;<\/p>\n","protected":false},"featured_media":0,"template":"","meta":{"_acf_changed":false,"footnotes":""},"class_list":["post-3248","legal-news","type-legal-news","status-publish","hentry"],"acf":[],"yoast_head":"<!-- This site is optimized with the Yoast SEO plugin v27.4 - https:\/\/yoast.com\/product\/yoast-seo-wordpress\/ -->\n<title>Calendario laboral para el a\u00f1o 2015 - Toda &amp; Nel-lo Abogados<\/title>\n<meta name=\"description\" content=\"El pasado 24 de octubre de 2014 se public\u00f3 en el BOE la Resoluci\u00f3n de 17 de octubre de 2014, por la que se aprueba la relaci\u00f3n de fiestas laborales para\" \/>\n<meta name=\"robots\" content=\"index, follow, max-snippet:-1, max-image-preview:large, max-video-preview:-1\" \/>\n<link rel=\"canonical\" href=\"https:\/\/www.todanelo.com\/ca\/actualitat-juridica\/calendario-laboral-para-el-ano-2015\/\" \/>\n<meta property=\"og:locale\" content=\"ca_ES\" \/>\n<meta property=\"og:type\" content=\"article\" \/>\n<meta property=\"og:title\" content=\"Calendario laboral para el a\u00f1o 2015 - Toda &amp; Nel-lo Abogados\" \/>\n<meta property=\"og:description\" content=\"El pasado 24 de octubre de 2014 se public\u00f3 en el BOE la Resoluci\u00f3n de 17 de octubre de 2014, por la que se aprueba la relaci\u00f3n de fiestas laborales para\" \/>\n<meta property=\"og:url\" content=\"https:\/\/www.todanelo.com\/ca\/actualitat-juridica\/calendario-laboral-para-el-ano-2015\/\" \/>\n<meta property=\"og:site_name\" content=\"Toda &amp; Nel-lo Abogados\" \/>\n<meta name=\"twitter:card\" content=\"summary_large_image\" \/>\n<meta name=\"twitter:label1\" content=\"Temps estimat de lectura\" \/>\n\t<meta name=\"twitter:data1\" content=\"1 minut\" \/>\n<script type=\"application\/ld+json\" class=\"yoast-schema-graph\">{\"@context\":\"https:\\\/\\\/schema.org\",\"@graph\":[{\"@type\":[\"WebPage\",\"ItemPage\"],\"@id\":\"https:\\\/\\\/www.todanelo.com\\\/ca\\\/actualitat-juridica\\\/calendario-laboral-para-el-ano-2015\\\/\",\"url\":\"https:\\\/\\\/www.todanelo.com\\\/ca\\\/actualitat-juridica\\\/calendario-laboral-para-el-ano-2015\\\/\",\"name\":\"Calendario laboral para el a\u00f1o 2015 - Toda &amp; Nel-lo Abogados\",\"isPartOf\":{\"@id\":\"https:\\\/\\\/www.todanelo.com\\\/ca\\\/#website\"},\"datePublished\":\"2014-11-06T10:00:00+00:00\",\"description\":\"El pasado 24 de octubre de 2014 se public\u00f3 en el BOE la Resoluci\u00f3n de 17 de octubre de 2014, por la que se aprueba la relaci\u00f3n de fiestas laborales para\",\"breadcrumb\":{\"@id\":\"https:\\\/\\\/www.todanelo.com\\\/ca\\\/actualitat-juridica\\\/calendario-laboral-para-el-ano-2015\\\/#breadcrumb\"},\"inLanguage\":\"ca\",\"potentialAction\":[{\"@type\":\"ReadAction\",\"target\":[\"https:\\\/\\\/www.todanelo.com\\\/ca\\\/actualitat-juridica\\\/calendario-laboral-para-el-ano-2015\\\/\"]}]},{\"@type\":\"BreadcrumbList\",\"@id\":\"https:\\\/\\\/www.todanelo.com\\\/ca\\\/actualitat-juridica\\\/calendario-laboral-para-el-ano-2015\\\/#breadcrumb\",\"itemListElement\":[{\"@type\":\"ListItem\",\"position\":1,\"name\":\"Inicio\",\"item\":\"https:\\\/\\\/www.todanelo.com\\\/ca\\\/\"},{\"@type\":\"ListItem\",\"position\":2,\"name\":\"Actualidad jur\u00eddica\",\"item\":\"https:\\\/\\\/www.todanelo.com\\\/ca\\\/actualitat-juridica\\\/\"},{\"@type\":\"ListItem\",\"position\":3,\"name\":\"Calendario laboral para el a\u00f1o 2015\"}]},{\"@type\":\"WebSite\",\"@id\":\"https:\\\/\\\/www.todanelo.com\\\/ca\\\/#website\",\"url\":\"https:\\\/\\\/www.todanelo.com\\\/ca\\\/\",\"name\":\"Toda &amp; Nel-lo Abogados\",\"description\":\"Despatx de jur\u00eddic a Barcelona i Madrid\",\"publisher\":{\"@id\":\"https:\\\/\\\/www.todanelo.com\\\/ca\\\/#organization\"},\"potentialAction\":[{\"@type\":\"SearchAction\",\"target\":{\"@type\":\"EntryPoint\",\"urlTemplate\":\"https:\\\/\\\/www.todanelo.com\\\/ca\\\/?s={search_term_string}\"},\"query-input\":{\"@type\":\"PropertyValueSpecification\",\"valueRequired\":true,\"valueName\":\"search_term_string\"}}],\"inLanguage\":\"ca\"},{\"@type\":\"Organization\",\"@id\":\"https:\\\/\\\/www.todanelo.com\\\/ca\\\/#organization\",\"name\":\"Toda &amp; Nel-lo Abogados\",\"url\":\"https:\\\/\\\/www.todanelo.com\\\/ca\\\/\",\"logo\":{\"@type\":\"ImageObject\",\"inLanguage\":\"ca\",\"@id\":\"https:\\\/\\\/www.todanelo.com\\\/ca\\\/#\\\/schema\\\/logo\\\/image\\\/\",\"url\":\"https:\\\/\\\/www.todanelo.com\\\/wp-content\\\/uploads\\\/logo-todanelo.png\",\"contentUrl\":\"https:\\\/\\\/www.todanelo.com\\\/wp-content\\\/uploads\\\/logo-todanelo.png\",\"width\":390,\"height\":161,\"caption\":\"Toda &amp; Nel-lo Abogados\"},\"image\":{\"@id\":\"https:\\\/\\\/www.todanelo.com\\\/ca\\\/#\\\/schema\\\/logo\\\/image\\\/\"}}]}<\/script>\n<!-- \/ Yoast SEO plugin. -->","yoast_head_json":{"title":"Calendario laboral para el a\u00f1o 2015 - Toda &amp; Nel-lo Abogados","description":"El pasado 24 de octubre de 2014 se public\u00f3 en el BOE la Resoluci\u00f3n de 17 de octubre de 2014, por la que se aprueba la relaci\u00f3n de fiestas laborales para","robots":{"index":"index","follow":"follow","max-snippet":"max-snippet:-1","max-image-preview":"max-image-preview:large","max-video-preview":"max-video-preview:-1"},"canonical":"https:\/\/www.todanelo.com\/ca\/actualitat-juridica\/calendario-laboral-para-el-ano-2015\/","og_locale":"ca_ES","og_type":"article","og_title":"Calendario laboral para el a\u00f1o 2015 - Toda &amp; Nel-lo Abogados","og_description":"El pasado 24 de octubre de 2014 se public\u00f3 en el BOE la Resoluci\u00f3n de 17 de octubre de 2014, por la que se aprueba la relaci\u00f3n de fiestas laborales para","og_url":"https:\/\/www.todanelo.com\/ca\/actualitat-juridica\/calendario-laboral-para-el-ano-2015\/","og_site_name":"Toda &amp; Nel-lo Abogados","twitter_card":"summary_large_image","twitter_misc":{"Temps estimat de lectura":"1 minut"},"schema":{"@context":"https:\/\/schema.org","@graph":[{"@type":["WebPage","ItemPage"],"@id":"https:\/\/www.todanelo.com\/ca\/actualitat-juridica\/calendario-laboral-para-el-ano-2015\/","url":"https:\/\/www.todanelo.com\/ca\/actualitat-juridica\/calendario-laboral-para-el-ano-2015\/","name":"Calendario laboral para el a\u00f1o 2015 - Toda &amp; Nel-lo Abogados","isPartOf":{"@id":"https:\/\/www.todanelo.com\/ca\/#website"},"datePublished":"2014-11-06T10:00:00+00:00","description":"El pasado 24 de octubre de 2014 se public\u00f3 en el BOE la Resoluci\u00f3n de 17 de octubre de 2014, por la que se aprueba la relaci\u00f3n de fiestas laborales para","breadcrumb":{"@id":"https:\/\/www.todanelo.com\/ca\/actualitat-juridica\/calendario-laboral-para-el-ano-2015\/#breadcrumb"},"inLanguage":"ca","potentialAction":[{"@type":"ReadAction","target":["https:\/\/www.todanelo.com\/ca\/actualitat-juridica\/calendario-laboral-para-el-ano-2015\/"]}]},{"@type":"BreadcrumbList","@id":"https:\/\/www.todanelo.com\/ca\/actualitat-juridica\/calendario-laboral-para-el-ano-2015\/#breadcrumb","itemListElement":[{"@type":"ListItem","position":1,"name":"Inicio","item":"https:\/\/www.todanelo.com\/ca\/"},{"@type":"ListItem","position":2,"name":"Actualidad jur\u00eddica","item":"https:\/\/www.todanelo.com\/ca\/actualitat-juridica\/"},{"@type":"ListItem","position":3,"name":"Calendario laboral para el a\u00f1o 2015"}]},{"@type":"WebSite","@id":"https:\/\/www.todanelo.com\/ca\/#website","url":"https:\/\/www.todanelo.com\/ca\/","name":"Toda &amp; Nel-lo Abogados","description":"Despatx de jur\u00eddic a Barcelona i Madrid","publisher":{"@id":"https:\/\/www.todanelo.com\/ca\/#organization"},"potentialAction":[{"@type":"SearchAction","target":{"@type":"EntryPoint","urlTemplate":"https:\/\/www.todanelo.com\/ca\/?s={search_term_string}"},"query-input":{"@type":"PropertyValueSpecification","valueRequired":true,"valueName":"search_term_string"}}],"inLanguage":"ca"},{"@type":"Organization","@id":"https:\/\/www.todanelo.com\/ca\/#organization","name":"Toda &amp; Nel-lo Abogados","url":"https:\/\/www.todanelo.com\/ca\/","logo":{"@type":"ImageObject","inLanguage":"ca","@id":"https:\/\/www.todanelo.com\/ca\/#\/schema\/logo\/image\/","url":"https:\/\/www.todanelo.com\/wp-content\/uploads\/logo-todanelo.png","contentUrl":"https:\/\/www.todanelo.com\/wp-content\/uploads\/logo-todanelo.png","width":390,"height":161,"caption":"Toda &amp; Nel-lo Abogados"},"image":{"@id":"https:\/\/www.todanelo.com\/ca\/#\/schema\/logo\/image\/"}}]}},"_links":{"self":[{"href":"https:\/\/www.todanelo.com\/ca\/wp-json\/wp\/v2\/legal-news\/3248","targetHints":{"allow":["GET"]}}],"collection":[{"href":"https:\/\/www.todanelo.com\/ca\/wp-json\/wp\/v2\/legal-news"}],"about":[{"href":"https:\/\/www.todanelo.com\/ca\/wp-json\/wp\/v2\/types\/legal-news"}],"version-history":[{"count":0,"href":"https:\/\/www.todanelo.com\/ca\/wp-json\/wp\/v2\/legal-news\/3248\/revisions"}],"wp:attachment":[{"href":"https:\/\/www.todanelo.com\/ca\/wp-json\/wp\/v2\/media?parent=3248"}],"curies":[{"name":"wp","href":"https:\/\/api.w.org\/{rel}","templated":true}]}}