{"id":3211,"date":"2015-03-20T09:30:00","date_gmt":"2015-03-20T09:30:00","guid":{"rendered":"https:\/\/beta.todanelo.com\/legal-news\/el-contrato-de-relevo-se-mantiene-hasta-la-edad-de-jubilacion-total-del\/"},"modified":"2015-03-20T09:30:00","modified_gmt":"2015-03-20T09:30:00","slug":"el-contrato-de-relevo-se-mantiene-hasta-la-edad-de-jubilacion-total-del","status":"publish","type":"legal-news","link":"https:\/\/www.todanelo.com\/ca\/actualitat-juridica\/el-contrato-de-relevo-se-mantiene-hasta-la-edad-de-jubilacion-total-del\/","title":{"rendered":"El contrato de relevo se mantiene hasta la edad de jubilaci\u00f3n total del trabajador jubilado parcialmente, aunque \u00e9ste compacte su jornada"},"content":{"rendered":"<p>La modalidad de jubilaci\u00f3n parcial anterior a la fecha legal de jubilaci\u00f3n ordinaria del trabajador permite que la jornada reducida del jubilado parcialmente se concentre en un periodo determinado, f\u00f3rmula que no supondr\u00e1 la extinci\u00f3n del correspondiente contrato de relevo en la fecha efectiva de finalizaci\u00f3n de prestaci\u00f3n de servicios, sino en la fecha prevista para la jubilaci\u00f3n total del trabajador relevado.\u00a0<\/p>\n<p>As\u00ed lo ha considerado la Sentencia del Tribunal Supremo de 19 de enero de 2015, dando cobertura a una aplicaci\u00f3n de la jubilaci\u00f3n parcial que no est\u00e1 expresamente contemplada en la legislaci\u00f3n (art\u00edculo 12.6 del Estatuto de los Trabajadores y normativa concordante), pero que a juicio del \u00f3rgano jurisdiccional es posible puesto que no implica fraude alguno. En el supuesto examinado por el Alto Tribunal, quien acude al auxilio judicial es el trabajador relevista, que considera haber sido objeto de despido improcedente por extinguir la empresa su contrato en la fecha de jubilaci\u00f3n total del trabajador que estuvo jubilado parcialmente, aun cuando este segundo prest\u00f3 servicios en la empresa s\u00f3lo durante un periodo de tiempo de la jubilaci\u00f3n parcial.<\/p>\n<p>En concreto, en fecha 21 de abril de 2008 relevista y empresa suscriben contrato de relevo hasta la jubilaci\u00f3n de un trabajador -con categor\u00eda profesional de Encargado- que habr\u00eda de producirse en 17 de agosto de 2012 (teniendo una duraci\u00f3n prevista el contrato de relevo de 4 a\u00f1os y pr\u00e1cticamente 4 meses). El jubilado parcial concentr\u00f3 toda la jornada laboral -reducida al 15%- en los nueve meses siguientes a la suscripci\u00f3n del contrato de relevo, sin que con posterioridad a ello hubiese prestado m\u00e1s servicios para la empresa, pero manteni\u00e9ndose su alta en la empresa y consiguiente cotizaci\u00f3n (prorrate\u00e1ndose la cuota durante todo el periodo que medi\u00f3 entre la jubilaci\u00f3n parcial y la total).<\/p>\n<p>Con su sentencia, el Tribunal Supremo considera acorde a derecho la forma de proceder de la empresa tanto en lo que respecta al desarrollo de la jubilaci\u00f3n parcial del relevado, como en la extinci\u00f3n del contrato de relevo en la fecha prevista inicialmente por las partes. En este sentido, con tal proceder empresarial la sentencia destaca que la contrataci\u00f3n del relevista se ha ajustado a la finalidad de la normativa reguladora, sin que se vislumbre perjuicio alguno para el trabajador relevista. Asimismo, y rebatiendo los argumentos de la sentencia de contraste, el Tribunal Supremo descarta que dicha f\u00f3rmula suponga que a la pr\u00e1ctica el relevado acceda a la jubilaci\u00f3n total antes de la edad legal ordinaria. En cualquier caso, las vicisitudes que sufra la jubilaci\u00f3n parcial no deben afectar, seg\u00fan el tribunal, a la naturaleza temporal del contrato de relevo.<\/p>\n<p>Puede consultar el texto \u00edntegro de la sentencia <a href=\"http:\/\/www.poderjudicial.es\/search\/doAction?action=contentpdf&#038;databasematch=TS&#038;reference=7307105&#038;links=%22627\/2014%22&#038;optimize=20150227&#038;publicinterface=true\" target=\"_blank\" rel=\"noopener\">aqu\u00ed:<\/a><\/p>\n<p>\u00a0<\/p>\n","protected":false},"excerpt":{"rendered":"<p>La modalidad de jubilaci\u00f3n parcial anterior a la fecha legal de jubilaci\u00f3n ordinaria del trabajador permite que la jornada reducida del jubilado parcialmente se concentre en un periodo determinado, f\u00f3rmula &hellip;<\/p>\n","protected":false},"featured_media":0,"template":"","meta":{"_acf_changed":false,"footnotes":""},"class_list":["post-3211","legal-news","type-legal-news","status-publish","hentry"],"acf":[],"yoast_head":"<!-- This site is optimized with the Yoast SEO plugin v27.4 - https:\/\/yoast.com\/product\/yoast-seo-wordpress\/ -->\n<title>El contrato de relevo se mantiene hasta la edad de jubilaci\u00f3n total del trabajador jubilado parcialmente, aunque \u00e9ste compacte su jornada - Toda &amp; Nel-lo Abogados<\/title>\n<meta name=\"description\" content=\"La modalidad de jubilaci\u00f3n parcial anterior a la fecha legal de jubilaci\u00f3n ordinaria del trabajador permite que la jornada reducida del jubilado\" \/>\n<meta name=\"robots\" content=\"index, follow, max-snippet:-1, max-image-preview:large, max-video-preview:-1\" \/>\n<link rel=\"canonical\" href=\"https:\/\/www.todanelo.com\/ca\/actualitat-juridica\/el-contrato-de-relevo-se-mantiene-hasta-la-edad-de-jubilacion-total-del\/\" \/>\n<meta property=\"og:locale\" content=\"ca_ES\" \/>\n<meta property=\"og:type\" content=\"article\" \/>\n<meta property=\"og:title\" content=\"El contrato de relevo se mantiene hasta la edad de jubilaci\u00f3n total del trabajador jubilado parcialmente, aunque \u00e9ste compacte su jornada - Toda &amp; Nel-lo Abogados\" \/>\n<meta property=\"og:description\" content=\"La modalidad de jubilaci\u00f3n parcial anterior a la fecha legal de jubilaci\u00f3n ordinaria del trabajador permite que la jornada reducida del jubilado\" \/>\n<meta property=\"og:url\" content=\"https:\/\/www.todanelo.com\/ca\/actualitat-juridica\/el-contrato-de-relevo-se-mantiene-hasta-la-edad-de-jubilacion-total-del\/\" \/>\n<meta property=\"og:site_name\" content=\"Toda &amp; Nel-lo Abogados\" \/>\n<meta name=\"twitter:card\" content=\"summary_large_image\" \/>\n<meta name=\"twitter:label1\" content=\"Temps estimat de lectura\" \/>\n\t<meta name=\"twitter:data1\" content=\"2 minuts\" \/>\n<script type=\"application\/ld+json\" class=\"yoast-schema-graph\">{\"@context\":\"https:\\\/\\\/schema.org\",\"@graph\":[{\"@type\":[\"WebPage\",\"ItemPage\"],\"@id\":\"https:\\\/\\\/www.todanelo.com\\\/ca\\\/actualitat-juridica\\\/el-contrato-de-relevo-se-mantiene-hasta-la-edad-de-jubilacion-total-del\\\/\",\"url\":\"https:\\\/\\\/www.todanelo.com\\\/ca\\\/actualitat-juridica\\\/el-contrato-de-relevo-se-mantiene-hasta-la-edad-de-jubilacion-total-del\\\/\",\"name\":\"El contrato de relevo se mantiene hasta la edad de jubilaci\u00f3n total del trabajador jubilado parcialmente, aunque \u00e9ste compacte su jornada - Toda &amp; Nel-lo Abogados\",\"isPartOf\":{\"@id\":\"https:\\\/\\\/www.todanelo.com\\\/ca\\\/#website\"},\"datePublished\":\"2015-03-20T09:30:00+00:00\",\"description\":\"La modalidad de jubilaci\u00f3n parcial anterior a la fecha legal de jubilaci\u00f3n ordinaria del trabajador permite que la jornada reducida del jubilado\",\"breadcrumb\":{\"@id\":\"https:\\\/\\\/www.todanelo.com\\\/ca\\\/actualitat-juridica\\\/el-contrato-de-relevo-se-mantiene-hasta-la-edad-de-jubilacion-total-del\\\/#breadcrumb\"},\"inLanguage\":\"ca\",\"potentialAction\":[{\"@type\":\"ReadAction\",\"target\":[\"https:\\\/\\\/www.todanelo.com\\\/ca\\\/actualitat-juridica\\\/el-contrato-de-relevo-se-mantiene-hasta-la-edad-de-jubilacion-total-del\\\/\"]}]},{\"@type\":\"BreadcrumbList\",\"@id\":\"https:\\\/\\\/www.todanelo.com\\\/ca\\\/actualitat-juridica\\\/el-contrato-de-relevo-se-mantiene-hasta-la-edad-de-jubilacion-total-del\\\/#breadcrumb\",\"itemListElement\":[{\"@type\":\"ListItem\",\"position\":1,\"name\":\"Inicio\",\"item\":\"https:\\\/\\\/www.todanelo.com\\\/ca\\\/\"},{\"@type\":\"ListItem\",\"position\":2,\"name\":\"Actualidad jur\u00eddica\",\"item\":\"https:\\\/\\\/www.todanelo.com\\\/ca\\\/actualitat-juridica\\\/\"},{\"@type\":\"ListItem\",\"position\":3,\"name\":\"El contrato de relevo se mantiene hasta la edad de jubilaci\u00f3n total del trabajador jubilado parcialmente, aunque \u00e9ste compacte su jornada\"}]},{\"@type\":\"WebSite\",\"@id\":\"https:\\\/\\\/www.todanelo.com\\\/ca\\\/#website\",\"url\":\"https:\\\/\\\/www.todanelo.com\\\/ca\\\/\",\"name\":\"Toda &amp; Nel-lo Abogados\",\"description\":\"Despatx de jur\u00eddic a Barcelona i Madrid\",\"publisher\":{\"@id\":\"https:\\\/\\\/www.todanelo.com\\\/ca\\\/#organization\"},\"potentialAction\":[{\"@type\":\"SearchAction\",\"target\":{\"@type\":\"EntryPoint\",\"urlTemplate\":\"https:\\\/\\\/www.todanelo.com\\\/ca\\\/?s={search_term_string}\"},\"query-input\":{\"@type\":\"PropertyValueSpecification\",\"valueRequired\":true,\"valueName\":\"search_term_string\"}}],\"inLanguage\":\"ca\"},{\"@type\":\"Organization\",\"@id\":\"https:\\\/\\\/www.todanelo.com\\\/ca\\\/#organization\",\"name\":\"Toda &amp; Nel-lo Abogados\",\"url\":\"https:\\\/\\\/www.todanelo.com\\\/ca\\\/\",\"logo\":{\"@type\":\"ImageObject\",\"inLanguage\":\"ca\",\"@id\":\"https:\\\/\\\/www.todanelo.com\\\/ca\\\/#\\\/schema\\\/logo\\\/image\\\/\",\"url\":\"https:\\\/\\\/www.todanelo.com\\\/wp-content\\\/uploads\\\/logo-todanelo.png\",\"contentUrl\":\"https:\\\/\\\/www.todanelo.com\\\/wp-content\\\/uploads\\\/logo-todanelo.png\",\"width\":390,\"height\":161,\"caption\":\"Toda &amp; Nel-lo Abogados\"},\"image\":{\"@id\":\"https:\\\/\\\/www.todanelo.com\\\/ca\\\/#\\\/schema\\\/logo\\\/image\\\/\"}}]}<\/script>\n<!-- \/ Yoast SEO plugin. -->","yoast_head_json":{"title":"El contrato de relevo se mantiene hasta la edad de jubilaci\u00f3n total del trabajador jubilado parcialmente, aunque \u00e9ste compacte su jornada - Toda &amp; Nel-lo Abogados","description":"La modalidad de jubilaci\u00f3n parcial anterior a la fecha legal de jubilaci\u00f3n ordinaria del trabajador permite que la jornada reducida del jubilado","robots":{"index":"index","follow":"follow","max-snippet":"max-snippet:-1","max-image-preview":"max-image-preview:large","max-video-preview":"max-video-preview:-1"},"canonical":"https:\/\/www.todanelo.com\/ca\/actualitat-juridica\/el-contrato-de-relevo-se-mantiene-hasta-la-edad-de-jubilacion-total-del\/","og_locale":"ca_ES","og_type":"article","og_title":"El contrato de relevo se mantiene hasta la edad de jubilaci\u00f3n total del trabajador jubilado parcialmente, aunque \u00e9ste compacte su jornada - Toda &amp; Nel-lo Abogados","og_description":"La modalidad de jubilaci\u00f3n parcial anterior a la fecha legal de jubilaci\u00f3n ordinaria del trabajador permite que la jornada reducida del jubilado","og_url":"https:\/\/www.todanelo.com\/ca\/actualitat-juridica\/el-contrato-de-relevo-se-mantiene-hasta-la-edad-de-jubilacion-total-del\/","og_site_name":"Toda &amp; Nel-lo Abogados","twitter_card":"summary_large_image","twitter_misc":{"Temps estimat de lectura":"2 minuts"},"schema":{"@context":"https:\/\/schema.org","@graph":[{"@type":["WebPage","ItemPage"],"@id":"https:\/\/www.todanelo.com\/ca\/actualitat-juridica\/el-contrato-de-relevo-se-mantiene-hasta-la-edad-de-jubilacion-total-del\/","url":"https:\/\/www.todanelo.com\/ca\/actualitat-juridica\/el-contrato-de-relevo-se-mantiene-hasta-la-edad-de-jubilacion-total-del\/","name":"El contrato de relevo se mantiene hasta la edad de jubilaci\u00f3n total del trabajador jubilado parcialmente, aunque \u00e9ste compacte su jornada - Toda &amp; Nel-lo Abogados","isPartOf":{"@id":"https:\/\/www.todanelo.com\/ca\/#website"},"datePublished":"2015-03-20T09:30:00+00:00","description":"La modalidad de jubilaci\u00f3n parcial anterior a la fecha legal de jubilaci\u00f3n ordinaria del trabajador permite que la jornada reducida del jubilado","breadcrumb":{"@id":"https:\/\/www.todanelo.com\/ca\/actualitat-juridica\/el-contrato-de-relevo-se-mantiene-hasta-la-edad-de-jubilacion-total-del\/#breadcrumb"},"inLanguage":"ca","potentialAction":[{"@type":"ReadAction","target":["https:\/\/www.todanelo.com\/ca\/actualitat-juridica\/el-contrato-de-relevo-se-mantiene-hasta-la-edad-de-jubilacion-total-del\/"]}]},{"@type":"BreadcrumbList","@id":"https:\/\/www.todanelo.com\/ca\/actualitat-juridica\/el-contrato-de-relevo-se-mantiene-hasta-la-edad-de-jubilacion-total-del\/#breadcrumb","itemListElement":[{"@type":"ListItem","position":1,"name":"Inicio","item":"https:\/\/www.todanelo.com\/ca\/"},{"@type":"ListItem","position":2,"name":"Actualidad jur\u00eddica","item":"https:\/\/www.todanelo.com\/ca\/actualitat-juridica\/"},{"@type":"ListItem","position":3,"name":"El contrato de relevo se mantiene hasta la edad de jubilaci\u00f3n total del trabajador jubilado parcialmente, aunque \u00e9ste compacte su jornada"}]},{"@type":"WebSite","@id":"https:\/\/www.todanelo.com\/ca\/#website","url":"https:\/\/www.todanelo.com\/ca\/","name":"Toda &amp; Nel-lo Abogados","description":"Despatx de jur\u00eddic a Barcelona i Madrid","publisher":{"@id":"https:\/\/www.todanelo.com\/ca\/#organization"},"potentialAction":[{"@type":"SearchAction","target":{"@type":"EntryPoint","urlTemplate":"https:\/\/www.todanelo.com\/ca\/?s={search_term_string}"},"query-input":{"@type":"PropertyValueSpecification","valueRequired":true,"valueName":"search_term_string"}}],"inLanguage":"ca"},{"@type":"Organization","@id":"https:\/\/www.todanelo.com\/ca\/#organization","name":"Toda &amp; Nel-lo Abogados","url":"https:\/\/www.todanelo.com\/ca\/","logo":{"@type":"ImageObject","inLanguage":"ca","@id":"https:\/\/www.todanelo.com\/ca\/#\/schema\/logo\/image\/","url":"https:\/\/www.todanelo.com\/wp-content\/uploads\/logo-todanelo.png","contentUrl":"https:\/\/www.todanelo.com\/wp-content\/uploads\/logo-todanelo.png","width":390,"height":161,"caption":"Toda &amp; Nel-lo Abogados"},"image":{"@id":"https:\/\/www.todanelo.com\/ca\/#\/schema\/logo\/image\/"}}]}},"_links":{"self":[{"href":"https:\/\/www.todanelo.com\/ca\/wp-json\/wp\/v2\/legal-news\/3211","targetHints":{"allow":["GET"]}}],"collection":[{"href":"https:\/\/www.todanelo.com\/ca\/wp-json\/wp\/v2\/legal-news"}],"about":[{"href":"https:\/\/www.todanelo.com\/ca\/wp-json\/wp\/v2\/types\/legal-news"}],"version-history":[{"count":0,"href":"https:\/\/www.todanelo.com\/ca\/wp-json\/wp\/v2\/legal-news\/3211\/revisions"}],"wp:attachment":[{"href":"https:\/\/www.todanelo.com\/ca\/wp-json\/wp\/v2\/media?parent=3211"}],"curies":[{"name":"wp","href":"https:\/\/api.w.org\/{rel}","templated":true}]}}