{"id":3207,"date":"2015-04-13T08:45:00","date_gmt":"2015-04-13T08:45:00","guid":{"rendered":"https:\/\/beta.todanelo.com\/legal-news\/rdgrn-registro-mercantil-y-declaracion-sobre-la-valida-constitucion-de-la-junta\/"},"modified":"2015-04-13T08:45:00","modified_gmt":"2015-04-13T08:45:00","slug":"rdgrn-registro-mercantil-y-declaracion-sobre-la-valida-constitucion-de-la-junta","status":"publish","type":"legal-news","link":"https:\/\/www.todanelo.com\/ca\/actualitat-juridica\/rdgrn-registro-mercantil-y-declaracion-sobre-la-valida-constitucion-de-la-junta\/","title":{"rendered":"RDGRN. REGISTRO MERCANTIL Y DECLARACI\u00d3N SOBRE LA V\u00c1LIDA CONSTITUCI\u00d3N DE LA JUNTA"},"content":{"rendered":"<p>Se discute si para la inscripci\u00f3n de determinados acuerdos de una junta general a la que asist\u00eda como socia una comunidad hereditaria debe acreditarse la representaci\u00f3n de dicha comunidad.<\/p>\n<p>La DGRN estima el recurso, que negaba la necesidad de tal acreditaci\u00f3n, se\u00f1alando que la declaraci\u00f3n realizada por el presidente sobre la v\u00e1lida constituci\u00f3n de la junta vincula al registrador, salvo excepciones que hagan patente su desacierto o falta de legalidad, lo que ocurre, por ejemplo, en casos de juntas contradictorias; cuando existen dos listas de asistentes diferentes, o dos Libros Registros diferentes. (Resoluci\u00f3n de 4 de marzo de 2015).<\/p>\n<p>Ver texto \u00edntegro de la Resoluci\u00f3n <a href=\"http:\/\/www.boe.es\/boe\/dias\/2015\/03\/21\/pdfs\/BOE-A-2015-3016.pdf\" target=\"_blank\" rel=\"noopener\">aqu\u00ed<\/a><\/p>\n","protected":false},"excerpt":{"rendered":"<p>Se discute si para la inscripci\u00f3n de determinados acuerdos de una junta general a la que asist\u00eda como socia una comunidad hereditaria debe acreditarse la representaci\u00f3n de dicha comunidad. La &hellip;<\/p>\n","protected":false},"featured_media":0,"template":"","meta":{"_acf_changed":false,"footnotes":""},"class_list":["post-3207","legal-news","type-legal-news","status-publish","hentry"],"acf":[],"yoast_head":"<!-- This site is optimized with the Yoast SEO plugin v27.4 - https:\/\/yoast.com\/product\/yoast-seo-wordpress\/ -->\n<title>RDGRN. REGISTRO MERCANTIL Y DECLARACI\u00d3N SOBRE LA V\u00c1LIDA CONSTITUCI\u00d3N DE LA JUNTA - Toda &amp; Nel-lo Abogados<\/title>\n<meta name=\"description\" content=\"Se discute si para la inscripci\u00f3n de determinados acuerdos de una junta general a la que asist\u00eda como socia una comunidad hereditaria debe acreditarse la\" \/>\n<meta name=\"robots\" content=\"index, follow, max-snippet:-1, max-image-preview:large, max-video-preview:-1\" \/>\n<link rel=\"canonical\" href=\"https:\/\/www.todanelo.com\/ca\/actualitat-juridica\/rdgrn-registro-mercantil-y-declaracion-sobre-la-valida-constitucion-de-la-junta\/\" \/>\n<meta property=\"og:locale\" content=\"ca_ES\" \/>\n<meta property=\"og:type\" content=\"article\" \/>\n<meta property=\"og:title\" content=\"RDGRN. REGISTRO MERCANTIL Y DECLARACI\u00d3N SOBRE LA V\u00c1LIDA CONSTITUCI\u00d3N DE LA JUNTA - Toda &amp; Nel-lo Abogados\" \/>\n<meta property=\"og:description\" content=\"Se discute si para la inscripci\u00f3n de determinados acuerdos de una junta general a la que asist\u00eda como socia una comunidad hereditaria debe acreditarse la\" \/>\n<meta property=\"og:url\" content=\"https:\/\/www.todanelo.com\/ca\/actualitat-juridica\/rdgrn-registro-mercantil-y-declaracion-sobre-la-valida-constitucion-de-la-junta\/\" \/>\n<meta property=\"og:site_name\" content=\"Toda &amp; Nel-lo Abogados\" \/>\n<meta name=\"twitter:card\" content=\"summary_large_image\" \/>\n<meta name=\"twitter:label1\" content=\"Temps estimat de lectura\" \/>\n\t<meta name=\"twitter:data1\" content=\"1 minut\" \/>\n<script type=\"application\/ld+json\" class=\"yoast-schema-graph\">{\"@context\":\"https:\\\/\\\/schema.org\",\"@graph\":[{\"@type\":[\"WebPage\",\"ItemPage\"],\"@id\":\"https:\\\/\\\/www.todanelo.com\\\/ca\\\/actualitat-juridica\\\/rdgrn-registro-mercantil-y-declaracion-sobre-la-valida-constitucion-de-la-junta\\\/\",\"url\":\"https:\\\/\\\/www.todanelo.com\\\/ca\\\/actualitat-juridica\\\/rdgrn-registro-mercantil-y-declaracion-sobre-la-valida-constitucion-de-la-junta\\\/\",\"name\":\"RDGRN. REGISTRO MERCANTIL Y DECLARACI\u00d3N SOBRE LA V\u00c1LIDA CONSTITUCI\u00d3N DE LA JUNTA - Toda &amp; Nel-lo Abogados\",\"isPartOf\":{\"@id\":\"https:\\\/\\\/www.todanelo.com\\\/ca\\\/#website\"},\"datePublished\":\"2015-04-13T08:45:00+00:00\",\"description\":\"Se discute si para la inscripci\u00f3n de determinados acuerdos de una junta general a la que asist\u00eda como socia una comunidad hereditaria debe acreditarse la\",\"breadcrumb\":{\"@id\":\"https:\\\/\\\/www.todanelo.com\\\/ca\\\/actualitat-juridica\\\/rdgrn-registro-mercantil-y-declaracion-sobre-la-valida-constitucion-de-la-junta\\\/#breadcrumb\"},\"inLanguage\":\"ca\",\"potentialAction\":[{\"@type\":\"ReadAction\",\"target\":[\"https:\\\/\\\/www.todanelo.com\\\/ca\\\/actualitat-juridica\\\/rdgrn-registro-mercantil-y-declaracion-sobre-la-valida-constitucion-de-la-junta\\\/\"]}]},{\"@type\":\"BreadcrumbList\",\"@id\":\"https:\\\/\\\/www.todanelo.com\\\/ca\\\/actualitat-juridica\\\/rdgrn-registro-mercantil-y-declaracion-sobre-la-valida-constitucion-de-la-junta\\\/#breadcrumb\",\"itemListElement\":[{\"@type\":\"ListItem\",\"position\":1,\"name\":\"Inicio\",\"item\":\"https:\\\/\\\/www.todanelo.com\\\/ca\\\/\"},{\"@type\":\"ListItem\",\"position\":2,\"name\":\"Actualidad jur\u00eddica\",\"item\":\"https:\\\/\\\/www.todanelo.com\\\/ca\\\/actualitat-juridica\\\/\"},{\"@type\":\"ListItem\",\"position\":3,\"name\":\"RDGRN. REGISTRO MERCANTIL Y DECLARACI\u00d3N SOBRE LA V\u00c1LIDA CONSTITUCI\u00d3N DE LA JUNTA\"}]},{\"@type\":\"WebSite\",\"@id\":\"https:\\\/\\\/www.todanelo.com\\\/ca\\\/#website\",\"url\":\"https:\\\/\\\/www.todanelo.com\\\/ca\\\/\",\"name\":\"Toda &amp; Nel-lo Abogados\",\"description\":\"Despatx de jur\u00eddic a Barcelona i Madrid\",\"publisher\":{\"@id\":\"https:\\\/\\\/www.todanelo.com\\\/ca\\\/#organization\"},\"potentialAction\":[{\"@type\":\"SearchAction\",\"target\":{\"@type\":\"EntryPoint\",\"urlTemplate\":\"https:\\\/\\\/www.todanelo.com\\\/ca\\\/?s={search_term_string}\"},\"query-input\":{\"@type\":\"PropertyValueSpecification\",\"valueRequired\":true,\"valueName\":\"search_term_string\"}}],\"inLanguage\":\"ca\"},{\"@type\":\"Organization\",\"@id\":\"https:\\\/\\\/www.todanelo.com\\\/ca\\\/#organization\",\"name\":\"Toda &amp; Nel-lo Abogados\",\"url\":\"https:\\\/\\\/www.todanelo.com\\\/ca\\\/\",\"logo\":{\"@type\":\"ImageObject\",\"inLanguage\":\"ca\",\"@id\":\"https:\\\/\\\/www.todanelo.com\\\/ca\\\/#\\\/schema\\\/logo\\\/image\\\/\",\"url\":\"https:\\\/\\\/www.todanelo.com\\\/wp-content\\\/uploads\\\/logo-todanelo.png\",\"contentUrl\":\"https:\\\/\\\/www.todanelo.com\\\/wp-content\\\/uploads\\\/logo-todanelo.png\",\"width\":390,\"height\":161,\"caption\":\"Toda &amp; Nel-lo Abogados\"},\"image\":{\"@id\":\"https:\\\/\\\/www.todanelo.com\\\/ca\\\/#\\\/schema\\\/logo\\\/image\\\/\"}}]}<\/script>\n<!-- \/ Yoast SEO plugin. -->","yoast_head_json":{"title":"RDGRN. REGISTRO MERCANTIL Y DECLARACI\u00d3N SOBRE LA V\u00c1LIDA CONSTITUCI\u00d3N DE LA JUNTA - Toda &amp; Nel-lo Abogados","description":"Se discute si para la inscripci\u00f3n de determinados acuerdos de una junta general a la que asist\u00eda como socia una comunidad hereditaria debe acreditarse la","robots":{"index":"index","follow":"follow","max-snippet":"max-snippet:-1","max-image-preview":"max-image-preview:large","max-video-preview":"max-video-preview:-1"},"canonical":"https:\/\/www.todanelo.com\/ca\/actualitat-juridica\/rdgrn-registro-mercantil-y-declaracion-sobre-la-valida-constitucion-de-la-junta\/","og_locale":"ca_ES","og_type":"article","og_title":"RDGRN. REGISTRO MERCANTIL Y DECLARACI\u00d3N SOBRE LA V\u00c1LIDA CONSTITUCI\u00d3N DE LA JUNTA - Toda &amp; Nel-lo Abogados","og_description":"Se discute si para la inscripci\u00f3n de determinados acuerdos de una junta general a la que asist\u00eda como socia una comunidad hereditaria debe acreditarse la","og_url":"https:\/\/www.todanelo.com\/ca\/actualitat-juridica\/rdgrn-registro-mercantil-y-declaracion-sobre-la-valida-constitucion-de-la-junta\/","og_site_name":"Toda &amp; Nel-lo Abogados","twitter_card":"summary_large_image","twitter_misc":{"Temps estimat de lectura":"1 minut"},"schema":{"@context":"https:\/\/schema.org","@graph":[{"@type":["WebPage","ItemPage"],"@id":"https:\/\/www.todanelo.com\/ca\/actualitat-juridica\/rdgrn-registro-mercantil-y-declaracion-sobre-la-valida-constitucion-de-la-junta\/","url":"https:\/\/www.todanelo.com\/ca\/actualitat-juridica\/rdgrn-registro-mercantil-y-declaracion-sobre-la-valida-constitucion-de-la-junta\/","name":"RDGRN. REGISTRO MERCANTIL Y DECLARACI\u00d3N SOBRE LA V\u00c1LIDA CONSTITUCI\u00d3N DE LA JUNTA - Toda &amp; Nel-lo Abogados","isPartOf":{"@id":"https:\/\/www.todanelo.com\/ca\/#website"},"datePublished":"2015-04-13T08:45:00+00:00","description":"Se discute si para la inscripci\u00f3n de determinados acuerdos de una junta general a la que asist\u00eda como socia una comunidad hereditaria debe acreditarse la","breadcrumb":{"@id":"https:\/\/www.todanelo.com\/ca\/actualitat-juridica\/rdgrn-registro-mercantil-y-declaracion-sobre-la-valida-constitucion-de-la-junta\/#breadcrumb"},"inLanguage":"ca","potentialAction":[{"@type":"ReadAction","target":["https:\/\/www.todanelo.com\/ca\/actualitat-juridica\/rdgrn-registro-mercantil-y-declaracion-sobre-la-valida-constitucion-de-la-junta\/"]}]},{"@type":"BreadcrumbList","@id":"https:\/\/www.todanelo.com\/ca\/actualitat-juridica\/rdgrn-registro-mercantil-y-declaracion-sobre-la-valida-constitucion-de-la-junta\/#breadcrumb","itemListElement":[{"@type":"ListItem","position":1,"name":"Inicio","item":"https:\/\/www.todanelo.com\/ca\/"},{"@type":"ListItem","position":2,"name":"Actualidad jur\u00eddica","item":"https:\/\/www.todanelo.com\/ca\/actualitat-juridica\/"},{"@type":"ListItem","position":3,"name":"RDGRN. REGISTRO MERCANTIL Y DECLARACI\u00d3N SOBRE LA V\u00c1LIDA CONSTITUCI\u00d3N DE LA JUNTA"}]},{"@type":"WebSite","@id":"https:\/\/www.todanelo.com\/ca\/#website","url":"https:\/\/www.todanelo.com\/ca\/","name":"Toda &amp; Nel-lo Abogados","description":"Despatx de jur\u00eddic a Barcelona i Madrid","publisher":{"@id":"https:\/\/www.todanelo.com\/ca\/#organization"},"potentialAction":[{"@type":"SearchAction","target":{"@type":"EntryPoint","urlTemplate":"https:\/\/www.todanelo.com\/ca\/?s={search_term_string}"},"query-input":{"@type":"PropertyValueSpecification","valueRequired":true,"valueName":"search_term_string"}}],"inLanguage":"ca"},{"@type":"Organization","@id":"https:\/\/www.todanelo.com\/ca\/#organization","name":"Toda &amp; Nel-lo Abogados","url":"https:\/\/www.todanelo.com\/ca\/","logo":{"@type":"ImageObject","inLanguage":"ca","@id":"https:\/\/www.todanelo.com\/ca\/#\/schema\/logo\/image\/","url":"https:\/\/www.todanelo.com\/wp-content\/uploads\/logo-todanelo.png","contentUrl":"https:\/\/www.todanelo.com\/wp-content\/uploads\/logo-todanelo.png","width":390,"height":161,"caption":"Toda &amp; Nel-lo Abogados"},"image":{"@id":"https:\/\/www.todanelo.com\/ca\/#\/schema\/logo\/image\/"}}]}},"_links":{"self":[{"href":"https:\/\/www.todanelo.com\/ca\/wp-json\/wp\/v2\/legal-news\/3207","targetHints":{"allow":["GET"]}}],"collection":[{"href":"https:\/\/www.todanelo.com\/ca\/wp-json\/wp\/v2\/legal-news"}],"about":[{"href":"https:\/\/www.todanelo.com\/ca\/wp-json\/wp\/v2\/types\/legal-news"}],"version-history":[{"count":0,"href":"https:\/\/www.todanelo.com\/ca\/wp-json\/wp\/v2\/legal-news\/3207\/revisions"}],"wp:attachment":[{"href":"https:\/\/www.todanelo.com\/ca\/wp-json\/wp\/v2\/media?parent=3207"}],"curies":[{"name":"wp","href":"https:\/\/api.w.org\/{rel}","templated":true}]}}