{"id":3201,"date":"2015-06-05T12:00:00","date_gmt":"2015-06-05T12:00:00","guid":{"rendered":"https:\/\/beta.todanelo.com\/legal-news\/el-recargo-de-prestaciones-de-la-seguridad-social-se-transmite-en-caso-de\/"},"modified":"2015-06-05T12:00:00","modified_gmt":"2015-06-05T12:00:00","slug":"el-recargo-de-prestaciones-de-la-seguridad-social-se-transmite-en-caso-de","status":"publish","type":"legal-news","link":"https:\/\/www.todanelo.com\/ca\/actualitat-juridica\/el-recargo-de-prestaciones-de-la-seguridad-social-se-transmite-en-caso-de\/","title":{"rendered":"El recargo de prestaciones  de la Seguridad Social se transmite en caso de sucesi\u00f3n empresarial"},"content":{"rendered":"<p>El Tribunal Supremo ha dado un giro de 180 grados en su criterio sobre si un recargo de prestaciones por falta de medidas de seguridad es transmisible o no en supuestos de sucesi\u00f3n de empresas. Hasta la fecha, el Alto Tribunal ven\u00eda negando esa subrogaci\u00f3n en dicha responsabilidad, con lo que la empresa adquirente no respond\u00eda de recargos que hubieran sido reconocidos con anterioridad a la sucesi\u00f3n. En la sentencia de 23 de marzo de 2015 el Tribunal Supremo invierte este criterio a ra\u00edz de un pronunciamiento del Tribunal de Justicia de la Uni\u00f3n Europea, modificando la jurisprudencia que era consolidada en esta materia y dictaminando que en la sucesi\u00f3n empresarial s\u00ed se transmite tambi\u00e9n la responsabilidad de abonar dichos recargos de prestaciones.<\/p>\n<p>As\u00ed, la sentencia, que sin duda resulta de gran trascendencia por el claro cambio de rumbo que supone en el posicionamiento del Alto Tribunal, establece que en supuestos de sucesi\u00f3n de empresas se produce la transmisi\u00f3n de la responsabilidad de la empresa sucedida por incumplimiento de medidas de seguridad en el trabajo, aunque ese incumplimiento se hubiese producido antes de la fecha de sucesi\u00f3n de la empresa y concretada en la imposici\u00f3n de un recargo sobre las cuant\u00edas de las prestaciones de Seguridad Social a que hubiese lugar.<\/p>\n<p>El cambio de criterio del Tribunal Supremo se basa en la doctrina de la Sentencia del Tribunal de Justicia de la Uni\u00f3n Europea de 5 de marzo de 2015 (Asunto C-343\/13), para la que la Directiva 2011\/35\/UE ha de aplicarse teniendo en cuenta que una absorci\u00f3n supone la transmisi\u00f3n a la sociedad absorbente de la obligaci\u00f3n de pagar una multa impuesta a la sociedad absorbida por hechos acaecidos antes de la citada operaci\u00f3n mercantil. Esta doctrina, a juicio de nuestro Tribunal Supremo, debe aplicarse por analog\u00eda en el supuesto de la transmisi\u00f3n del recargo, dada la primac\u00eda de la jurisprudencia comunitaria en la aplicaci\u00f3n de disposiciones de las normas emitidas por la Uni\u00f3n Europea.<\/p>\n<p>Cabe recordar, en aras de comprender el calado de dicha decisi\u00f3n judicial, que la transmisi\u00f3n de la responsabilidad no solo opera respecto de las prestaciones causadas en el momento de producirse la fusi\u00f3n, sino tambi\u00e9n respecto de las que est\u00e9n pendientes de reconocer y de las que se est\u00e9n generando, con independencia de que la fecha de su reconocimiento sea posterior a la fecha de la sucesi\u00f3n.<\/p>\n<p>En la sentencia comentada el Tribunal Supremo se\u00f1ala que la transmisi\u00f3n de la responsabilidad del recargo opera no solo en los casos de fusi\u00f3n por absorci\u00f3n, sino que se extiende a los casos de fusi\u00f3n por constituci\u00f3n, a los casos de escisi\u00f3n, a todos los fen\u00f3menos de transformaci\u00f3n y, en general, en cualquier supuesto de traspaso global de activos y pasivos desde la empresa sucedida a la sucesora.<\/p>\n<p>Consulte el texto \u00edntegro de la Sentencia <a href=\"http:\/\/www.poderjudicial.es\/search\/doAction?action=contentpdf&#038;databasematch=TS&#038;reference=7385956&#038;links=%222057\/2014%22&#038;optimize=20150521&#038;publicinterface=true\" target=\"_blank\" rel=\"noopener\">aqu\u00ed<\/a><\/p>\n","protected":false},"excerpt":{"rendered":"<p>El Tribunal Supremo ha dado un giro de 180 grados en su criterio sobre si un recargo de prestaciones por falta de medidas de seguridad es transmisible o no en &hellip;<\/p>\n","protected":false},"featured_media":0,"template":"","meta":{"_acf_changed":false,"footnotes":""},"class_list":["post-3201","legal-news","type-legal-news","status-publish","hentry"],"acf":[],"yoast_head":"<!-- This site is optimized with the Yoast SEO plugin v27.4 - https:\/\/yoast.com\/product\/yoast-seo-wordpress\/ -->\n<title>El recargo de prestaciones de la Seguridad Social se transmite en caso de sucesi\u00f3n empresarial - Toda &amp; Nel-lo Abogados<\/title>\n<meta name=\"description\" content=\"El Tribunal Supremo ha dado un giro de 180 grados en su criterio sobre si un recargo de prestaciones por falta de medidas de seguridad es transmisible o\" \/>\n<meta name=\"robots\" content=\"index, follow, max-snippet:-1, max-image-preview:large, max-video-preview:-1\" \/>\n<link rel=\"canonical\" href=\"https:\/\/www.todanelo.com\/ca\/actualitat-juridica\/el-recargo-de-prestaciones-de-la-seguridad-social-se-transmite-en-caso-de\/\" \/>\n<meta property=\"og:locale\" content=\"ca_ES\" \/>\n<meta property=\"og:type\" content=\"article\" \/>\n<meta property=\"og:title\" content=\"El recargo de prestaciones de la Seguridad Social se transmite en caso de sucesi\u00f3n empresarial - Toda &amp; Nel-lo Abogados\" \/>\n<meta property=\"og:description\" content=\"El Tribunal Supremo ha dado un giro de 180 grados en su criterio sobre si un recargo de prestaciones por falta de medidas de seguridad es transmisible o\" \/>\n<meta property=\"og:url\" content=\"https:\/\/www.todanelo.com\/ca\/actualitat-juridica\/el-recargo-de-prestaciones-de-la-seguridad-social-se-transmite-en-caso-de\/\" \/>\n<meta property=\"og:site_name\" content=\"Toda &amp; Nel-lo Abogados\" \/>\n<meta name=\"twitter:card\" content=\"summary_large_image\" \/>\n<meta name=\"twitter:label1\" content=\"Temps estimat de lectura\" \/>\n\t<meta name=\"twitter:data1\" content=\"3 minuts\" \/>\n<script type=\"application\/ld+json\" class=\"yoast-schema-graph\">{\"@context\":\"https:\\\/\\\/schema.org\",\"@graph\":[{\"@type\":[\"WebPage\",\"ItemPage\"],\"@id\":\"https:\\\/\\\/www.todanelo.com\\\/ca\\\/actualitat-juridica\\\/el-recargo-de-prestaciones-de-la-seguridad-social-se-transmite-en-caso-de\\\/\",\"url\":\"https:\\\/\\\/www.todanelo.com\\\/ca\\\/actualitat-juridica\\\/el-recargo-de-prestaciones-de-la-seguridad-social-se-transmite-en-caso-de\\\/\",\"name\":\"El recargo de prestaciones de la Seguridad Social se transmite en caso de sucesi\u00f3n empresarial - Toda &amp; Nel-lo Abogados\",\"isPartOf\":{\"@id\":\"https:\\\/\\\/www.todanelo.com\\\/ca\\\/#website\"},\"datePublished\":\"2015-06-05T12:00:00+00:00\",\"description\":\"El Tribunal Supremo ha dado un giro de 180 grados en su criterio sobre si un recargo de prestaciones por falta de medidas de seguridad es transmisible o\",\"breadcrumb\":{\"@id\":\"https:\\\/\\\/www.todanelo.com\\\/ca\\\/actualitat-juridica\\\/el-recargo-de-prestaciones-de-la-seguridad-social-se-transmite-en-caso-de\\\/#breadcrumb\"},\"inLanguage\":\"ca\",\"potentialAction\":[{\"@type\":\"ReadAction\",\"target\":[\"https:\\\/\\\/www.todanelo.com\\\/ca\\\/actualitat-juridica\\\/el-recargo-de-prestaciones-de-la-seguridad-social-se-transmite-en-caso-de\\\/\"]}]},{\"@type\":\"BreadcrumbList\",\"@id\":\"https:\\\/\\\/www.todanelo.com\\\/ca\\\/actualitat-juridica\\\/el-recargo-de-prestaciones-de-la-seguridad-social-se-transmite-en-caso-de\\\/#breadcrumb\",\"itemListElement\":[{\"@type\":\"ListItem\",\"position\":1,\"name\":\"Inicio\",\"item\":\"https:\\\/\\\/www.todanelo.com\\\/ca\\\/\"},{\"@type\":\"ListItem\",\"position\":2,\"name\":\"Actualidad jur\u00eddica\",\"item\":\"https:\\\/\\\/www.todanelo.com\\\/ca\\\/actualitat-juridica\\\/\"},{\"@type\":\"ListItem\",\"position\":3,\"name\":\"El recargo de prestaciones de la Seguridad Social se transmite en caso de sucesi\u00f3n empresarial\"}]},{\"@type\":\"WebSite\",\"@id\":\"https:\\\/\\\/www.todanelo.com\\\/ca\\\/#website\",\"url\":\"https:\\\/\\\/www.todanelo.com\\\/ca\\\/\",\"name\":\"Toda &amp; Nel-lo Abogados\",\"description\":\"Despatx de jur\u00eddic a Barcelona i Madrid\",\"publisher\":{\"@id\":\"https:\\\/\\\/www.todanelo.com\\\/ca\\\/#organization\"},\"potentialAction\":[{\"@type\":\"SearchAction\",\"target\":{\"@type\":\"EntryPoint\",\"urlTemplate\":\"https:\\\/\\\/www.todanelo.com\\\/ca\\\/?s={search_term_string}\"},\"query-input\":{\"@type\":\"PropertyValueSpecification\",\"valueRequired\":true,\"valueName\":\"search_term_string\"}}],\"inLanguage\":\"ca\"},{\"@type\":\"Organization\",\"@id\":\"https:\\\/\\\/www.todanelo.com\\\/ca\\\/#organization\",\"name\":\"Toda &amp; Nel-lo Abogados\",\"url\":\"https:\\\/\\\/www.todanelo.com\\\/ca\\\/\",\"logo\":{\"@type\":\"ImageObject\",\"inLanguage\":\"ca\",\"@id\":\"https:\\\/\\\/www.todanelo.com\\\/ca\\\/#\\\/schema\\\/logo\\\/image\\\/\",\"url\":\"https:\\\/\\\/www.todanelo.com\\\/wp-content\\\/uploads\\\/logo-todanelo.png\",\"contentUrl\":\"https:\\\/\\\/www.todanelo.com\\\/wp-content\\\/uploads\\\/logo-todanelo.png\",\"width\":390,\"height\":161,\"caption\":\"Toda &amp; Nel-lo Abogados\"},\"image\":{\"@id\":\"https:\\\/\\\/www.todanelo.com\\\/ca\\\/#\\\/schema\\\/logo\\\/image\\\/\"}}]}<\/script>\n<!-- \/ Yoast SEO plugin. -->","yoast_head_json":{"title":"El recargo de prestaciones de la Seguridad Social se transmite en caso de sucesi\u00f3n empresarial - Toda &amp; Nel-lo Abogados","description":"El Tribunal Supremo ha dado un giro de 180 grados en su criterio sobre si un recargo de prestaciones por falta de medidas de seguridad es transmisible o","robots":{"index":"index","follow":"follow","max-snippet":"max-snippet:-1","max-image-preview":"max-image-preview:large","max-video-preview":"max-video-preview:-1"},"canonical":"https:\/\/www.todanelo.com\/ca\/actualitat-juridica\/el-recargo-de-prestaciones-de-la-seguridad-social-se-transmite-en-caso-de\/","og_locale":"ca_ES","og_type":"article","og_title":"El recargo de prestaciones de la Seguridad Social se transmite en caso de sucesi\u00f3n empresarial - Toda &amp; Nel-lo Abogados","og_description":"El Tribunal Supremo ha dado un giro de 180 grados en su criterio sobre si un recargo de prestaciones por falta de medidas de seguridad es transmisible o","og_url":"https:\/\/www.todanelo.com\/ca\/actualitat-juridica\/el-recargo-de-prestaciones-de-la-seguridad-social-se-transmite-en-caso-de\/","og_site_name":"Toda &amp; Nel-lo Abogados","twitter_card":"summary_large_image","twitter_misc":{"Temps estimat de lectura":"3 minuts"},"schema":{"@context":"https:\/\/schema.org","@graph":[{"@type":["WebPage","ItemPage"],"@id":"https:\/\/www.todanelo.com\/ca\/actualitat-juridica\/el-recargo-de-prestaciones-de-la-seguridad-social-se-transmite-en-caso-de\/","url":"https:\/\/www.todanelo.com\/ca\/actualitat-juridica\/el-recargo-de-prestaciones-de-la-seguridad-social-se-transmite-en-caso-de\/","name":"El recargo de prestaciones de la Seguridad Social se transmite en caso de sucesi\u00f3n empresarial - Toda &amp; Nel-lo Abogados","isPartOf":{"@id":"https:\/\/www.todanelo.com\/ca\/#website"},"datePublished":"2015-06-05T12:00:00+00:00","description":"El Tribunal Supremo ha dado un giro de 180 grados en su criterio sobre si un recargo de prestaciones por falta de medidas de seguridad es transmisible o","breadcrumb":{"@id":"https:\/\/www.todanelo.com\/ca\/actualitat-juridica\/el-recargo-de-prestaciones-de-la-seguridad-social-se-transmite-en-caso-de\/#breadcrumb"},"inLanguage":"ca","potentialAction":[{"@type":"ReadAction","target":["https:\/\/www.todanelo.com\/ca\/actualitat-juridica\/el-recargo-de-prestaciones-de-la-seguridad-social-se-transmite-en-caso-de\/"]}]},{"@type":"BreadcrumbList","@id":"https:\/\/www.todanelo.com\/ca\/actualitat-juridica\/el-recargo-de-prestaciones-de-la-seguridad-social-se-transmite-en-caso-de\/#breadcrumb","itemListElement":[{"@type":"ListItem","position":1,"name":"Inicio","item":"https:\/\/www.todanelo.com\/ca\/"},{"@type":"ListItem","position":2,"name":"Actualidad jur\u00eddica","item":"https:\/\/www.todanelo.com\/ca\/actualitat-juridica\/"},{"@type":"ListItem","position":3,"name":"El recargo de prestaciones de la Seguridad Social se transmite en caso de sucesi\u00f3n empresarial"}]},{"@type":"WebSite","@id":"https:\/\/www.todanelo.com\/ca\/#website","url":"https:\/\/www.todanelo.com\/ca\/","name":"Toda &amp; Nel-lo Abogados","description":"Despatx de jur\u00eddic a Barcelona i Madrid","publisher":{"@id":"https:\/\/www.todanelo.com\/ca\/#organization"},"potentialAction":[{"@type":"SearchAction","target":{"@type":"EntryPoint","urlTemplate":"https:\/\/www.todanelo.com\/ca\/?s={search_term_string}"},"query-input":{"@type":"PropertyValueSpecification","valueRequired":true,"valueName":"search_term_string"}}],"inLanguage":"ca"},{"@type":"Organization","@id":"https:\/\/www.todanelo.com\/ca\/#organization","name":"Toda &amp; Nel-lo Abogados","url":"https:\/\/www.todanelo.com\/ca\/","logo":{"@type":"ImageObject","inLanguage":"ca","@id":"https:\/\/www.todanelo.com\/ca\/#\/schema\/logo\/image\/","url":"https:\/\/www.todanelo.com\/wp-content\/uploads\/logo-todanelo.png","contentUrl":"https:\/\/www.todanelo.com\/wp-content\/uploads\/logo-todanelo.png","width":390,"height":161,"caption":"Toda &amp; Nel-lo Abogados"},"image":{"@id":"https:\/\/www.todanelo.com\/ca\/#\/schema\/logo\/image\/"}}]}},"_links":{"self":[{"href":"https:\/\/www.todanelo.com\/ca\/wp-json\/wp\/v2\/legal-news\/3201","targetHints":{"allow":["GET"]}}],"collection":[{"href":"https:\/\/www.todanelo.com\/ca\/wp-json\/wp\/v2\/legal-news"}],"about":[{"href":"https:\/\/www.todanelo.com\/ca\/wp-json\/wp\/v2\/types\/legal-news"}],"version-history":[{"count":0,"href":"https:\/\/www.todanelo.com\/ca\/wp-json\/wp\/v2\/legal-news\/3201\/revisions"}],"wp:attachment":[{"href":"https:\/\/www.todanelo.com\/ca\/wp-json\/wp\/v2\/media?parent=3201"}],"curies":[{"name":"wp","href":"https:\/\/api.w.org\/{rel}","templated":true}]}}