{"id":2926,"date":"2020-04-13T17:00:00","date_gmt":"2020-04-13T17:00:00","guid":{"rendered":"https:\/\/beta.todanelo.com\/legal-news\/ayuda-la-financiacion-de-empresas-y-autonomos-segundo-tramo-avales-ico\/"},"modified":"2020-04-13T17:00:00","modified_gmt":"2020-04-13T17:00:00","slug":"ayuda-la-financiacion-de-empresas-y-autonomos-segundo-tramo-avales-ico","status":"publish","type":"legal-news","link":"https:\/\/www.todanelo.com\/ca\/actualitat-juridica\/ayuda-la-financiacion-de-empresas-y-autonomos-segundo-tramo-avales-ico\/","title":{"rendered":"Ayuda a la financiaci\u00f3n de empresas  y aut\u00f3nomos  (Segundo Tramo Avales ICO)"},"content":{"rendered":"<p>El Consejo de Ministros aprob\u00f3 el 10 de abril de 2020 el SEGUNDO tramo de la l\u00ednea de avales para la financiaci\u00f3n de empresas y aut\u00f3nomos por importe de 20.000 millones de euros, en desarrollo del art. 29 del Real Decreto Ley 8\/2020, de 17 de marzo.\u00a0<\/p>\n<p>Al igual que con el primer tramo ya aprobado, el objetivo de este segundo tramo sigue siendo el incentivar que las entidades financieras concedan a empresas y aut\u00f3nomos nuevas l\u00edneas de financiaci\u00f3n, y renueven las ya existentes, mediante la obtenci\u00f3n de avales del ICO que garantizar\u00e1n parte del riesgo asumido por tales entidades financieras en dichas l\u00edneas de financiaci\u00f3n.<\/p>\n<p>Los avales con esta finalidad podr\u00e1n solicitarse hasta el 30 de septiembre de 2020, sin perjuicio de que ese plazo pueda ser ampliado en virtud de nuevo acuerdo del Consejo de Ministros.<\/p>\n<p>Las condiciones aplicables al SEGUNDO tramo de la l\u00ednea de avales son iguales a las aplicadas al primer tramo y que ya resumimos en nuestra anterior alerta informativa <strong><a href=\"https:\/\/www.todanelo.com\/actualidad-juridica\/ayuda-la-financiacion-de-empresas-y-autonomos\" target=\"_blank\" rel=\"noopener\">(ver aqu\u00ed)<\/a><\/strong>, salvo por lo que indicamos a continuaci\u00f3n:<\/p>\n<p style=\"margin-left: 40px;\"><strong>1. Destinatarios SEGUNDO tramo de la l\u00ednea de avales:<\/strong> solamente aut\u00f3nomos y PYMES.\u00a0\u00a0<\/p>\n<p style=\"margin-left: 40px;\">Recordemos que se considerar\u00e1 PYME a estos efectos a la empresa que emplee a menos de 250 personas y cuyo volumen de negocios anual no excede de 50 millones de euros o cuyo balance general anual no excede de 43 millones de euros.<\/p>\n<p style=\"margin-left: 40px;\"><strong>2. Financiadores beneficiarios de los avales:<\/strong> entidades de cr\u00e9dito, establecimientos financieros de cr\u00e9dito, entidades de dinero electr\u00f3nico y entidades de pago <strong>que hayan solicitado la adhesi\u00f3n al contrato marco del ICO antes del 15 de mayo de 2020<\/strong>.<\/p>\n<p style=\"margin-left: 40px;\"><strong>3. Costes de la financiaci\u00f3n<\/strong>: deber\u00e1n mantenerse en l\u00ednea con los costes cargados por las entidades financieras antes del inicio de la crisis del COVID-19, teniendo en cuenta la garant\u00eda p\u00fablica del aval y su coste de cobertura <strong>y, por lo tanto, en general, deber\u00e1n ser inferiores a los costes de los pr\u00e9stamos y otras operaciones para la misma tipolog\u00eda de cliente que no cuenten con el aval. El cumplimiento de esta condici\u00f3n ser\u00e1 supervisado por ICO<\/strong>.<\/p>\n<p style=\"margin-left: 40px;\"><strong>Las entidades financieras aplicar\u00e1n los mejores usos y pr\u00e1cticas bancarias en beneficio de los clientes y no podr\u00e1n comercializar otros productos con ocasi\u00f3n de la concesi\u00f3n de pr\u00e9stamos cubiertos por este aval p\u00fablico ni condicionar su concesi\u00f3n a la contrataci\u00f3n por parte del cliente de otros productos<\/strong>.<\/p>\n<p>Se establece adem\u00e1s que el criterio de reparto del SEGUNDO tramo de la l\u00ednea de avales entre las entidades financieras ser\u00e1 el mismo seguido para el primer tramo y que, dicho criterio se mantendr\u00e1 hasta el 30 de junio de 2020. A partir de entonces, los importes de aval asignados y no utilizados por las entidades se distribuir\u00e1n entre el resto de operadores, de forma proporcional al importe de aval que hubieran utilizado hasta esa fecha.<\/p>\n<p>Por este motivo, es de esperar que las entidades financieras se muestren muy activas en la concesi\u00f3n de financiaci\u00f3n acogida a este SEGUNDO tramo de avales hasta el 30 de junio, so pena de perder la cuota de avales que les hubiesen asignado y que no hubiesen consumido hasta esa fecha.<br \/>\n\t\u00a0<\/p>\n<p>\u00a0<\/p>\n<p><u>M\u00e1s informaci\u00f3n<\/u>: <a href=\"https:\/\/www.todanelo.com\/equipo-profesional\/javier-hernandez-hernandez\" target=\"_blank\" rel=\"noopener\">Javier Hern\u00e1ndez<\/a><\/p>\n","protected":false},"excerpt":{"rendered":"<p>Los avales con esta finalidad podr\u00e1n solicitarse hasta el 30 de septiembre de 2020, sin perjuicio de que ese plazo pueda ser ampliado en virtud de nuevo acuerdo del Consejo de Ministros.<\/p>\n","protected":false},"featured_media":2927,"template":"","meta":{"_acf_changed":false,"footnotes":""},"class_list":["post-2926","legal-news","type-legal-news","status-publish","has-post-thumbnail","hentry"],"acf":[],"yoast_head":"<!-- This site is optimized with the Yoast SEO plugin v27.4 - https:\/\/yoast.com\/product\/yoast-seo-wordpress\/ -->\n<title>Ayuda a la financiaci\u00f3n de empresas y aut\u00f3nomos (Segundo Tramo Avales ICO) - Toda &amp; Nel-lo Abogados<\/title>\n<meta name=\"description\" content=\"Los avales con esta finalidad podr\u00e1n solicitarse hasta el 30 de septiembre de 2020, sin perjuicio de que ese plazo pueda ser ampliado en virtud de nuevo acuerdo del Consejo de Ministros.\" \/>\n<meta name=\"robots\" content=\"index, follow, max-snippet:-1, max-image-preview:large, max-video-preview:-1\" \/>\n<link rel=\"canonical\" href=\"https:\/\/www.todanelo.com\/ca\/actualitat-juridica\/ayuda-la-financiacion-de-empresas-y-autonomos-segundo-tramo-avales-ico\/\" \/>\n<meta property=\"og:locale\" content=\"ca_ES\" \/>\n<meta property=\"og:type\" content=\"article\" \/>\n<meta property=\"og:title\" content=\"Ayuda a la financiaci\u00f3n de empresas y aut\u00f3nomos (Segundo Tramo Avales ICO) - Toda &amp; Nel-lo Abogados\" \/>\n<meta property=\"og:description\" content=\"Los avales con esta finalidad podr\u00e1n solicitarse hasta el 30 de septiembre de 2020, sin perjuicio de que ese plazo pueda ser ampliado en virtud de nuevo acuerdo del Consejo de Ministros.\" \/>\n<meta property=\"og:url\" content=\"https:\/\/www.todanelo.com\/ca\/actualitat-juridica\/ayuda-la-financiacion-de-empresas-y-autonomos-segundo-tramo-avales-ico\/\" \/>\n<meta property=\"og:site_name\" content=\"Toda &amp; Nel-lo Abogados\" \/>\n<meta property=\"og:image\" content=\"https:\/\/www.todanelo.com\/wp-content\/uploads\/avales-ico-0.jpg\" \/>\n\t<meta property=\"og:image:width\" content=\"1280\" \/>\n\t<meta property=\"og:image:height\" content=\"854\" \/>\n\t<meta property=\"og:image:type\" content=\"image\/jpeg\" \/>\n<meta name=\"twitter:card\" content=\"summary_large_image\" \/>\n<meta name=\"twitter:label1\" content=\"Temps estimat de lectura\" \/>\n\t<meta name=\"twitter:data1\" content=\"3 minuts\" \/>\n<script type=\"application\/ld+json\" class=\"yoast-schema-graph\">{\"@context\":\"https:\\\/\\\/schema.org\",\"@graph\":[{\"@type\":[\"WebPage\",\"ItemPage\"],\"@id\":\"https:\\\/\\\/www.todanelo.com\\\/ca\\\/actualitat-juridica\\\/ayuda-la-financiacion-de-empresas-y-autonomos-segundo-tramo-avales-ico\\\/\",\"url\":\"https:\\\/\\\/www.todanelo.com\\\/ca\\\/actualitat-juridica\\\/ayuda-la-financiacion-de-empresas-y-autonomos-segundo-tramo-avales-ico\\\/\",\"name\":\"Ayuda a la financiaci\u00f3n de empresas y aut\u00f3nomos (Segundo Tramo Avales ICO) - Toda &amp; Nel-lo Abogados\",\"isPartOf\":{\"@id\":\"https:\\\/\\\/www.todanelo.com\\\/ca\\\/#website\"},\"primaryImageOfPage\":{\"@id\":\"https:\\\/\\\/www.todanelo.com\\\/ca\\\/actualitat-juridica\\\/ayuda-la-financiacion-de-empresas-y-autonomos-segundo-tramo-avales-ico\\\/#primaryimage\"},\"image\":{\"@id\":\"https:\\\/\\\/www.todanelo.com\\\/ca\\\/actualitat-juridica\\\/ayuda-la-financiacion-de-empresas-y-autonomos-segundo-tramo-avales-ico\\\/#primaryimage\"},\"thumbnailUrl\":\"https:\\\/\\\/www.todanelo.com\\\/wp-content\\\/uploads\\\/avales-ico-0.jpg\",\"datePublished\":\"2020-04-13T17:00:00+00:00\",\"description\":\"Los avales con esta finalidad podr\u00e1n solicitarse hasta el 30 de septiembre de 2020, sin perjuicio de que ese plazo pueda ser ampliado en virtud de nuevo acuerdo del Consejo de Ministros.\",\"breadcrumb\":{\"@id\":\"https:\\\/\\\/www.todanelo.com\\\/ca\\\/actualitat-juridica\\\/ayuda-la-financiacion-de-empresas-y-autonomos-segundo-tramo-avales-ico\\\/#breadcrumb\"},\"inLanguage\":\"ca\",\"potentialAction\":[{\"@type\":\"ReadAction\",\"target\":[\"https:\\\/\\\/www.todanelo.com\\\/ca\\\/actualitat-juridica\\\/ayuda-la-financiacion-de-empresas-y-autonomos-segundo-tramo-avales-ico\\\/\"]}]},{\"@type\":\"ImageObject\",\"inLanguage\":\"ca\",\"@id\":\"https:\\\/\\\/www.todanelo.com\\\/ca\\\/actualitat-juridica\\\/ayuda-la-financiacion-de-empresas-y-autonomos-segundo-tramo-avales-ico\\\/#primaryimage\",\"url\":\"https:\\\/\\\/www.todanelo.com\\\/wp-content\\\/uploads\\\/avales-ico-0.jpg\",\"contentUrl\":\"https:\\\/\\\/www.todanelo.com\\\/wp-content\\\/uploads\\\/avales-ico-0.jpg\",\"width\":1280,\"height\":854},{\"@type\":\"BreadcrumbList\",\"@id\":\"https:\\\/\\\/www.todanelo.com\\\/ca\\\/actualitat-juridica\\\/ayuda-la-financiacion-de-empresas-y-autonomos-segundo-tramo-avales-ico\\\/#breadcrumb\",\"itemListElement\":[{\"@type\":\"ListItem\",\"position\":1,\"name\":\"Inicio\",\"item\":\"https:\\\/\\\/www.todanelo.com\\\/ca\\\/\"},{\"@type\":\"ListItem\",\"position\":2,\"name\":\"Actualidad jur\u00eddica\",\"item\":\"https:\\\/\\\/www.todanelo.com\\\/ca\\\/actualitat-juridica\\\/\"},{\"@type\":\"ListItem\",\"position\":3,\"name\":\"Ayuda a la financiaci\u00f3n de empresas y aut\u00f3nomos (Segundo Tramo Avales ICO)\"}]},{\"@type\":\"WebSite\",\"@id\":\"https:\\\/\\\/www.todanelo.com\\\/ca\\\/#website\",\"url\":\"https:\\\/\\\/www.todanelo.com\\\/ca\\\/\",\"name\":\"Toda &amp; Nel-lo Abogados\",\"description\":\"Despatx de jur\u00eddic a Barcelona i Madrid\",\"publisher\":{\"@id\":\"https:\\\/\\\/www.todanelo.com\\\/ca\\\/#organization\"},\"potentialAction\":[{\"@type\":\"SearchAction\",\"target\":{\"@type\":\"EntryPoint\",\"urlTemplate\":\"https:\\\/\\\/www.todanelo.com\\\/ca\\\/?s={search_term_string}\"},\"query-input\":{\"@type\":\"PropertyValueSpecification\",\"valueRequired\":true,\"valueName\":\"search_term_string\"}}],\"inLanguage\":\"ca\"},{\"@type\":\"Organization\",\"@id\":\"https:\\\/\\\/www.todanelo.com\\\/ca\\\/#organization\",\"name\":\"Toda &amp; Nel-lo Abogados\",\"url\":\"https:\\\/\\\/www.todanelo.com\\\/ca\\\/\",\"logo\":{\"@type\":\"ImageObject\",\"inLanguage\":\"ca\",\"@id\":\"https:\\\/\\\/www.todanelo.com\\\/ca\\\/#\\\/schema\\\/logo\\\/image\\\/\",\"url\":\"https:\\\/\\\/www.todanelo.com\\\/wp-content\\\/uploads\\\/logo-todanelo.png\",\"contentUrl\":\"https:\\\/\\\/www.todanelo.com\\\/wp-content\\\/uploads\\\/logo-todanelo.png\",\"width\":390,\"height\":161,\"caption\":\"Toda &amp; Nel-lo Abogados\"},\"image\":{\"@id\":\"https:\\\/\\\/www.todanelo.com\\\/ca\\\/#\\\/schema\\\/logo\\\/image\\\/\"}}]}<\/script>\n<!-- \/ Yoast SEO plugin. -->","yoast_head_json":{"title":"Ayuda a la financiaci\u00f3n de empresas y aut\u00f3nomos (Segundo Tramo Avales ICO) - Toda &amp; Nel-lo Abogados","description":"Los avales con esta finalidad podr\u00e1n solicitarse hasta el 30 de septiembre de 2020, sin perjuicio de que ese plazo pueda ser ampliado en virtud de nuevo acuerdo del Consejo de Ministros.","robots":{"index":"index","follow":"follow","max-snippet":"max-snippet:-1","max-image-preview":"max-image-preview:large","max-video-preview":"max-video-preview:-1"},"canonical":"https:\/\/www.todanelo.com\/ca\/actualitat-juridica\/ayuda-la-financiacion-de-empresas-y-autonomos-segundo-tramo-avales-ico\/","og_locale":"ca_ES","og_type":"article","og_title":"Ayuda a la financiaci\u00f3n de empresas y aut\u00f3nomos (Segundo Tramo Avales ICO) - Toda &amp; Nel-lo Abogados","og_description":"Los avales con esta finalidad podr\u00e1n solicitarse hasta el 30 de septiembre de 2020, sin perjuicio de que ese plazo pueda ser ampliado en virtud de nuevo acuerdo del Consejo de Ministros.","og_url":"https:\/\/www.todanelo.com\/ca\/actualitat-juridica\/ayuda-la-financiacion-de-empresas-y-autonomos-segundo-tramo-avales-ico\/","og_site_name":"Toda &amp; Nel-lo Abogados","og_image":[{"width":1280,"height":854,"url":"https:\/\/www.todanelo.com\/wp-content\/uploads\/avales-ico-0.jpg","type":"image\/jpeg"}],"twitter_card":"summary_large_image","twitter_misc":{"Temps estimat de lectura":"3 minuts"},"schema":{"@context":"https:\/\/schema.org","@graph":[{"@type":["WebPage","ItemPage"],"@id":"https:\/\/www.todanelo.com\/ca\/actualitat-juridica\/ayuda-la-financiacion-de-empresas-y-autonomos-segundo-tramo-avales-ico\/","url":"https:\/\/www.todanelo.com\/ca\/actualitat-juridica\/ayuda-la-financiacion-de-empresas-y-autonomos-segundo-tramo-avales-ico\/","name":"Ayuda a la financiaci\u00f3n de empresas y aut\u00f3nomos (Segundo Tramo Avales ICO) - Toda &amp; Nel-lo Abogados","isPartOf":{"@id":"https:\/\/www.todanelo.com\/ca\/#website"},"primaryImageOfPage":{"@id":"https:\/\/www.todanelo.com\/ca\/actualitat-juridica\/ayuda-la-financiacion-de-empresas-y-autonomos-segundo-tramo-avales-ico\/#primaryimage"},"image":{"@id":"https:\/\/www.todanelo.com\/ca\/actualitat-juridica\/ayuda-la-financiacion-de-empresas-y-autonomos-segundo-tramo-avales-ico\/#primaryimage"},"thumbnailUrl":"https:\/\/www.todanelo.com\/wp-content\/uploads\/avales-ico-0.jpg","datePublished":"2020-04-13T17:00:00+00:00","description":"Los avales con esta finalidad podr\u00e1n solicitarse hasta el 30 de septiembre de 2020, sin perjuicio de que ese plazo pueda ser ampliado en virtud de nuevo acuerdo del Consejo de Ministros.","breadcrumb":{"@id":"https:\/\/www.todanelo.com\/ca\/actualitat-juridica\/ayuda-la-financiacion-de-empresas-y-autonomos-segundo-tramo-avales-ico\/#breadcrumb"},"inLanguage":"ca","potentialAction":[{"@type":"ReadAction","target":["https:\/\/www.todanelo.com\/ca\/actualitat-juridica\/ayuda-la-financiacion-de-empresas-y-autonomos-segundo-tramo-avales-ico\/"]}]},{"@type":"ImageObject","inLanguage":"ca","@id":"https:\/\/www.todanelo.com\/ca\/actualitat-juridica\/ayuda-la-financiacion-de-empresas-y-autonomos-segundo-tramo-avales-ico\/#primaryimage","url":"https:\/\/www.todanelo.com\/wp-content\/uploads\/avales-ico-0.jpg","contentUrl":"https:\/\/www.todanelo.com\/wp-content\/uploads\/avales-ico-0.jpg","width":1280,"height":854},{"@type":"BreadcrumbList","@id":"https:\/\/www.todanelo.com\/ca\/actualitat-juridica\/ayuda-la-financiacion-de-empresas-y-autonomos-segundo-tramo-avales-ico\/#breadcrumb","itemListElement":[{"@type":"ListItem","position":1,"name":"Inicio","item":"https:\/\/www.todanelo.com\/ca\/"},{"@type":"ListItem","position":2,"name":"Actualidad jur\u00eddica","item":"https:\/\/www.todanelo.com\/ca\/actualitat-juridica\/"},{"@type":"ListItem","position":3,"name":"Ayuda a la financiaci\u00f3n de empresas y aut\u00f3nomos (Segundo Tramo Avales ICO)"}]},{"@type":"WebSite","@id":"https:\/\/www.todanelo.com\/ca\/#website","url":"https:\/\/www.todanelo.com\/ca\/","name":"Toda &amp; Nel-lo Abogados","description":"Despatx de jur\u00eddic a Barcelona i Madrid","publisher":{"@id":"https:\/\/www.todanelo.com\/ca\/#organization"},"potentialAction":[{"@type":"SearchAction","target":{"@type":"EntryPoint","urlTemplate":"https:\/\/www.todanelo.com\/ca\/?s={search_term_string}"},"query-input":{"@type":"PropertyValueSpecification","valueRequired":true,"valueName":"search_term_string"}}],"inLanguage":"ca"},{"@type":"Organization","@id":"https:\/\/www.todanelo.com\/ca\/#organization","name":"Toda &amp; Nel-lo Abogados","url":"https:\/\/www.todanelo.com\/ca\/","logo":{"@type":"ImageObject","inLanguage":"ca","@id":"https:\/\/www.todanelo.com\/ca\/#\/schema\/logo\/image\/","url":"https:\/\/www.todanelo.com\/wp-content\/uploads\/logo-todanelo.png","contentUrl":"https:\/\/www.todanelo.com\/wp-content\/uploads\/logo-todanelo.png","width":390,"height":161,"caption":"Toda &amp; Nel-lo Abogados"},"image":{"@id":"https:\/\/www.todanelo.com\/ca\/#\/schema\/logo\/image\/"}}]}},"_links":{"self":[{"href":"https:\/\/www.todanelo.com\/ca\/wp-json\/wp\/v2\/legal-news\/2926","targetHints":{"allow":["GET"]}}],"collection":[{"href":"https:\/\/www.todanelo.com\/ca\/wp-json\/wp\/v2\/legal-news"}],"about":[{"href":"https:\/\/www.todanelo.com\/ca\/wp-json\/wp\/v2\/types\/legal-news"}],"version-history":[{"count":0,"href":"https:\/\/www.todanelo.com\/ca\/wp-json\/wp\/v2\/legal-news\/2926\/revisions"}],"wp:featuredmedia":[{"embeddable":true,"href":"https:\/\/www.todanelo.com\/ca\/wp-json\/wp\/v2\/media\/2927"}],"wp:attachment":[{"href":"https:\/\/www.todanelo.com\/ca\/wp-json\/wp\/v2\/media?parent=2926"}],"curies":[{"name":"wp","href":"https:\/\/api.w.org\/{rel}","templated":true}]}}