{"id":2565,"date":"2024-05-31T08:30:00","date_gmt":"2024-05-31T08:30:00","guid":{"rendered":"https:\/\/beta.todanelo.com\/legal-news\/nuevos-modelos-de-presentacion-de-las-cuentas-anuales-de-2023\/"},"modified":"2024-05-31T08:30:00","modified_gmt":"2024-05-31T08:30:00","slug":"nuevos-modelos-de-presentacion-de-las-cuentas-anuales-de-2023","status":"publish","type":"legal-news","link":"https:\/\/www.todanelo.com\/ca\/actualitat-juridica\/nuevos-modelos-de-presentacion-de-las-cuentas-anuales-de-2023\/","title":{"rendered":"Nuevos modelos de presentaci\u00f3n de las cuentas anuales de 2023"},"content":{"rendered":"<p>Como es habitual en los \u00faltimos a\u00f1os,<strong> los modelos normalizados contables para la aprobaci\u00f3n de cuentas han experimentado cambios significativos<\/strong>. Desde la introducci\u00f3n de la denominada &#8220;Hoja Covid&#8221; hasta las constantes modificaciones relacionadas con la declaraci\u00f3n de los titulares reales, hemos presenciado una evoluci\u00f3n constante en este \u00e1mbito.<\/p>\n<p>Este a\u00f1o, la Direcci\u00f3n General de Seguridad Jur\u00eddica y Fe P\u00fablica (DGSJFP) ha aprobado <a href=\"https:\/\/www.boe.es\/boe\/dias\/2024\/05\/10\/pdfs\/BOE-A-2024-9392.pdf\" target=\"_blank\" rel=\"noopener\">nuevos modelos de presentaci\u00f3n de las cuentas anuales correspondientes al ejercicio 2023<\/a>. Aunque las novedades en comparaci\u00f3n con los modelos anteriores no son especialmente notables, <strong>es fundamental estar al d\u00eda en la implementaci\u00f3n de los cambios que se van introduciendo.<\/strong><\/p>\n<p>Las modificaciones reflejan la continua adaptaci\u00f3n a las exigencias del entorno empresarial y las necesidades regulatorias. Las novedades en cuesti\u00f3n son:<\/p>\n<ul>\n<li><strong>Eliminaci\u00f3n de la informaci\u00f3n relativa al porcentaje de mujeres en los \u00f3rganos de administraci\u00f3<\/strong>n. En su lugar, se introduce dos nuevas informaciones, a saber, el n\u00famero de mujeres y de miembros del \u00f3rgano de administraci\u00f3n. El objetivo es facilitar, con relaci\u00f3n a este asunto, la ampliaci\u00f3n de estudios. Esta modificaci\u00f3n es aplicable a la totalidad de los modelos.<\/li>\n<li>La siguiente novedad afecta \u00fanicamente a la memoria normal, concretamente en su apartado 27, en el que se a\u00f1ade la<strong> obligaci\u00f3n de indicar cierta informaci\u00f3n sobre el pago a proveedores durante el ejercicio<\/strong>. Igualmente afecta al cuadro normalizado M27. Por su parte, esta modificaci\u00f3n obedece a un cambio legislativo.<\/li>\n<li>Por \u00faltimo, la tercera modificaci\u00f3n afecta al <strong>modelo aplicable a pymes<\/strong>. Consiste en eliminar tambi\u00e9n la referencia a las \u201cemisiones alcance 3\u201d, establecido en la parte voluntaria medioambiental. El objeto de dicho cambio es que no se trata de un requerimiento de informaci\u00f3n general para las pymes, y ello de acuerdo con el borrador de norma voluntaria del European Financial Reporting Advisory Group, el cual est\u00e1 actualmente elabor\u00e1ndose.<\/li>\n<\/ul>\n<p>Todos los cambios citados se publicaron en el Bolet\u00edn Oficial del Estado el d\u00eda 8 de mayo de 2024, regul\u00e1ndose que su entrada en vigor se producir\u00eda el mismo d\u00eda de la publicaci\u00f3n.<\/p>\n<p>Es fundamental que nuestros clientes est\u00e9n al tanto de estas actualizaciones y se preparen para implementar los cambios en sus procesos de presentaci\u00f3n de cuentas anuales. La correcta aplicaci\u00f3n de los nuevos modelos garantizar\u00e1 una presentaci\u00f3n precisa y cumplimiento normativo. <strong>Las cuentas anuales relativas al ejercicio 2023 deber\u00e1n ser depositadas con estos modelos. En caso contrario, se calificar\u00e1n con defectos<\/strong>.<\/p>\n<p>Toda &#038; Nel-lo cuenta con un equipo especializado en derecho societario y fiscal, listo para prestar asesoramiento experto a empresas de todos los tama\u00f1os y sectores. Nuestro equipo est\u00e1 especialmente capacitado para ayudar a las empresas a prepararse para cumplir con la obligaci\u00f3n de dep\u00f3sito de cuentas anuales de manera eficiente y sin contratiempos.<\/p>\n<p>\u00a0<\/p>\n<p><a href=\"https:\/\/www.todanelo.com\/areas-de-practica\/mercantil-y-ma\/derecho-societario\" target=\"_blank\" rel=\"noopener\">M\u00e1s informaci\u00f3n y contacto<\/a><\/p>\n","protected":false},"excerpt":{"rendered":"<p>Las cuentas anuales relativas al ejercicio 2023 deber\u00e1n ser depositadas con estos modelos, de no hacerse, se calificar\u00e1n con defectos<\/p>\n","protected":false},"featured_media":2566,"template":"","meta":{"_acf_changed":false,"footnotes":""},"class_list":["post-2565","legal-news","type-legal-news","status-publish","has-post-thumbnail","hentry"],"acf":[],"yoast_head":"<!-- This site is optimized with the Yoast SEO plugin v27.4 - https:\/\/yoast.com\/product\/yoast-seo-wordpress\/ -->\n<title>Nuevos modelos de presentaci\u00f3n de las cuentas anuales de 2023 - Toda &amp; Nel-lo Abogados<\/title>\n<meta name=\"description\" content=\"Las cuentas anuales relativas al ejercicio 2023 deber\u00e1n ser depositadas con estos modelos, de no hacerse, se calificar\u00e1n con defectos\" \/>\n<meta name=\"robots\" content=\"index, follow, max-snippet:-1, max-image-preview:large, max-video-preview:-1\" \/>\n<link rel=\"canonical\" href=\"https:\/\/www.todanelo.com\/ca\/actualitat-juridica\/nuevos-modelos-de-presentacion-de-las-cuentas-anuales-de-2023\/\" \/>\n<meta property=\"og:locale\" content=\"ca_ES\" \/>\n<meta property=\"og:type\" content=\"article\" \/>\n<meta property=\"og:title\" content=\"Nuevos modelos de presentaci\u00f3n de las cuentas anuales de 2023 - Toda &amp; Nel-lo Abogados\" \/>\n<meta property=\"og:description\" content=\"Las cuentas anuales relativas al ejercicio 2023 deber\u00e1n ser depositadas con estos modelos, de no hacerse, se calificar\u00e1n con defectos\" \/>\n<meta property=\"og:url\" content=\"https:\/\/www.todanelo.com\/ca\/actualitat-juridica\/nuevos-modelos-de-presentacion-de-las-cuentas-anuales-de-2023\/\" \/>\n<meta property=\"og:site_name\" content=\"Toda &amp; Nel-lo Abogados\" \/>\n<meta property=\"og:image\" content=\"https:\/\/www.todanelo.com\/wp-content\/uploads\/business-962310-640.jpg\" \/>\n\t<meta property=\"og:image:width\" content=\"640\" \/>\n\t<meta property=\"og:image:height\" content=\"480\" \/>\n\t<meta property=\"og:image:type\" content=\"image\/jpeg\" \/>\n<meta name=\"twitter:card\" content=\"summary_large_image\" \/>\n<meta name=\"twitter:label1\" content=\"Temps estimat de lectura\" \/>\n\t<meta name=\"twitter:data1\" content=\"2 minuts\" \/>\n<script type=\"application\/ld+json\" class=\"yoast-schema-graph\">{\"@context\":\"https:\\\/\\\/schema.org\",\"@graph\":[{\"@type\":[\"WebPage\",\"ItemPage\"],\"@id\":\"https:\\\/\\\/www.todanelo.com\\\/ca\\\/actualitat-juridica\\\/nuevos-modelos-de-presentacion-de-las-cuentas-anuales-de-2023\\\/\",\"url\":\"https:\\\/\\\/www.todanelo.com\\\/ca\\\/actualitat-juridica\\\/nuevos-modelos-de-presentacion-de-las-cuentas-anuales-de-2023\\\/\",\"name\":\"Nuevos modelos de presentaci\u00f3n de las cuentas anuales de 2023 - Toda &amp; Nel-lo Abogados\",\"isPartOf\":{\"@id\":\"https:\\\/\\\/www.todanelo.com\\\/ca\\\/#website\"},\"primaryImageOfPage\":{\"@id\":\"https:\\\/\\\/www.todanelo.com\\\/ca\\\/actualitat-juridica\\\/nuevos-modelos-de-presentacion-de-las-cuentas-anuales-de-2023\\\/#primaryimage\"},\"image\":{\"@id\":\"https:\\\/\\\/www.todanelo.com\\\/ca\\\/actualitat-juridica\\\/nuevos-modelos-de-presentacion-de-las-cuentas-anuales-de-2023\\\/#primaryimage\"},\"thumbnailUrl\":\"https:\\\/\\\/www.todanelo.com\\\/wp-content\\\/uploads\\\/business-962310-640.jpg\",\"datePublished\":\"2024-05-31T08:30:00+00:00\",\"description\":\"Las cuentas anuales relativas al ejercicio 2023 deber\u00e1n ser depositadas con estos modelos, de no hacerse, se calificar\u00e1n con defectos\",\"breadcrumb\":{\"@id\":\"https:\\\/\\\/www.todanelo.com\\\/ca\\\/actualitat-juridica\\\/nuevos-modelos-de-presentacion-de-las-cuentas-anuales-de-2023\\\/#breadcrumb\"},\"inLanguage\":\"ca\",\"potentialAction\":[{\"@type\":\"ReadAction\",\"target\":[\"https:\\\/\\\/www.todanelo.com\\\/ca\\\/actualitat-juridica\\\/nuevos-modelos-de-presentacion-de-las-cuentas-anuales-de-2023\\\/\"]}]},{\"@type\":\"ImageObject\",\"inLanguage\":\"ca\",\"@id\":\"https:\\\/\\\/www.todanelo.com\\\/ca\\\/actualitat-juridica\\\/nuevos-modelos-de-presentacion-de-las-cuentas-anuales-de-2023\\\/#primaryimage\",\"url\":\"https:\\\/\\\/www.todanelo.com\\\/wp-content\\\/uploads\\\/business-962310-640.jpg\",\"contentUrl\":\"https:\\\/\\\/www.todanelo.com\\\/wp-content\\\/uploads\\\/business-962310-640.jpg\",\"width\":640,\"height\":480},{\"@type\":\"BreadcrumbList\",\"@id\":\"https:\\\/\\\/www.todanelo.com\\\/ca\\\/actualitat-juridica\\\/nuevos-modelos-de-presentacion-de-las-cuentas-anuales-de-2023\\\/#breadcrumb\",\"itemListElement\":[{\"@type\":\"ListItem\",\"position\":1,\"name\":\"Inicio\",\"item\":\"https:\\\/\\\/www.todanelo.com\\\/ca\\\/\"},{\"@type\":\"ListItem\",\"position\":2,\"name\":\"Actualidad jur\u00eddica\",\"item\":\"https:\\\/\\\/www.todanelo.com\\\/ca\\\/actualitat-juridica\\\/\"},{\"@type\":\"ListItem\",\"position\":3,\"name\":\"Nuevos modelos de presentaci\u00f3n de las cuentas anuales de 2023\"}]},{\"@type\":\"WebSite\",\"@id\":\"https:\\\/\\\/www.todanelo.com\\\/ca\\\/#website\",\"url\":\"https:\\\/\\\/www.todanelo.com\\\/ca\\\/\",\"name\":\"Toda &amp; Nel-lo Abogados\",\"description\":\"Despatx de jur\u00eddic a Barcelona i Madrid\",\"publisher\":{\"@id\":\"https:\\\/\\\/www.todanelo.com\\\/ca\\\/#organization\"},\"potentialAction\":[{\"@type\":\"SearchAction\",\"target\":{\"@type\":\"EntryPoint\",\"urlTemplate\":\"https:\\\/\\\/www.todanelo.com\\\/ca\\\/?s={search_term_string}\"},\"query-input\":{\"@type\":\"PropertyValueSpecification\",\"valueRequired\":true,\"valueName\":\"search_term_string\"}}],\"inLanguage\":\"ca\"},{\"@type\":\"Organization\",\"@id\":\"https:\\\/\\\/www.todanelo.com\\\/ca\\\/#organization\",\"name\":\"Toda &amp; Nel-lo Abogados\",\"url\":\"https:\\\/\\\/www.todanelo.com\\\/ca\\\/\",\"logo\":{\"@type\":\"ImageObject\",\"inLanguage\":\"ca\",\"@id\":\"https:\\\/\\\/www.todanelo.com\\\/ca\\\/#\\\/schema\\\/logo\\\/image\\\/\",\"url\":\"https:\\\/\\\/www.todanelo.com\\\/wp-content\\\/uploads\\\/logo-todanelo.png\",\"contentUrl\":\"https:\\\/\\\/www.todanelo.com\\\/wp-content\\\/uploads\\\/logo-todanelo.png\",\"width\":390,\"height\":161,\"caption\":\"Toda &amp; Nel-lo Abogados\"},\"image\":{\"@id\":\"https:\\\/\\\/www.todanelo.com\\\/ca\\\/#\\\/schema\\\/logo\\\/image\\\/\"}}]}<\/script>\n<!-- \/ Yoast SEO plugin. -->","yoast_head_json":{"title":"Nuevos modelos de presentaci\u00f3n de las cuentas anuales de 2023 - Toda &amp; Nel-lo Abogados","description":"Las cuentas anuales relativas al ejercicio 2023 deber\u00e1n ser depositadas con estos modelos, de no hacerse, se calificar\u00e1n con defectos","robots":{"index":"index","follow":"follow","max-snippet":"max-snippet:-1","max-image-preview":"max-image-preview:large","max-video-preview":"max-video-preview:-1"},"canonical":"https:\/\/www.todanelo.com\/ca\/actualitat-juridica\/nuevos-modelos-de-presentacion-de-las-cuentas-anuales-de-2023\/","og_locale":"ca_ES","og_type":"article","og_title":"Nuevos modelos de presentaci\u00f3n de las cuentas anuales de 2023 - Toda &amp; Nel-lo Abogados","og_description":"Las cuentas anuales relativas al ejercicio 2023 deber\u00e1n ser depositadas con estos modelos, de no hacerse, se calificar\u00e1n con defectos","og_url":"https:\/\/www.todanelo.com\/ca\/actualitat-juridica\/nuevos-modelos-de-presentacion-de-las-cuentas-anuales-de-2023\/","og_site_name":"Toda &amp; Nel-lo Abogados","og_image":[{"width":640,"height":480,"url":"https:\/\/www.todanelo.com\/wp-content\/uploads\/business-962310-640.jpg","type":"image\/jpeg"}],"twitter_card":"summary_large_image","twitter_misc":{"Temps estimat de lectura":"2 minuts"},"schema":{"@context":"https:\/\/schema.org","@graph":[{"@type":["WebPage","ItemPage"],"@id":"https:\/\/www.todanelo.com\/ca\/actualitat-juridica\/nuevos-modelos-de-presentacion-de-las-cuentas-anuales-de-2023\/","url":"https:\/\/www.todanelo.com\/ca\/actualitat-juridica\/nuevos-modelos-de-presentacion-de-las-cuentas-anuales-de-2023\/","name":"Nuevos modelos de presentaci\u00f3n de las cuentas anuales de 2023 - Toda &amp; Nel-lo Abogados","isPartOf":{"@id":"https:\/\/www.todanelo.com\/ca\/#website"},"primaryImageOfPage":{"@id":"https:\/\/www.todanelo.com\/ca\/actualitat-juridica\/nuevos-modelos-de-presentacion-de-las-cuentas-anuales-de-2023\/#primaryimage"},"image":{"@id":"https:\/\/www.todanelo.com\/ca\/actualitat-juridica\/nuevos-modelos-de-presentacion-de-las-cuentas-anuales-de-2023\/#primaryimage"},"thumbnailUrl":"https:\/\/www.todanelo.com\/wp-content\/uploads\/business-962310-640.jpg","datePublished":"2024-05-31T08:30:00+00:00","description":"Las cuentas anuales relativas al ejercicio 2023 deber\u00e1n ser depositadas con estos modelos, de no hacerse, se calificar\u00e1n con defectos","breadcrumb":{"@id":"https:\/\/www.todanelo.com\/ca\/actualitat-juridica\/nuevos-modelos-de-presentacion-de-las-cuentas-anuales-de-2023\/#breadcrumb"},"inLanguage":"ca","potentialAction":[{"@type":"ReadAction","target":["https:\/\/www.todanelo.com\/ca\/actualitat-juridica\/nuevos-modelos-de-presentacion-de-las-cuentas-anuales-de-2023\/"]}]},{"@type":"ImageObject","inLanguage":"ca","@id":"https:\/\/www.todanelo.com\/ca\/actualitat-juridica\/nuevos-modelos-de-presentacion-de-las-cuentas-anuales-de-2023\/#primaryimage","url":"https:\/\/www.todanelo.com\/wp-content\/uploads\/business-962310-640.jpg","contentUrl":"https:\/\/www.todanelo.com\/wp-content\/uploads\/business-962310-640.jpg","width":640,"height":480},{"@type":"BreadcrumbList","@id":"https:\/\/www.todanelo.com\/ca\/actualitat-juridica\/nuevos-modelos-de-presentacion-de-las-cuentas-anuales-de-2023\/#breadcrumb","itemListElement":[{"@type":"ListItem","position":1,"name":"Inicio","item":"https:\/\/www.todanelo.com\/ca\/"},{"@type":"ListItem","position":2,"name":"Actualidad jur\u00eddica","item":"https:\/\/www.todanelo.com\/ca\/actualitat-juridica\/"},{"@type":"ListItem","position":3,"name":"Nuevos modelos de presentaci\u00f3n de las cuentas anuales de 2023"}]},{"@type":"WebSite","@id":"https:\/\/www.todanelo.com\/ca\/#website","url":"https:\/\/www.todanelo.com\/ca\/","name":"Toda &amp; Nel-lo Abogados","description":"Despatx de jur\u00eddic a Barcelona i Madrid","publisher":{"@id":"https:\/\/www.todanelo.com\/ca\/#organization"},"potentialAction":[{"@type":"SearchAction","target":{"@type":"EntryPoint","urlTemplate":"https:\/\/www.todanelo.com\/ca\/?s={search_term_string}"},"query-input":{"@type":"PropertyValueSpecification","valueRequired":true,"valueName":"search_term_string"}}],"inLanguage":"ca"},{"@type":"Organization","@id":"https:\/\/www.todanelo.com\/ca\/#organization","name":"Toda &amp; Nel-lo Abogados","url":"https:\/\/www.todanelo.com\/ca\/","logo":{"@type":"ImageObject","inLanguage":"ca","@id":"https:\/\/www.todanelo.com\/ca\/#\/schema\/logo\/image\/","url":"https:\/\/www.todanelo.com\/wp-content\/uploads\/logo-todanelo.png","contentUrl":"https:\/\/www.todanelo.com\/wp-content\/uploads\/logo-todanelo.png","width":390,"height":161,"caption":"Toda &amp; Nel-lo Abogados"},"image":{"@id":"https:\/\/www.todanelo.com\/ca\/#\/schema\/logo\/image\/"}}]}},"_links":{"self":[{"href":"https:\/\/www.todanelo.com\/ca\/wp-json\/wp\/v2\/legal-news\/2565","targetHints":{"allow":["GET"]}}],"collection":[{"href":"https:\/\/www.todanelo.com\/ca\/wp-json\/wp\/v2\/legal-news"}],"about":[{"href":"https:\/\/www.todanelo.com\/ca\/wp-json\/wp\/v2\/types\/legal-news"}],"version-history":[{"count":0,"href":"https:\/\/www.todanelo.com\/ca\/wp-json\/wp\/v2\/legal-news\/2565\/revisions"}],"wp:featuredmedia":[{"embeddable":true,"href":"https:\/\/www.todanelo.com\/ca\/wp-json\/wp\/v2\/media\/2566"}],"wp:attachment":[{"href":"https:\/\/www.todanelo.com\/ca\/wp-json\/wp\/v2\/media?parent=2565"}],"curies":[{"name":"wp","href":"https:\/\/api.w.org\/{rel}","templated":true}]}}