{"id":483,"count":7,"description":"Els nostres clients s\u00f3n fonamentalment empreses, Administracions i entitats del sector p\u00fablic, aix\u00ed com particulars, Juntes de Compensaci\u00f3 i altres entitats col\u00b7laboradores.\r\n\r\nL'\u00c0rea d'Urbanisme assessora en mat\u00e8ria de planejament urban\u00edstic general i de tot all\u00f2 que se\u2019n deriva (plans generals, plans parcials, plans especials), d\u2019instruments de gesti\u00f3 urban\u00edstica (projectes de reparcel\u00b7laci\u00f3 i d'urbanitzaci\u00f3), de llic\u00e8ncies d'obres i d'activitats, d\u2019expedients de disciplina urban\u00edstica (ordres de restauraci\u00f3, sancions), aix\u00ed com en mat\u00e8ria ambiental.\r\n\r\nTenim una \u00e0mplia experi\u00e8ncia en la defensa dels nostres clients en recursos administratius, judicials o contenci\u00f3s-administratius relacionats amb la mat\u00e8ria urban\u00edstica i la mediambiental.\r\n\r\nA banda de molts altres aspectes, hem prestat assessorament als nostres clients en els assumptes seg\u00fcents:\r\n\r\n\u2022 La preparaci\u00f3, la redacci\u00f3 i la tramitaci\u00f3 d'instruments de planejament i de gesti\u00f3 urban\u00edstica.\r\n\r\n\u2022 La preparaci\u00f3, la negociaci\u00f3 i la formalitzaci\u00f3 de convenis urban\u00edstics, tant de planejament com de gesti\u00f3.\r\n\r\n\u2022 La constituci\u00f3 i el funcionament de Juntes de Compensaci\u00f3 i d\u2019altres entitats col\u00b7laboradores.\r\n\r\n\u2022 Expropiacions per raons urban\u00edstiques, aix\u00ed com indemnitzacions derivades d'actuacions urban\u00edstiques.\r\n\r\n\u2022 La sol\u00b7licitud i la tramitaci\u00f3 de llic\u00e8ncies urban\u00edstiques i d\u2019autoritzacions especials per a l'execuci\u00f3 de projectes en s\u00f2l r\u00fastic, de llic\u00e8ncies d'\u00fas provisional i altres especials.\r\n\r\n\u2022 La defensa en el marc de tot tipus d'expedients administratius relacionats amb l'urbanisme (expedients d'enderrocament, cessament d'activitat, legalitzaci\u00f3 d'obres i d\u2019activitats, procediments sancionadors), aix\u00ed com d\u2019expedients sobre mat\u00e8ria mediambiental.\r\n\r\n\u2022 Recursos administratius i judicials o contenci\u00f3s-administratius relacionats amb l'urbanisme i el medi ambient.\r\n\r\n\u2022 Execuci\u00f3 de resolucions administratives o sent\u00e8ncies en mat\u00e8ria urban\u00edstica.\r\n\r\n\u2022 Redacci\u00f3 d'informes i dict\u00e0mens.","link":"https:\/\/www.todanelo.com\/ca\/arees-de-practica\/public\/urbanisme\/","name":"Urbanisme","slug":"urbanisme","taxonomy":"expertise","parent":468,"meta":[],"acf":[],"yoast_head":"<!-- This site is optimized with the Yoast SEO plugin v27.4 - https:\/\/yoast.com\/product\/yoast-seo-wordpress\/ -->\n<title>Urbanisme - Toda &amp; Nel-lo Abogados<\/title>\n<meta name=\"description\" content=\"Asesoramos y representamos en urbanismo: licencias, planificaci\u00f3n, normativa territorial y defensa frente a actuaciones urban\u00edsticas.\" \/>\n<meta name=\"robots\" content=\"index, follow, max-snippet:-1, max-image-preview:large, max-video-preview:-1\" \/>\n<link rel=\"canonical\" href=\"https:\/\/www.todanelo.com\/ca\/arees-de-practica\/public\/urbanisme\/\" \/>\n<meta property=\"og:locale\" content=\"ca_ES\" \/>\n<meta property=\"og:type\" content=\"article\" \/>\n<meta property=\"og:title\" content=\"Urbanisme - Toda &amp; Nel-lo Abogados\" \/>\n<meta property=\"og:description\" content=\"Asesoramos y representamos en urbanismo: licencias, planificaci\u00f3n, normativa territorial y defensa frente a actuaciones urban\u00edsticas.\" \/>\n<meta property=\"og:url\" content=\"https:\/\/www.todanelo.com\/ca\/arees-de-practica\/public\/urbanisme\/\" \/>\n<meta property=\"og:site_name\" content=\"Toda &amp; Nel-lo Abogados\" \/>\n<meta name=\"twitter:card\" content=\"summary_large_image\" \/>\n<script type=\"application\/ld+json\" class=\"yoast-schema-graph\">{\"@context\":\"https:\\\/\\\/schema.org\",\"@graph\":[{\"@type\":\"CollectionPage\",\"@id\":\"https:\\\/\\\/www.todanelo.com\\\/ca\\\/arees-de-practica\\\/public\\\/urbanisme\\\/\",\"url\":\"https:\\\/\\\/www.todanelo.com\\\/ca\\\/arees-de-practica\\\/public\\\/urbanisme\\\/\",\"name\":\"Urbanisme - Toda &amp; Nel-lo Abogados\",\"isPartOf\":{\"@id\":\"https:\\\/\\\/www.todanelo.com\\\/ca\\\/#website\"},\"description\":\"Asesoramos y representamos en urbanismo: licencias, planificaci\u00f3n, normativa territorial y defensa frente a actuaciones urban\u00edsticas.\",\"breadcrumb\":{\"@id\":\"https:\\\/\\\/www.todanelo.com\\\/ca\\\/arees-de-practica\\\/public\\\/urbanisme\\\/#breadcrumb\"},\"inLanguage\":\"ca\"},{\"@type\":\"BreadcrumbList\",\"@id\":\"https:\\\/\\\/www.todanelo.com\\\/ca\\\/arees-de-practica\\\/public\\\/urbanisme\\\/#breadcrumb\",\"itemListElement\":[{\"@type\":\"ListItem\",\"position\":1,\"name\":\"Inicio\",\"item\":\"https:\\\/\\\/www.todanelo.com\\\/ca\\\/\"},{\"@type\":\"ListItem\",\"position\":2,\"name\":\"P\u00fablic\",\"item\":\"https:\\\/\\\/www.todanelo.com\\\/ca\\\/arees-de-practica\\\/public\\\/\"},{\"@type\":\"ListItem\",\"position\":3,\"name\":\"Urbanisme\"}]},{\"@type\":\"WebSite\",\"@id\":\"https:\\\/\\\/www.todanelo.com\\\/ca\\\/#website\",\"url\":\"https:\\\/\\\/www.todanelo.com\\\/ca\\\/\",\"name\":\"Toda &amp; Nel-lo Abogados\",\"description\":\"Despatx de jur\u00eddic a Barcelona i Madrid\",\"publisher\":{\"@id\":\"https:\\\/\\\/www.todanelo.com\\\/ca\\\/#organization\"},\"potentialAction\":[{\"@type\":\"SearchAction\",\"target\":{\"@type\":\"EntryPoint\",\"urlTemplate\":\"https:\\\/\\\/www.todanelo.com\\\/ca\\\/?s={search_term_string}\"},\"query-input\":{\"@type\":\"PropertyValueSpecification\",\"valueRequired\":true,\"valueName\":\"search_term_string\"}}],\"inLanguage\":\"ca\"},{\"@type\":\"Organization\",\"@id\":\"https:\\\/\\\/www.todanelo.com\\\/ca\\\/#organization\",\"name\":\"Toda &amp; Nel-lo Abogados\",\"url\":\"https:\\\/\\\/www.todanelo.com\\\/ca\\\/\",\"logo\":{\"@type\":\"ImageObject\",\"inLanguage\":\"ca\",\"@id\":\"https:\\\/\\\/www.todanelo.com\\\/ca\\\/#\\\/schema\\\/logo\\\/image\\\/\",\"url\":\"https:\\\/\\\/www.todanelo.com\\\/wp-content\\\/uploads\\\/logo-todanelo.png\",\"contentUrl\":\"https:\\\/\\\/www.todanelo.com\\\/wp-content\\\/uploads\\\/logo-todanelo.png\",\"width\":390,\"height\":161,\"caption\":\"Toda &amp; Nel-lo Abogados\"},\"image\":{\"@id\":\"https:\\\/\\\/www.todanelo.com\\\/ca\\\/#\\\/schema\\\/logo\\\/image\\\/\"}}]}<\/script>\n<!-- \/ Yoast SEO plugin. -->","yoast_head_json":{"title":"Urbanisme - Toda &amp; Nel-lo Abogados","description":"Asesoramos y representamos en urbanismo: licencias, planificaci\u00f3n, normativa territorial y defensa frente a actuaciones urban\u00edsticas.","robots":{"index":"index","follow":"follow","max-snippet":"max-snippet:-1","max-image-preview":"max-image-preview:large","max-video-preview":"max-video-preview:-1"},"canonical":"https:\/\/www.todanelo.com\/ca\/arees-de-practica\/public\/urbanisme\/","og_locale":"ca_ES","og_type":"article","og_title":"Urbanisme - Toda &amp; Nel-lo Abogados","og_description":"Asesoramos y representamos en urbanismo: licencias, planificaci\u00f3n, normativa territorial y defensa frente a actuaciones urban\u00edsticas.","og_url":"https:\/\/www.todanelo.com\/ca\/arees-de-practica\/public\/urbanisme\/","og_site_name":"Toda &amp; Nel-lo Abogados","twitter_card":"summary_large_image","schema":{"@context":"https:\/\/schema.org","@graph":[{"@type":"CollectionPage","@id":"https:\/\/www.todanelo.com\/ca\/arees-de-practica\/public\/urbanisme\/","url":"https:\/\/www.todanelo.com\/ca\/arees-de-practica\/public\/urbanisme\/","name":"Urbanisme - Toda &amp; Nel-lo Abogados","isPartOf":{"@id":"https:\/\/www.todanelo.com\/ca\/#website"},"description":"Asesoramos y representamos en urbanismo: licencias, planificaci\u00f3n, normativa territorial y defensa frente a actuaciones urban\u00edsticas.","breadcrumb":{"@id":"https:\/\/www.todanelo.com\/ca\/arees-de-practica\/public\/urbanisme\/#breadcrumb"},"inLanguage":"ca"},{"@type":"BreadcrumbList","@id":"https:\/\/www.todanelo.com\/ca\/arees-de-practica\/public\/urbanisme\/#breadcrumb","itemListElement":[{"@type":"ListItem","position":1,"name":"Inicio","item":"https:\/\/www.todanelo.com\/ca\/"},{"@type":"ListItem","position":2,"name":"P\u00fablic","item":"https:\/\/www.todanelo.com\/ca\/arees-de-practica\/public\/"},{"@type":"ListItem","position":3,"name":"Urbanisme"}]},{"@type":"WebSite","@id":"https:\/\/www.todanelo.com\/ca\/#website","url":"https:\/\/www.todanelo.com\/ca\/","name":"Toda &amp; Nel-lo Abogados","description":"Despatx de jur\u00eddic a Barcelona i Madrid","publisher":{"@id":"https:\/\/www.todanelo.com\/ca\/#organization"},"potentialAction":[{"@type":"SearchAction","target":{"@type":"EntryPoint","urlTemplate":"https:\/\/www.todanelo.com\/ca\/?s={search_term_string}"},"query-input":{"@type":"PropertyValueSpecification","valueRequired":true,"valueName":"search_term_string"}}],"inLanguage":"ca"},{"@type":"Organization","@id":"https:\/\/www.todanelo.com\/ca\/#organization","name":"Toda &amp; Nel-lo Abogados","url":"https:\/\/www.todanelo.com\/ca\/","logo":{"@type":"ImageObject","inLanguage":"ca","@id":"https:\/\/www.todanelo.com\/ca\/#\/schema\/logo\/image\/","url":"https:\/\/www.todanelo.com\/wp-content\/uploads\/logo-todanelo.png","contentUrl":"https:\/\/www.todanelo.com\/wp-content\/uploads\/logo-todanelo.png","width":390,"height":161,"caption":"Toda &amp; Nel-lo Abogados"},"image":{"@id":"https:\/\/www.todanelo.com\/ca\/#\/schema\/logo\/image\/"}}]}},"_links":{"self":[{"href":"https:\/\/www.todanelo.com\/ca\/wp-json\/wp\/v2\/expertise\/483","targetHints":{"allow":["GET"]}}],"collection":[{"href":"https:\/\/www.todanelo.com\/ca\/wp-json\/wp\/v2\/expertise"}],"about":[{"href":"https:\/\/www.todanelo.com\/ca\/wp-json\/wp\/v2\/taxonomies\/expertise"}],"up":[{"embeddable":true,"href":"https:\/\/www.todanelo.com\/ca\/wp-json\/wp\/v2\/expertise\/468"}],"wp:post_type":[{"href":"https:\/\/www.todanelo.com\/ca\/wp-json\/wp\/v2\/team?expertise=483"}],"curies":[{"name":"wp","href":"https:\/\/api.w.org\/{rel}","templated":true}]}}